{"id":8371,"date":"2017-03-20T20:54:03","date_gmt":"2017-03-20T18:54:03","guid":{"rendered":"http:\/\/www.remonen.fi\/?p=8371"},"modified":"2017-03-20T20:54:03","modified_gmt":"2017-03-20T18:54:03","slug":"kuvat-vaan-ei-kamerat","status":"publish","type":"post","link":"https:\/\/www.remonen.fi\/WP\/blogi\/kuvat-vaan-ei-kamerat\/","title":{"rendered":"Kuvat, vaan ei Kamerat"},"content":{"rendered":"<p>Taas pl\u00e4j\u00e4hti se aika vuodesta, ett\u00e4 matka k\u00e4vi kohden messukeskusta. Koska olen Suomen valokuvauskenen ehk\u00e4 kovin ja lupaavin viel\u00e4 l\u00f6yt\u00e4mist\u00e4 odottava valokuvaaja, olin saanut tilaisuuteen my\u00f6s ns. virallisen kutsun. Joka tarkoitti siis helikopterikuljetusta ja vapaata sis\u00e4\u00e4np\u00e4\u00e4sy\u00e4 ammattilaisaikana. No, helikopterikuljetus suoritettiin t\u00e4ll\u00e4(kin) kertaa simuloituna, kuten Intin sotaharjoituksissa joskus A.D. 1988 tjsp. Olimme sissej\u00e4 ja meid\u00e4t oli sijoitettu &#8221;vihollisen&#8221; linjojen taakse. Harjoituksen p\u00e4\u00e4tytty\u00e4 meid\u00e4t piti noutaa sielt\u00e4 helikopterilla. Kunnes meille kerrottiin, ett\u00e4 helikopterikuljetus suoritetaan simuloituna ja marssimme sielt\u00e4 mets\u00e4st\u00e4 sen 20 kilometri\u00e4&#8230; oh well.<\/p>\n<p><a href=\"http:\/\/www.remonen.fi\/WP\/wp-content\/uploads\/2017\/03\/kuvat_ei_kamerat-2.jpg\"><img loading=\"lazy\" decoding=\"async\" class=\"aligncenter wp-image-8380\" title=\"Aperture: &#402;\/5.6 | Camera: ILCE-6000 | Taken: 17 maaliskuun, 2017 | Copyright: (c) Matti Remonen | Exposure bias: +7\/10EV | Flash fired: no | Focal length: 24mm | ISO: 1600 | Shutter speed: 1\/60s | \" src=\"http:\/\/www.remonen.fi\/WP\/wp-content\/uploads\/2017\/03\/kuvat_ei_kamerat-2.jpg\" alt=\"Kuva&amp;Kamera\" width=\"586\" height=\"880\" srcset=\"https:\/\/www.remonen.fi\/WP\/wp-content\/uploads\/2017\/03\/kuvat_ei_kamerat-2.jpg 853w, https:\/\/www.remonen.fi\/WP\/wp-content\/uploads\/2017\/03\/kuvat_ei_kamerat-2-200x300.jpg 200w, https:\/\/www.remonen.fi\/WP\/wp-content\/uploads\/2017\/03\/kuvat_ei_kamerat-2-453x680.jpg 453w, https:\/\/www.remonen.fi\/WP\/wp-content\/uploads\/2017\/03\/kuvat_ei_kamerat-2-768x1152.jpg 768w, https:\/\/www.remonen.fi\/WP\/wp-content\/uploads\/2017\/03\/kuvat_ei_kamerat-2-682x1024.jpg 682w, https:\/\/www.remonen.fi\/WP\/wp-content\/uploads\/2017\/03\/kuvat_ei_kamerat-2-440x660.jpg 440w, https:\/\/www.remonen.fi\/WP\/wp-content\/uploads\/2017\/03\/kuvat_ei_kamerat-2-300x450.jpg 300w\" sizes=\"(max-width: 586px) 100vw, 586px\" \/><\/a><\/p>\n<p>Mutta siis, simuloin itseni sinne M\u00f6hk\u00f6ll\u00e4 hieman ennen ammattilaisajan p\u00e4\u00e4ttymist\u00e4 ja marssin suoraan Kuva&amp;Kamera-osastolle. Plussat ensin: paikalla oli tosi paljon valokuvia n\u00e4ytill\u00e4. Ja lukuisia hyvi\u00e4 luentoja (joihin moneenkaan en t\u00e4ll\u00e4 kertaa p\u00e4\u00e4ssyt). Sek\u00e4 paljon muita ammattikuvaajia, joiden kanssa verkostoitua. Ja sitten miinukset: kameravalmistajat loistivat poissaolollaan. Oma standi oli vain Olyll\u00e4 ja Sigmalla. Muut olivat sitten TopShotin hell\u00e4ss\u00e4 huomassa. Tai JASsin standill\u00e4. JAS n\u00e4k\u00f6j\u00e4\u00e4n oikeasti yritt\u00e4\u00e4 positioitua laitekauppana ja tehd\u00e4 irtiottoa pelk\u00e4st\u00e4 huoltoasema-statuksesta.<\/p>\n<p><a href=\"http:\/\/www.remonen.fi\/WP\/wp-content\/uploads\/2017\/03\/kuvat_ei_kamerat-1.jpg\"><img loading=\"lazy\" decoding=\"async\" class=\"aligncenter wp-image-8379\" title=\"Aperture: &#402;\/5.6 | Camera: ILCE-6000 | Taken: 17 maaliskuun, 2017 | Copyright: (c) Matti Remonen | Exposure bias: +7\/10EV | Flash fired: no | Focal length: 24mm | ISO: 320 | Shutter speed: 1\/60s | \" src=\"http:\/\/www.remonen.fi\/WP\/wp-content\/uploads\/2017\/03\/kuvat_ei_kamerat-1.jpg\" alt=\"\" width=\"586\" height=\"880\" srcset=\"https:\/\/www.remonen.fi\/WP\/wp-content\/uploads\/2017\/03\/kuvat_ei_kamerat-1.jpg 853w, https:\/\/www.remonen.fi\/WP\/wp-content\/uploads\/2017\/03\/kuvat_ei_kamerat-1-200x300.jpg 200w, https:\/\/www.remonen.fi\/WP\/wp-content\/uploads\/2017\/03\/kuvat_ei_kamerat-1-453x680.jpg 453w, https:\/\/www.remonen.fi\/WP\/wp-content\/uploads\/2017\/03\/kuvat_ei_kamerat-1-768x1152.jpg 768w, https:\/\/www.remonen.fi\/WP\/wp-content\/uploads\/2017\/03\/kuvat_ei_kamerat-1-682x1024.jpg 682w, https:\/\/www.remonen.fi\/WP\/wp-content\/uploads\/2017\/03\/kuvat_ei_kamerat-1-440x660.jpg 440w, https:\/\/www.remonen.fi\/WP\/wp-content\/uploads\/2017\/03\/kuvat_ei_kamerat-1-300x450.jpg 300w\" sizes=\"(max-width: 586px) 100vw, 586px\" \/><\/a><\/p>\n<p>Olin kyll\u00e4 hieman pettynyt Suurten poissaoloon. Johtuuko se siit\u00e4, ettei CaNikonilla ollut mit\u00e4\u00e4n esitelt\u00e4v\u00e4\u00e4 vai siit\u00e4, etteiv\u00e4t katso t\u00e4t\u00e4 tilaisuutta tuhlatun rahan arvoiseksi. En tied\u00e4, mutta aika surullista. Viime vuonna ainakin Nikonilla oli viel\u00e4 oma standi. Jaa olihan Leicalla jotain, mutta ei kuulu ns. kiinnostuksen alueeseen.<\/p>\n<p><a href=\"http:\/\/www.remonen.fi\/WP\/wp-content\/uploads\/2017\/03\/kuvat_ei_kamerat-4.jpg\"><img loading=\"lazy\" decoding=\"async\" class=\"aligncenter wp-image-8372\" title=\"Aperture: &#402;\/5.6 | Camera: ILCE-6000 | Taken: 17 maaliskuun, 2017 | Copyright: (c) Matti Remonen | Exposure bias: +7\/10EV | Flash fired: no | Focal length: 24mm | ISO: 1000 | Shutter speed: 1\/60s | \" src=\"http:\/\/www.remonen.fi\/WP\/wp-content\/uploads\/2017\/03\/kuvat_ei_kamerat-4.jpg\" alt=\"\" width=\"586\" height=\"880\" srcset=\"https:\/\/www.remonen.fi\/WP\/wp-content\/uploads\/2017\/03\/kuvat_ei_kamerat-4.jpg 853w, https:\/\/www.remonen.fi\/WP\/wp-content\/uploads\/2017\/03\/kuvat_ei_kamerat-4-200x300.jpg 200w, https:\/\/www.remonen.fi\/WP\/wp-content\/uploads\/2017\/03\/kuvat_ei_kamerat-4-453x680.jpg 453w, https:\/\/www.remonen.fi\/WP\/wp-content\/uploads\/2017\/03\/kuvat_ei_kamerat-4-768x1152.jpg 768w, https:\/\/www.remonen.fi\/WP\/wp-content\/uploads\/2017\/03\/kuvat_ei_kamerat-4-682x1024.jpg 682w, https:\/\/www.remonen.fi\/WP\/wp-content\/uploads\/2017\/03\/kuvat_ei_kamerat-4-440x660.jpg 440w, https:\/\/www.remonen.fi\/WP\/wp-content\/uploads\/2017\/03\/kuvat_ei_kamerat-4-300x450.jpg 300w\" sizes=\"(max-width: 586px) 100vw, 586px\" \/><\/a><\/p>\n<p>Mut joo, valokuvan\u00e4yttelyj\u00e4 oli laidasta laitaan. Ja Konsta Punkka. Ja Tiina Puputti.<\/p>\n<p><a href=\"http:\/\/www.remonen.fi\/WP\/wp-content\/uploads\/2017\/03\/kuvat_ei_kamerat-6.jpg\"><img loading=\"lazy\" decoding=\"async\" class=\"aligncenter wp-image-8374\" title=\"Aperture: &#402;\/5.6 | Camera: ILCE-6000 | Taken: 17 maaliskuun, 2017 | Copyright: (c) Matti Remonen | Exposure bias: +7\/10EV | Flash fired: no | Focal length: 24mm | ISO: 2000 | Shutter speed: 1\/60s | \" src=\"http:\/\/www.remonen.fi\/WP\/wp-content\/uploads\/2017\/03\/kuvat_ei_kamerat-6.jpg\" alt=\"\" width=\"880\" height=\"586\" srcset=\"https:\/\/www.remonen.fi\/WP\/wp-content\/uploads\/2017\/03\/kuvat_ei_kamerat-6.jpg 1280w, https:\/\/www.remonen.fi\/WP\/wp-content\/uploads\/2017\/03\/kuvat_ei_kamerat-6-300x200.jpg 300w, https:\/\/www.remonen.fi\/WP\/wp-content\/uploads\/2017\/03\/kuvat_ei_kamerat-6-680x453.jpg 680w, https:\/\/www.remonen.fi\/WP\/wp-content\/uploads\/2017\/03\/kuvat_ei_kamerat-6-768x512.jpg 768w, https:\/\/www.remonen.fi\/WP\/wp-content\/uploads\/2017\/03\/kuvat_ei_kamerat-6-1024x682.jpg 1024w, https:\/\/www.remonen.fi\/WP\/wp-content\/uploads\/2017\/03\/kuvat_ei_kamerat-6-440x293.jpg 440w, https:\/\/www.remonen.fi\/WP\/wp-content\/uploads\/2017\/03\/kuvat_ei_kamerat-6-960x640.jpg 960w\" sizes=\"(max-width: 880px) 100vw, 880px\" \/><\/a><\/p>\n<p>Eniten minuun henkil\u00f6kohtaisesti kuitenkin kolahtivat Johanna Sj\u00f6vallin hevoskuvat. Olen t\u00f6rm\u00e4nnyt niihin aiemminkin jossain ja aina ne jaksavat kiinnostaa.<\/p>\n<p><a href=\"http:\/\/www.remonen.fi\/WP\/wp-content\/uploads\/2017\/03\/kuvat_ei_kamerat-8.jpg\"><img loading=\"lazy\" decoding=\"async\" class=\"aligncenter size-full wp-image-8376\" src=\"http:\/\/www.remonen.fi\/WP\/wp-content\/uploads\/2017\/03\/kuvat_ei_kamerat-8.jpg\" alt=\"\" width=\"1280\" height=\"853\" srcset=\"https:\/\/www.remonen.fi\/WP\/wp-content\/uploads\/2017\/03\/kuvat_ei_kamerat-8.jpg 1280w, https:\/\/www.remonen.fi\/WP\/wp-content\/uploads\/2017\/03\/kuvat_ei_kamerat-8-300x200.jpg 300w, https:\/\/www.remonen.fi\/WP\/wp-content\/uploads\/2017\/03\/kuvat_ei_kamerat-8-680x453.jpg 680w, https:\/\/www.remonen.fi\/WP\/wp-content\/uploads\/2017\/03\/kuvat_ei_kamerat-8-768x512.jpg 768w, https:\/\/www.remonen.fi\/WP\/wp-content\/uploads\/2017\/03\/kuvat_ei_kamerat-8-1024x682.jpg 1024w, https:\/\/www.remonen.fi\/WP\/wp-content\/uploads\/2017\/03\/kuvat_ei_kamerat-8-440x293.jpg 440w, https:\/\/www.remonen.fi\/WP\/wp-content\/uploads\/2017\/03\/kuvat_ei_kamerat-8-960x640.jpg 960w\" sizes=\"(max-width: 1280px) 100vw, 1280px\" \/><\/a><\/p>\n<p>Sen verran laitepornoilua, ett\u00e4 k\u00e4vin katsastamassa Sigman 135\/1.8 -lasin. Hyv\u00e4lt\u00e4h\u00e4n tuo tuntui. Aika massiivinen m\u00f6tikk\u00e4, mutta niin se oli Nikonin 135\/2 DC:kin. Tuo menee kyll\u00e4 vakavasti harkintaan, kunhan sit\u00e4 alkaa saamaan vapaasti.<\/p>\n<p><a href=\"http:\/\/www.remonen.fi\/WP\/wp-content\/uploads\/2017\/03\/kuvat_ei_kamerat-1-2.jpg\"><img loading=\"lazy\" decoding=\"async\" class=\"aligncenter wp-image-8382\" title=\"Aperture: &#402;\/5.6 | Camera: ILCE-6000 | Taken: 17 maaliskuun, 2017 | Copyright: (c) Matti Remonen | Exposure bias: +7\/10EV | Flash fired: no | Focal length: 24mm | ISO: 3200 | Shutter speed: 1\/60s | \" src=\"http:\/\/www.remonen.fi\/WP\/wp-content\/uploads\/2017\/03\/kuvat_ei_kamerat-1-2.jpg\" alt=\"\" width=\"880\" height=\"586\" srcset=\"https:\/\/www.remonen.fi\/WP\/wp-content\/uploads\/2017\/03\/kuvat_ei_kamerat-1-2.jpg 1280w, https:\/\/www.remonen.fi\/WP\/wp-content\/uploads\/2017\/03\/kuvat_ei_kamerat-1-2-300x200.jpg 300w, https:\/\/www.remonen.fi\/WP\/wp-content\/uploads\/2017\/03\/kuvat_ei_kamerat-1-2-680x453.jpg 680w, https:\/\/www.remonen.fi\/WP\/wp-content\/uploads\/2017\/03\/kuvat_ei_kamerat-1-2-768x512.jpg 768w, https:\/\/www.remonen.fi\/WP\/wp-content\/uploads\/2017\/03\/kuvat_ei_kamerat-1-2-1024x682.jpg 1024w, https:\/\/www.remonen.fi\/WP\/wp-content\/uploads\/2017\/03\/kuvat_ei_kamerat-1-2-440x293.jpg 440w, https:\/\/www.remonen.fi\/WP\/wp-content\/uploads\/2017\/03\/kuvat_ei_kamerat-1-2-960x640.jpg 960w\" sizes=\"(max-width: 880px) 100vw, 880px\" \/><\/a><\/p>\n<p>Muuten sitten alakerrassa oli normihulina. Olit py\u00f6r\u00e4ily\u00e4 ja golfia ja pujehdusta ja kalastusta ja matkailuautoilua ja sit\u00e4 ja t\u00e4t\u00e4 ja tota. Ja porukkaa oli aika kivasti, vaikka oli arkip\u00e4iv\u00e4. Eritoten golf-osastot olivat tupaten t\u00e4ynn\u00e4 joutilasta v\u00e4ke\u00e4. Mutta se taitaa golfin p\u00e4\u00e4asiallinen kohderyhm\u00e4 ollakin.<\/p>\n<p><div id=\"attachment_8383\" style=\"width: 890px\" class=\"wp-caption aligncenter\"><a href=\"http:\/\/www.remonen.fi\/WP\/wp-content\/uploads\/2017\/03\/kuvat_ei_kamerat-3-2.jpg\"><img loading=\"lazy\" decoding=\"async\" aria-describedby=\"caption-attachment-8383\" class=\"wp-image-8383\" title=\"Aperture: &#402;\/5.6 | Camera: ILCE-6000 | Taken: 17 maaliskuun, 2017 | Copyright: (c) Matti Remonen | Exposure bias: +7\/10EV | Flash fired: no | Focal length: 24mm | ISO: 2500 | Shutter speed: 1\/60s | \" src=\"http:\/\/www.remonen.fi\/WP\/wp-content\/uploads\/2017\/03\/kuvat_ei_kamerat-3-2.jpg\" alt=\"\" width=\"880\" height=\"586\" srcset=\"https:\/\/www.remonen.fi\/WP\/wp-content\/uploads\/2017\/03\/kuvat_ei_kamerat-3-2.jpg 1280w, https:\/\/www.remonen.fi\/WP\/wp-content\/uploads\/2017\/03\/kuvat_ei_kamerat-3-2-300x200.jpg 300w, https:\/\/www.remonen.fi\/WP\/wp-content\/uploads\/2017\/03\/kuvat_ei_kamerat-3-2-680x453.jpg 680w, https:\/\/www.remonen.fi\/WP\/wp-content\/uploads\/2017\/03\/kuvat_ei_kamerat-3-2-768x512.jpg 768w, https:\/\/www.remonen.fi\/WP\/wp-content\/uploads\/2017\/03\/kuvat_ei_kamerat-3-2-1024x682.jpg 1024w, https:\/\/www.remonen.fi\/WP\/wp-content\/uploads\/2017\/03\/kuvat_ei_kamerat-3-2-440x293.jpg 440w, https:\/\/www.remonen.fi\/WP\/wp-content\/uploads\/2017\/03\/kuvat_ei_kamerat-3-2-960x640.jpg 960w\" sizes=\"(max-width: 880px) 100vw, 880px\" \/><\/a><p id=\"caption-attachment-8383\" class=\"wp-caption-text\">Retu Kivisen kahvakuulat<\/p><\/div>Ilolla totesin my\u00f6s, ett\u00e4 simuloidun helikopterin avaimilla p\u00e4\u00e4si vippi-osastolle skumppaa h\u00f6rppim\u00e4\u00e4n. Johtuen Finavian nihke\u00e4st\u00e4 k\u00e4nnipolitiikasta, otin vain alkoholitonta versiota. Mutta kun ilman sai. Samalla k\u00e4vin koeistumassa uuden Q5:n, mutta se ei kyll\u00e4 aiheuttanut mit\u00e4\u00e4n omistamisen halua. Ja toisekseen, jos auto tehd\u00e4\u00e4n Meksikossa, oletan hintojen olevan pesetoissa. Ett\u00e4 siin\u00e4 tapauksessa hinta\/laatuvaikutelma on v\u00e4hint\u00e4\u00e4n tyydytt\u00e4v\u00e4. Mutta etuvetoinen meksikaani euroilla. Not.<\/p>\n<p><a href=\"http:\/\/www.remonen.fi\/WP\/wp-content\/uploads\/2017\/03\/kuvat_ei_kamerat-2-2.jpg\"><img loading=\"lazy\" decoding=\"async\" class=\"aligncenter wp-image-8384\" title=\"Aperture: &#402;\/5.6 | Camera: ILCE-6000 | Taken: 17 maaliskuun, 2017 | Copyright: (c) Matti Remonen | Exposure bias: +7\/10EV | Flash fired: no | Focal length: 24mm | ISO: 1250 | Shutter speed: 1\/60s | \" src=\"http:\/\/www.remonen.fi\/WP\/wp-content\/uploads\/2017\/03\/kuvat_ei_kamerat-2-2.jpg\" alt=\"\" width=\"880\" height=\"586\" srcset=\"https:\/\/www.remonen.fi\/WP\/wp-content\/uploads\/2017\/03\/kuvat_ei_kamerat-2-2.jpg 1280w, https:\/\/www.remonen.fi\/WP\/wp-content\/uploads\/2017\/03\/kuvat_ei_kamerat-2-2-300x200.jpg 300w, https:\/\/www.remonen.fi\/WP\/wp-content\/uploads\/2017\/03\/kuvat_ei_kamerat-2-2-680x453.jpg 680w, https:\/\/www.remonen.fi\/WP\/wp-content\/uploads\/2017\/03\/kuvat_ei_kamerat-2-2-768x512.jpg 768w, https:\/\/www.remonen.fi\/WP\/wp-content\/uploads\/2017\/03\/kuvat_ei_kamerat-2-2-1024x682.jpg 1024w, https:\/\/www.remonen.fi\/WP\/wp-content\/uploads\/2017\/03\/kuvat_ei_kamerat-2-2-440x293.jpg 440w, https:\/\/www.remonen.fi\/WP\/wp-content\/uploads\/2017\/03\/kuvat_ei_kamerat-2-2-960x640.jpg 960w\" sizes=\"(max-width: 880px) 100vw, 880px\" \/><\/a><\/p>\n<p>Ja n\u00e4in oli taas saatu puolikas ty\u00f6p\u00e4iv\u00e4 tuhlattua. Piti sitten illalla tehd\u00e4 v\u00e4h\u00e4n takaisin, ettei kansantalous sakkaa totaalisti. Ensi vuonna kyll\u00e4 varaan tuonne kunnolla aikaa ja k\u00e4yn enemm\u00e4n noilla valokuvapuolen luennoilla. Nyt oli v\u00e4h\u00e4n heikkoa, kun aikaa ei ollut kuin perjantain puolen p\u00e4iv\u00e4n maissa pari tuntia.<\/p>\n<p><a href=\"http:\/\/www.remonen.fi\/WP\/wp-content\/uploads\/2017\/03\/kuvat_ei_kamerat-10.jpg\"><img loading=\"lazy\" decoding=\"async\" class=\"aligncenter wp-image-8373\" title=\"Aperture: &#402;\/3.2 | Camera: ILCE-6000 | Taken: 17 maaliskuun, 2017 | Copyright: (c) Matti Remonen | Exposure bias: +7\/10EV | Flash fired: no | Focal length: 24mm | ISO: 320 | Shutter speed: 1\/60s | \" src=\"http:\/\/www.remonen.fi\/WP\/wp-content\/uploads\/2017\/03\/kuvat_ei_kamerat-10.jpg\" alt=\"\" width=\"586\" height=\"880\" srcset=\"https:\/\/www.remonen.fi\/WP\/wp-content\/uploads\/2017\/03\/kuvat_ei_kamerat-10.jpg 853w, https:\/\/www.remonen.fi\/WP\/wp-content\/uploads\/2017\/03\/kuvat_ei_kamerat-10-200x300.jpg 200w, https:\/\/www.remonen.fi\/WP\/wp-content\/uploads\/2017\/03\/kuvat_ei_kamerat-10-453x680.jpg 453w, https:\/\/www.remonen.fi\/WP\/wp-content\/uploads\/2017\/03\/kuvat_ei_kamerat-10-768x1152.jpg 768w, https:\/\/www.remonen.fi\/WP\/wp-content\/uploads\/2017\/03\/kuvat_ei_kamerat-10-682x1024.jpg 682w, https:\/\/www.remonen.fi\/WP\/wp-content\/uploads\/2017\/03\/kuvat_ei_kamerat-10-440x660.jpg 440w, https:\/\/www.remonen.fi\/WP\/wp-content\/uploads\/2017\/03\/kuvat_ei_kamerat-10-300x450.jpg 300w\" sizes=\"(max-width: 586px) 100vw, 586px\" \/><\/a><\/p>\n<p>Messuilla kukuili Sony a6000 + Sony Zeiss 24f18z<\/p>\n","protected":false},"excerpt":{"rendered":"<p>Taas pl\u00e4j\u00e4hti se aika vuodesta, ett\u00e4 matka k\u00e4vi kohden messukeskusta. Koska olen Suomen valokuvauskenen ehk\u00e4 kovin ja lupaavin viel\u00e4 l\u00f6yt\u00e4mist\u00e4 odottava valokuvaaja, olin saanut tilaisuuteen my\u00f6s ns. virallisen kutsun. Joka tarkoitti siis helikopterikuljetusta ja vapaata sis\u00e4\u00e4np\u00e4\u00e4sy\u00e4 ammattilaisaikana. No, helikopterikuljetus suoritettiin t\u00e4ll\u00e4(kin) kertaa simuloituna, kuten Intin sotaharjoituksissa joskus A.D. 1988 tjsp. Olimme sissej\u00e4 ja meid\u00e4t oli [&hellip;]<\/p>\n","protected":false},"author":2,"featured_media":8381,"comment_status":"open","ping_status":"closed","sticky":false,"template":"","format":"standard","meta":{"footnotes":""},"categories":[16],"tags":[58],"yoast_head":"<!-- This site is optimized with the Yoast SEO plugin v24.5 - https:\/\/yoast.com\/wordpress\/plugins\/seo\/ -->\n<title>Kuvat, vaan ei Kamerat &#187; remonen.fi<\/title>\n<meta name=\"description\" content=\"Kuva&amp;Kamera -messut messukeskuksessa. Kuvia oli, mutta eip\u00e4 juuri kameroita. Tulipahan nyt taas k\u00e4yty\u00e4, kun ilman p\u00e4\u00e4si.\" \/>\n<meta name=\"robots\" content=\"index, follow, max-snippet:-1, max-image-preview:large, max-video-preview:-1\" \/>\n<link rel=\"canonical\" href=\"https:\/\/www.remonen.fi\/WP\/blogi\/kuvat-vaan-ei-kamerat\/\" \/>\n<meta property=\"og:locale\" content=\"fi_FI\" \/>\n<meta property=\"og:type\" content=\"article\" \/>\n<meta property=\"og:title\" content=\"Kuvat, vaan ei Kamerat &#187; remonen.fi\" \/>\n<meta property=\"og:description\" content=\"Kuva&amp;Kamera -messut messukeskuksessa. Kuvia oli, mutta eip\u00e4 juuri kameroita. Tulipahan nyt taas k\u00e4yty\u00e4, kun ilman p\u00e4\u00e4si.\" \/>\n<meta property=\"og:url\" content=\"https:\/\/www.remonen.fi\/WP\/blogi\/kuvat-vaan-ei-kamerat\/\" \/>\n<meta property=\"og:site_name\" content=\"remonen.fi\" \/>\n<meta property=\"article:published_time\" content=\"2017-03-20T18:54:03+00:00\" \/>\n<meta property=\"og:image\" content=\"https:\/\/www.remonen.fi\/WP\/wp-content\/uploads\/2017\/03\/kuvat_ei_kamerat-3.jpg\" \/>\n\t<meta property=\"og:image:width\" content=\"1280\" \/>\n\t<meta property=\"og:image:height\" content=\"853\" \/>\n\t<meta property=\"og:image:type\" content=\"image\/jpeg\" \/>\n<meta name=\"author\" content=\"Matti Remonen\" \/>\n<meta name=\"twitter:label1\" content=\"Kirjoittanut\" \/>\n\t<meta name=\"twitter:data1\" content=\"Matti Remonen\" \/>\n\t<meta name=\"twitter:label2\" content=\"Arvioitu lukuaika\" \/>\n\t<meta name=\"twitter:data2\" content=\"2 minuuttia\" \/>\n<script type=\"application\/ld+json\" class=\"yoast-schema-graph\">{\"@context\":\"https:\/\/schema.org\",\"@graph\":[{\"@type\":\"Article\",\"@id\":\"https:\/\/www.remonen.fi\/WP\/blogi\/kuvat-vaan-ei-kamerat\/#article\",\"isPartOf\":{\"@id\":\"https:\/\/www.remonen.fi\/WP\/blogi\/kuvat-vaan-ei-kamerat\/\"},\"author\":{\"name\":\"Matti Remonen\",\"@id\":\"https:\/\/www.remonen.fi\/WP\/#\/schema\/person\/1803c23d1d4f6722054eb2ac7f7a97cd\"},\"headline\":\"Kuvat, vaan ei Kamerat\",\"datePublished\":\"2017-03-20T18:54:03+00:00\",\"mainEntityOfPage\":{\"@id\":\"https:\/\/www.remonen.fi\/WP\/blogi\/kuvat-vaan-ei-kamerat\/\"},\"wordCount\":502,\"commentCount\":4,\"publisher\":{\"@id\":\"https:\/\/www.remonen.fi\/WP\/#\/schema\/person\/1803c23d1d4f6722054eb2ac7f7a97cd\"},\"image\":{\"@id\":\"https:\/\/www.remonen.fi\/WP\/blogi\/kuvat-vaan-ei-kamerat\/#primaryimage\"},\"thumbnailUrl\":\"https:\/\/www.remonen.fi\/WP\/wp-content\/uploads\/2017\/03\/kuvat_ei_kamerat-3.jpg\",\"keywords\":[\"Kuva&amp;Kamera\"],\"articleSection\":[\"Blog\"],\"inLanguage\":\"fi\",\"potentialAction\":[{\"@type\":\"CommentAction\",\"name\":\"Comment\",\"target\":[\"https:\/\/www.remonen.fi\/WP\/blogi\/kuvat-vaan-ei-kamerat\/#respond\"]}]},{\"@type\":\"WebPage\",\"@id\":\"https:\/\/www.remonen.fi\/WP\/blogi\/kuvat-vaan-ei-kamerat\/\",\"url\":\"https:\/\/www.remonen.fi\/WP\/blogi\/kuvat-vaan-ei-kamerat\/\",\"name\":\"Kuvat, vaan ei Kamerat &#187; remonen.fi\",\"isPartOf\":{\"@id\":\"https:\/\/www.remonen.fi\/WP\/#website\"},\"primaryImageOfPage\":{\"@id\":\"https:\/\/www.remonen.fi\/WP\/blogi\/kuvat-vaan-ei-kamerat\/#primaryimage\"},\"image\":{\"@id\":\"https:\/\/www.remonen.fi\/WP\/blogi\/kuvat-vaan-ei-kamerat\/#primaryimage\"},\"thumbnailUrl\":\"https:\/\/www.remonen.fi\/WP\/wp-content\/uploads\/2017\/03\/kuvat_ei_kamerat-3.jpg\",\"datePublished\":\"2017-03-20T18:54:03+00:00\",\"description\":\"Kuva&Kamera -messut messukeskuksessa. Kuvia oli, mutta eip\u00e4 juuri kameroita. Tulipahan nyt taas k\u00e4yty\u00e4, kun ilman p\u00e4\u00e4si.\",\"breadcrumb\":{\"@id\":\"https:\/\/www.remonen.fi\/WP\/blogi\/kuvat-vaan-ei-kamerat\/#breadcrumb\"},\"inLanguage\":\"fi\",\"potentialAction\":[{\"@type\":\"ReadAction\",\"target\":[\"https:\/\/www.remonen.fi\/WP\/blogi\/kuvat-vaan-ei-kamerat\/\"]}]},{\"@type\":\"ImageObject\",\"inLanguage\":\"fi\",\"@id\":\"https:\/\/www.remonen.fi\/WP\/blogi\/kuvat-vaan-ei-kamerat\/#primaryimage\",\"url\":\"https:\/\/www.remonen.fi\/WP\/wp-content\/uploads\/2017\/03\/kuvat_ei_kamerat-3.jpg\",\"contentUrl\":\"https:\/\/www.remonen.fi\/WP\/wp-content\/uploads\/2017\/03\/kuvat_ei_kamerat-3.jpg\",\"width\":1280,\"height\":853},{\"@type\":\"BreadcrumbList\",\"@id\":\"https:\/\/www.remonen.fi\/WP\/blogi\/kuvat-vaan-ei-kamerat\/#breadcrumb\",\"itemListElement\":[{\"@type\":\"ListItem\",\"position\":1,\"name\":\"Etusivu\",\"item\":\"https:\/\/www.remonen.fi\/WP\/\"},{\"@type\":\"ListItem\",\"position\":2,\"name\":\"Kuvat, vaan ei Kamerat\"}]},{\"@type\":\"WebSite\",\"@id\":\"https:\/\/www.remonen.fi\/WP\/#website\",\"url\":\"https:\/\/www.remonen.fi\/WP\/\",\"name\":\"remonen.fi\",\"description\":\"Valokuvia ja tarinaa laidasta laitaan\",\"publisher\":{\"@id\":\"https:\/\/www.remonen.fi\/WP\/#\/schema\/person\/1803c23d1d4f6722054eb2ac7f7a97cd\"},\"potentialAction\":[{\"@type\":\"SearchAction\",\"target\":{\"@type\":\"EntryPoint\",\"urlTemplate\":\"https:\/\/www.remonen.fi\/WP\/?s={search_term_string}\"},\"query-input\":{\"@type\":\"PropertyValueSpecification\",\"valueRequired\":true,\"valueName\":\"search_term_string\"}}],\"inLanguage\":\"fi\"},{\"@type\":[\"Person\",\"Organization\"],\"@id\":\"https:\/\/www.remonen.fi\/WP\/#\/schema\/person\/1803c23d1d4f6722054eb2ac7f7a97cd\",\"name\":\"Matti Remonen\",\"logo\":{\"@id\":\"https:\/\/www.remonen.fi\/WP\/#\/schema\/person\/image\/\"},\"url\":\"https:\/\/www.remonen.fi\/WP\/blogi\/author\/mre\/\"}]}<\/script>\n<!-- \/ Yoast SEO plugin. -->","yoast_head_json":{"title":"Kuvat, vaan ei Kamerat &#187; remonen.fi","description":"Kuva&Kamera -messut messukeskuksessa. Kuvia oli, mutta eip\u00e4 juuri kameroita. Tulipahan nyt taas k\u00e4yty\u00e4, kun ilman p\u00e4\u00e4si.","robots":{"index":"index","follow":"follow","max-snippet":"max-snippet:-1","max-image-preview":"max-image-preview:large","max-video-preview":"max-video-preview:-1"},"canonical":"https:\/\/www.remonen.fi\/WP\/blogi\/kuvat-vaan-ei-kamerat\/","og_locale":"fi_FI","og_type":"article","og_title":"Kuvat, vaan ei Kamerat &#187; remonen.fi","og_description":"Kuva&Kamera -messut messukeskuksessa. Kuvia oli, mutta eip\u00e4 juuri kameroita. Tulipahan nyt taas k\u00e4yty\u00e4, kun ilman p\u00e4\u00e4si.","og_url":"https:\/\/www.remonen.fi\/WP\/blogi\/kuvat-vaan-ei-kamerat\/","og_site_name":"remonen.fi","article_published_time":"2017-03-20T18:54:03+00:00","og_image":[{"width":1280,"height":853,"url":"https:\/\/www.remonen.fi\/WP\/wp-content\/uploads\/2017\/03\/kuvat_ei_kamerat-3.jpg","type":"image\/jpeg"}],"author":"Matti Remonen","twitter_misc":{"Kirjoittanut":"Matti Remonen","Arvioitu lukuaika":"2 minuuttia"},"schema":{"@context":"https:\/\/schema.org","@graph":[{"@type":"Article","@id":"https:\/\/www.remonen.fi\/WP\/blogi\/kuvat-vaan-ei-kamerat\/#article","isPartOf":{"@id":"https:\/\/www.remonen.fi\/WP\/blogi\/kuvat-vaan-ei-kamerat\/"},"author":{"name":"Matti Remonen","@id":"https:\/\/www.remonen.fi\/WP\/#\/schema\/person\/1803c23d1d4f6722054eb2ac7f7a97cd"},"headline":"Kuvat, vaan ei Kamerat","datePublished":"2017-03-20T18:54:03+00:00","mainEntityOfPage":{"@id":"https:\/\/www.remonen.fi\/WP\/blogi\/kuvat-vaan-ei-kamerat\/"},"wordCount":502,"commentCount":4,"publisher":{"@id":"https:\/\/www.remonen.fi\/WP\/#\/schema\/person\/1803c23d1d4f6722054eb2ac7f7a97cd"},"image":{"@id":"https:\/\/www.remonen.fi\/WP\/blogi\/kuvat-vaan-ei-kamerat\/#primaryimage"},"thumbnailUrl":"https:\/\/www.remonen.fi\/WP\/wp-content\/uploads\/2017\/03\/kuvat_ei_kamerat-3.jpg","keywords":["Kuva&amp;Kamera"],"articleSection":["Blog"],"inLanguage":"fi","potentialAction":[{"@type":"CommentAction","name":"Comment","target":["https:\/\/www.remonen.fi\/WP\/blogi\/kuvat-vaan-ei-kamerat\/#respond"]}]},{"@type":"WebPage","@id":"https:\/\/www.remonen.fi\/WP\/blogi\/kuvat-vaan-ei-kamerat\/","url":"https:\/\/www.remonen.fi\/WP\/blogi\/kuvat-vaan-ei-kamerat\/","name":"Kuvat, vaan ei Kamerat &#187; remonen.fi","isPartOf":{"@id":"https:\/\/www.remonen.fi\/WP\/#website"},"primaryImageOfPage":{"@id":"https:\/\/www.remonen.fi\/WP\/blogi\/kuvat-vaan-ei-kamerat\/#primaryimage"},"image":{"@id":"https:\/\/www.remonen.fi\/WP\/blogi\/kuvat-vaan-ei-kamerat\/#primaryimage"},"thumbnailUrl":"https:\/\/www.remonen.fi\/WP\/wp-content\/uploads\/2017\/03\/kuvat_ei_kamerat-3.jpg","datePublished":"2017-03-20T18:54:03+00:00","description":"Kuva&Kamera -messut messukeskuksessa. Kuvia oli, mutta eip\u00e4 juuri kameroita. Tulipahan nyt taas k\u00e4yty\u00e4, kun ilman p\u00e4\u00e4si.","breadcrumb":{"@id":"https:\/\/www.remonen.fi\/WP\/blogi\/kuvat-vaan-ei-kamerat\/#breadcrumb"},"inLanguage":"fi","potentialAction":[{"@type":"ReadAction","target":["https:\/\/www.remonen.fi\/WP\/blogi\/kuvat-vaan-ei-kamerat\/"]}]},{"@type":"ImageObject","inLanguage":"fi","@id":"https:\/\/www.remonen.fi\/WP\/blogi\/kuvat-vaan-ei-kamerat\/#primaryimage","url":"https:\/\/www.remonen.fi\/WP\/wp-content\/uploads\/2017\/03\/kuvat_ei_kamerat-3.jpg","contentUrl":"https:\/\/www.remonen.fi\/WP\/wp-content\/uploads\/2017\/03\/kuvat_ei_kamerat-3.jpg","width":1280,"height":853},{"@type":"BreadcrumbList","@id":"https:\/\/www.remonen.fi\/WP\/blogi\/kuvat-vaan-ei-kamerat\/#breadcrumb","itemListElement":[{"@type":"ListItem","position":1,"name":"Etusivu","item":"https:\/\/www.remonen.fi\/WP\/"},{"@type":"ListItem","position":2,"name":"Kuvat, vaan ei Kamerat"}]},{"@type":"WebSite","@id":"https:\/\/www.remonen.fi\/WP\/#website","url":"https:\/\/www.remonen.fi\/WP\/","name":"remonen.fi","description":"Valokuvia ja tarinaa laidasta laitaan","publisher":{"@id":"https:\/\/www.remonen.fi\/WP\/#\/schema\/person\/1803c23d1d4f6722054eb2ac7f7a97cd"},"potentialAction":[{"@type":"SearchAction","target":{"@type":"EntryPoint","urlTemplate":"https:\/\/www.remonen.fi\/WP\/?s={search_term_string}"},"query-input":{"@type":"PropertyValueSpecification","valueRequired":true,"valueName":"search_term_string"}}],"inLanguage":"fi"},{"@type":["Person","Organization"],"@id":"https:\/\/www.remonen.fi\/WP\/#\/schema\/person\/1803c23d1d4f6722054eb2ac7f7a97cd","name":"Matti Remonen","logo":{"@id":"https:\/\/www.remonen.fi\/WP\/#\/schema\/person\/image\/"},"url":"https:\/\/www.remonen.fi\/WP\/blogi\/author\/mre\/"}]}},"_links":{"self":[{"href":"https:\/\/www.remonen.fi\/WP\/wp-json\/wp\/v2\/posts\/8371"}],"collection":[{"href":"https:\/\/www.remonen.fi\/WP\/wp-json\/wp\/v2\/posts"}],"about":[{"href":"https:\/\/www.remonen.fi\/WP\/wp-json\/wp\/v2\/types\/post"}],"author":[{"embeddable":true,"href":"https:\/\/www.remonen.fi\/WP\/wp-json\/wp\/v2\/users\/2"}],"replies":[{"embeddable":true,"href":"https:\/\/www.remonen.fi\/WP\/wp-json\/wp\/v2\/comments?post=8371"}],"version-history":[{"count":0,"href":"https:\/\/www.remonen.fi\/WP\/wp-json\/wp\/v2\/posts\/8371\/revisions"}],"wp:featuredmedia":[{"embeddable":true,"href":"https:\/\/www.remonen.fi\/WP\/wp-json\/wp\/v2\/media\/8381"}],"wp:attachment":[{"href":"https:\/\/www.remonen.fi\/WP\/wp-json\/wp\/v2\/media?parent=8371"}],"wp:term":[{"taxonomy":"category","embeddable":true,"href":"https:\/\/www.remonen.fi\/WP\/wp-json\/wp\/v2\/categories?post=8371"},{"taxonomy":"post_tag","embeddable":true,"href":"https:\/\/www.remonen.fi\/WP\/wp-json\/wp\/v2\/tags?post=8371"}],"curies":[{"name":"wp","href":"https:\/\/api.w.org\/{rel}","templated":true}]}}