{"id":8566,"date":"2017-07-02T19:27:54","date_gmt":"2017-07-02T16:27:54","guid":{"rendered":"http:\/\/www.remonen.fi\/?p=8566"},"modified":"2017-07-15T20:58:40","modified_gmt":"2017-07-15T17:58:40","slug":"kyl-maaki-turuus","status":"publish","type":"post","link":"https:\/\/www.remonen.fi\/WP\/blogi\/kyl-maaki-turuus\/","title":{"rendered":"Turkkuses"},"content":{"rendered":"<p>Turun Taidemuseossa on parhaillaan menossa <a href=\"http:\/\/www.turuntaidemuseo.fi\/index.php?cat=278&amp;lang=fi&amp;mstr=2\" target=\"_blank\" rel=\"noopener\">Robert Doisneau&#8217;n n\u00e4yttely<\/a>. Tied\u00e4tteh\u00e4n Doisneaun? Rakastavaiset Pariisissa ja sillai. Loisto-otos, vaikka onkin lavastettu&#8230; tai, miten sen nyt kukin haluaa ottaa. Me joka tapauksessa otimme vinkist\u00e4 Vaarin ja l\u00e4ksimme k\u00e4ym\u00e4\u00e4n ex-p\u00e4\u00e4kaupunkiin.<\/p>\n<p><a href=\"https:\/\/www.remonen.fi\/WP\/wp-content\/uploads\/2017\/07\/turkkuses_2017-6.jpg\"><img loading=\"lazy\" decoding=\"async\" class=\"aligncenter wp-image-8574\" title=\"Taken: 30 kes\u00e4kuun, 2017 | Copyright: (c) Matti Remonen | Keywords: Maat - Kaupungit - Paikat, Suomi, Turku | \" src=\"https:\/\/www.remonen.fi\/WP\/wp-content\/uploads\/2017\/07\/turkkuses_2017-6.jpg\" alt=\"Robert Doisneau\" width=\"586\" height=\"880\" srcset=\"https:\/\/www.remonen.fi\/WP\/wp-content\/uploads\/2017\/07\/turkkuses_2017-6.jpg 853w, https:\/\/www.remonen.fi\/WP\/wp-content\/uploads\/2017\/07\/turkkuses_2017-6-200x300.jpg 200w, https:\/\/www.remonen.fi\/WP\/wp-content\/uploads\/2017\/07\/turkkuses_2017-6-453x680.jpg 453w, https:\/\/www.remonen.fi\/WP\/wp-content\/uploads\/2017\/07\/turkkuses_2017-6-768x1152.jpg 768w, https:\/\/www.remonen.fi\/WP\/wp-content\/uploads\/2017\/07\/turkkuses_2017-6-682x1024.jpg 682w, https:\/\/www.remonen.fi\/WP\/wp-content\/uploads\/2017\/07\/turkkuses_2017-6-440x660.jpg 440w, https:\/\/www.remonen.fi\/WP\/wp-content\/uploads\/2017\/07\/turkkuses_2017-6-300x450.jpg 300w\" sizes=\"(max-width: 586px) 100vw, 586px\" \/><\/a><\/p>\n<p>Puuduttavan moottoritiematkan p\u00e4\u00e4tteeksi saavuimmekin Turun keskustaan ja suuntasimme suoraan Taidemuseolle. Siell\u00e4 ei mit\u00e4\u00e4n varsinaista tungosta ollut, joten museokorttia vilauttamalla p\u00e4\u00e4simmekin suoraan sis\u00e4\u00e4n.<\/p>\n<p><a href=\"https:\/\/www.remonen.fi\/WP\/wp-content\/uploads\/2017\/07\/turkkuses_2017-1.jpg\"><img loading=\"lazy\" decoding=\"async\" class=\"aligncenter wp-image-8569\" title=\"Taken: 30 kes\u00e4kuun, 2017 | Copyright: (c) Matti Remonen | Keywords: Doisneau Turku 2017, N\u00e4yttelyt | \" src=\"https:\/\/www.remonen.fi\/WP\/wp-content\/uploads\/2017\/07\/turkkuses_2017-1.jpg\" alt=\"Robert Doisneau\" width=\"586\" height=\"880\" srcset=\"https:\/\/www.remonen.fi\/WP\/wp-content\/uploads\/2017\/07\/turkkuses_2017-1.jpg 853w, https:\/\/www.remonen.fi\/WP\/wp-content\/uploads\/2017\/07\/turkkuses_2017-1-200x300.jpg 200w, https:\/\/www.remonen.fi\/WP\/wp-content\/uploads\/2017\/07\/turkkuses_2017-1-453x680.jpg 453w, https:\/\/www.remonen.fi\/WP\/wp-content\/uploads\/2017\/07\/turkkuses_2017-1-768x1152.jpg 768w, https:\/\/www.remonen.fi\/WP\/wp-content\/uploads\/2017\/07\/turkkuses_2017-1-682x1024.jpg 682w, https:\/\/www.remonen.fi\/WP\/wp-content\/uploads\/2017\/07\/turkkuses_2017-1-440x660.jpg 440w, https:\/\/www.remonen.fi\/WP\/wp-content\/uploads\/2017\/07\/turkkuses_2017-1-300x450.jpg 300w\" sizes=\"(max-width: 586px) 100vw, 586px\" \/><\/a><\/p>\n<p>N\u00e4yttely ei mielest\u00e4ni ollut kovin hyv\u00e4, eik\u00e4 ajatuksia her\u00e4tt\u00e4v\u00e4. N\u00e4yttelyyn valitut kuvat, muutamia harvoja poikkeuksia lukuunottamatta, olivat varsin yksiulotteisia. Vaikka Doisneau oli Henri Cartier-Bressonin aikalainen ja kuuluu kuvajournalismin pioneereihin, niin itse en kyll\u00e4 nostaisi h\u00e4nt\u00e4 ehk\u00e4 ihan HC-B:n kanssa samalla jalustalle, en ainakaan t\u00e4m\u00e4n n\u00e4yttelyn perusteella. HC-B:n yksitt\u00e4ist\u00e4 kuvaa voi katsoa kolme tuntia ilman ett\u00e4 se on viel\u00e4k\u00e4\u00e4n loppuun analysoitu. Samaa syvyytt\u00e4 ei n\u00e4iss\u00e4 n\u00e4yttelykuvissa paria poikkeusta lukuunottamatta ollut.<\/p>\n<p><a href=\"https:\/\/www.remonen.fi\/WP\/wp-content\/uploads\/2017\/07\/turkkuses_2017-2.jpg\"><img loading=\"lazy\" decoding=\"async\" class=\"aligncenter wp-image-8570\" title=\"Taken: 30 kes\u00e4kuun, 2017 | Copyright: (c) Matti Remonen | Keywords: Doisneau Turku 2017, N\u00e4yttelyt | \" src=\"https:\/\/www.remonen.fi\/WP\/wp-content\/uploads\/2017\/07\/turkkuses_2017-2.jpg\" alt=\"Robert Doisneau\" width=\"880\" height=\"586\" srcset=\"https:\/\/www.remonen.fi\/WP\/wp-content\/uploads\/2017\/07\/turkkuses_2017-2.jpg 1280w, https:\/\/www.remonen.fi\/WP\/wp-content\/uploads\/2017\/07\/turkkuses_2017-2-300x200.jpg 300w, https:\/\/www.remonen.fi\/WP\/wp-content\/uploads\/2017\/07\/turkkuses_2017-2-680x453.jpg 680w, https:\/\/www.remonen.fi\/WP\/wp-content\/uploads\/2017\/07\/turkkuses_2017-2-768x512.jpg 768w, https:\/\/www.remonen.fi\/WP\/wp-content\/uploads\/2017\/07\/turkkuses_2017-2-1024x682.jpg 1024w, https:\/\/www.remonen.fi\/WP\/wp-content\/uploads\/2017\/07\/turkkuses_2017-2-440x293.jpg 440w, https:\/\/www.remonen.fi\/WP\/wp-content\/uploads\/2017\/07\/turkkuses_2017-2-960x640.jpg 960w\" sizes=\"(max-width: 880px) 100vw, 880px\" \/><\/a><\/p>\n<p><a href=\"https:\/\/www.remonen.fi\/WP\/wp-content\/uploads\/2017\/07\/turkkuses_2017-3.jpg\"><img loading=\"lazy\" decoding=\"async\" class=\"aligncenter wp-image-8571\" title=\"Taken: 30 kes\u00e4kuun, 2017 | Copyright: (c) Matti Remonen | Keywords: Doisneau Turku 2017, N\u00e4yttelyt | \" src=\"https:\/\/www.remonen.fi\/WP\/wp-content\/uploads\/2017\/07\/turkkuses_2017-3.jpg\" alt=\"Robert Doisneau\" width=\"880\" height=\"586\" srcset=\"https:\/\/www.remonen.fi\/WP\/wp-content\/uploads\/2017\/07\/turkkuses_2017-3.jpg 1280w, https:\/\/www.remonen.fi\/WP\/wp-content\/uploads\/2017\/07\/turkkuses_2017-3-300x200.jpg 300w, https:\/\/www.remonen.fi\/WP\/wp-content\/uploads\/2017\/07\/turkkuses_2017-3-680x453.jpg 680w, https:\/\/www.remonen.fi\/WP\/wp-content\/uploads\/2017\/07\/turkkuses_2017-3-768x512.jpg 768w, https:\/\/www.remonen.fi\/WP\/wp-content\/uploads\/2017\/07\/turkkuses_2017-3-1024x682.jpg 1024w, https:\/\/www.remonen.fi\/WP\/wp-content\/uploads\/2017\/07\/turkkuses_2017-3-440x293.jpg 440w, https:\/\/www.remonen.fi\/WP\/wp-content\/uploads\/2017\/07\/turkkuses_2017-3-960x640.jpg 960w\" sizes=\"(max-width: 880px) 100vw, 880px\" \/><\/a><\/p>\n<p>Tosin t\u00e4m\u00e4 ei varsinaisesti johdu Doisneaun tuotannosta, vaan enemm\u00e4n siit\u00e4 mit\u00e4 n\u00e4yttelyyn oli saatu. Minulla on Doisneaun kirja &#8221;Paris&#8221;, joka sis\u00e4lt\u00e4\u00e4 verrattomasti parempaa materiaalia, kuin mit\u00e4 nyt oli n\u00e4ytill\u00e4. Michelin-termeill\u00e4 valitettavasti t\u00e4m\u00e4 n\u00e4yttely on korkeintaan yhden t\u00e4hden.<\/p>\n<p><a href=\"https:\/\/www.remonen.fi\/WP\/wp-content\/uploads\/2017\/07\/turkkuses_2017-4.jpg\"><img loading=\"lazy\" decoding=\"async\" class=\"aligncenter wp-image-8572 size-medium\" title=\"Taken: 30 kes\u00e4kuun, 2017 | Copyright: (c) Matti Remonen | Keywords: Maat - Kaupungit - Paikat, Suomi, Turku | \" src=\"https:\/\/www.remonen.fi\/WP\/wp-content\/uploads\/2017\/07\/turkkuses_2017-4-680x680.jpg\" alt=\"Akseli Gallen-Kallela\" width=\"680\" height=\"680\" srcset=\"https:\/\/www.remonen.fi\/WP\/wp-content\/uploads\/2017\/07\/turkkuses_2017-4-680x680.jpg 680w, https:\/\/www.remonen.fi\/WP\/wp-content\/uploads\/2017\/07\/turkkuses_2017-4-300x300.jpg 300w, https:\/\/www.remonen.fi\/WP\/wp-content\/uploads\/2017\/07\/turkkuses_2017-4-768x768.jpg 768w, https:\/\/www.remonen.fi\/WP\/wp-content\/uploads\/2017\/07\/turkkuses_2017-4-1024x1024.jpg 1024w, https:\/\/www.remonen.fi\/WP\/wp-content\/uploads\/2017\/07\/turkkuses_2017-4-440x440.jpg 440w, https:\/\/www.remonen.fi\/WP\/wp-content\/uploads\/2017\/07\/turkkuses_2017-4-960x960.jpg 960w, https:\/\/www.remonen.fi\/WP\/wp-content\/uploads\/2017\/07\/turkkuses_2017-4-109x109.jpg 109w, https:\/\/www.remonen.fi\/WP\/wp-content\/uploads\/2017\/07\/turkkuses_2017-4-100x100.jpg 100w, https:\/\/www.remonen.fi\/WP\/wp-content\/uploads\/2017\/07\/turkkuses_2017-4.jpg 1280w\" sizes=\"(max-width: 680px) 100vw, 680px\" \/><\/a><\/p>\n<p>Sen sijaan samaan aikaan Turun Taidemuseossa on n\u00e4yttely <a href=\"http:\/\/www.turuntaidemuseo.fi\/toteutuneita_unelmia\/\" target=\"_blank\" rel=\"noopener\">&#8221;Toteutuneita unelmia ja toteutumattomia&#8221;<\/a>, jossa esitell\u00e4\u00e4n museon ensimm\u00e4isen intendentin, Viktor Westerhomin aikana hankittuja ja saatuja teoksia. Se on ehdottomasti k\u00e4ymisen arvoinen, siell\u00e4 on n\u00e4ytill\u00e4 niin Gallen-Kallelaa, Halosta, Schjerfbecki\u00e4 kuin Rissasta. Kolme t\u00e4hte\u00e4. Jos ei Turkuun jaksa l\u00e4hte\u00e4, niin Ateneumissa on my\u00f6s t\u00e4ll\u00e4 hetkell\u00e4 n\u00e4ytill\u00e4 samaa kamaa. Muun muassa Gallen-Kallelan Aino-triptyyki. Jo se on itsess\u00e4\u00e4n oman reissun v\u00e4\u00e4rti.<\/p>\n<p><a href=\"https:\/\/www.remonen.fi\/WP\/wp-content\/uploads\/2017\/07\/turkkuses_2017-5.jpg\"><img loading=\"lazy\" decoding=\"async\" class=\"aligncenter wp-image-8573\" title=\"Taken: 30 kes\u00e4kuun, 2017 | Copyright: (c) Matti Remonen | Keywords: Maat - Kaupungit - Paikat, Suomi, Turku | \" src=\"https:\/\/www.remonen.fi\/WP\/wp-content\/uploads\/2017\/07\/turkkuses_2017-5.jpg\" alt=\"Turun Taidemuseo\" width=\"586\" height=\"880\" srcset=\"https:\/\/www.remonen.fi\/WP\/wp-content\/uploads\/2017\/07\/turkkuses_2017-5.jpg 853w, https:\/\/www.remonen.fi\/WP\/wp-content\/uploads\/2017\/07\/turkkuses_2017-5-200x300.jpg 200w, https:\/\/www.remonen.fi\/WP\/wp-content\/uploads\/2017\/07\/turkkuses_2017-5-453x680.jpg 453w, https:\/\/www.remonen.fi\/WP\/wp-content\/uploads\/2017\/07\/turkkuses_2017-5-768x1152.jpg 768w, https:\/\/www.remonen.fi\/WP\/wp-content\/uploads\/2017\/07\/turkkuses_2017-5-682x1024.jpg 682w, https:\/\/www.remonen.fi\/WP\/wp-content\/uploads\/2017\/07\/turkkuses_2017-5-440x660.jpg 440w, https:\/\/www.remonen.fi\/WP\/wp-content\/uploads\/2017\/07\/turkkuses_2017-5-300x450.jpg 300w\" sizes=\"(max-width: 586px) 100vw, 586px\" \/><\/a><\/p>\n<p>Ja kun Turkkuses oltiin, niin mentiin sitten joen rannalle katsomaan, ett\u00e4 mit\u00e4s muuta. Ja kas, Turussa olikin meneill\u00e4\u00e4n <a href=\"http:\/\/keskiaikaisetmarkkinat.fi\/\" target=\"_blank\" rel=\"noopener\">keskiaikamarkkinat<\/a>. Osa teltoista oli tietysti sit\u00e4 samaa markkina-shaibaa kuin mit\u00e4 l\u00f6yt\u00e4\u00e4 joka bileist\u00e4, mutta sen lis\u00e4ksi oli erillinen alue rajattuna enemm\u00e4n teemaan sopiville kojuille ja tavaroille. Myyj\u00e4t olivat my\u00f6s pukeutuneet teeman mukaisesti, joten t\u00e4m\u00e4 oli varsin mukava yll\u00e4tys.<\/p>\n<p><a href=\"https:\/\/www.remonen.fi\/WP\/wp-content\/uploads\/2017\/07\/turkkuses_2017-7.jpg\"><img loading=\"lazy\" decoding=\"async\" class=\"aligncenter wp-image-8575\" title=\"Taken: 30 kes\u00e4kuun, 2017 | Copyright: (c) Matti Remonen | Keywords: Maat - Kaupungit - Paikat, Suomi, Turku | \" src=\"https:\/\/www.remonen.fi\/WP\/wp-content\/uploads\/2017\/07\/turkkuses_2017-7.jpg\" alt=\"Turun Keskiaikamarkkinat\" width=\"586\" height=\"880\" srcset=\"https:\/\/www.remonen.fi\/WP\/wp-content\/uploads\/2017\/07\/turkkuses_2017-7.jpg 853w, https:\/\/www.remonen.fi\/WP\/wp-content\/uploads\/2017\/07\/turkkuses_2017-7-200x300.jpg 200w, https:\/\/www.remonen.fi\/WP\/wp-content\/uploads\/2017\/07\/turkkuses_2017-7-453x680.jpg 453w, https:\/\/www.remonen.fi\/WP\/wp-content\/uploads\/2017\/07\/turkkuses_2017-7-768x1152.jpg 768w, https:\/\/www.remonen.fi\/WP\/wp-content\/uploads\/2017\/07\/turkkuses_2017-7-682x1024.jpg 682w, https:\/\/www.remonen.fi\/WP\/wp-content\/uploads\/2017\/07\/turkkuses_2017-7-440x660.jpg 440w, https:\/\/www.remonen.fi\/WP\/wp-content\/uploads\/2017\/07\/turkkuses_2017-7-300x450.jpg 300w\" sizes=\"(max-width: 586px) 100vw, 586px\" \/><\/a><\/p>\n<p><a href=\"https:\/\/www.remonen.fi\/WP\/wp-content\/uploads\/2017\/07\/turkkuses_2017-8.jpg\"><img loading=\"lazy\" decoding=\"async\" class=\"aligncenter wp-image-8576\" title=\"Taken: 30 kes\u00e4kuun, 2017 | Copyright: (c) Matti Remonen | Keywords: Maat - Kaupungit - Paikat, Suomi, Turku | \" src=\"https:\/\/www.remonen.fi\/WP\/wp-content\/uploads\/2017\/07\/turkkuses_2017-8.jpg\" alt=\"Turun Keskiaikamarkkinat\" width=\"586\" height=\"880\" srcset=\"https:\/\/www.remonen.fi\/WP\/wp-content\/uploads\/2017\/07\/turkkuses_2017-8.jpg 853w, https:\/\/www.remonen.fi\/WP\/wp-content\/uploads\/2017\/07\/turkkuses_2017-8-200x300.jpg 200w, https:\/\/www.remonen.fi\/WP\/wp-content\/uploads\/2017\/07\/turkkuses_2017-8-453x680.jpg 453w, https:\/\/www.remonen.fi\/WP\/wp-content\/uploads\/2017\/07\/turkkuses_2017-8-768x1152.jpg 768w, https:\/\/www.remonen.fi\/WP\/wp-content\/uploads\/2017\/07\/turkkuses_2017-8-682x1024.jpg 682w, https:\/\/www.remonen.fi\/WP\/wp-content\/uploads\/2017\/07\/turkkuses_2017-8-440x660.jpg 440w, https:\/\/www.remonen.fi\/WP\/wp-content\/uploads\/2017\/07\/turkkuses_2017-8-300x450.jpg 300w\" sizes=\"(max-width: 586px) 100vw, 586px\" \/><\/a><\/p>\n<p><a href=\"https:\/\/www.remonen.fi\/WP\/wp-content\/uploads\/2017\/07\/turkkuses_2017-9.jpg\"><img loading=\"lazy\" decoding=\"async\" class=\"aligncenter wp-image-8577\" title=\"Taken: 30 kes\u00e4kuun, 2017 | Copyright: (c) Matti Remonen | Keywords: Maat - Kaupungit - Paikat, Suomi, Turku | \" src=\"https:\/\/www.remonen.fi\/WP\/wp-content\/uploads\/2017\/07\/turkkuses_2017-9.jpg\" alt=\"Turun Keskiaikamarkkinat\" width=\"880\" height=\"586\" srcset=\"https:\/\/www.remonen.fi\/WP\/wp-content\/uploads\/2017\/07\/turkkuses_2017-9.jpg 1280w, https:\/\/www.remonen.fi\/WP\/wp-content\/uploads\/2017\/07\/turkkuses_2017-9-300x200.jpg 300w, https:\/\/www.remonen.fi\/WP\/wp-content\/uploads\/2017\/07\/turkkuses_2017-9-680x453.jpg 680w, https:\/\/www.remonen.fi\/WP\/wp-content\/uploads\/2017\/07\/turkkuses_2017-9-768x512.jpg 768w, https:\/\/www.remonen.fi\/WP\/wp-content\/uploads\/2017\/07\/turkkuses_2017-9-1024x682.jpg 1024w, https:\/\/www.remonen.fi\/WP\/wp-content\/uploads\/2017\/07\/turkkuses_2017-9-440x293.jpg 440w, https:\/\/www.remonen.fi\/WP\/wp-content\/uploads\/2017\/07\/turkkuses_2017-9-960x640.jpg 960w\" sizes=\"(max-width: 880px) 100vw, 880px\" \/><\/a><\/p>\n<p><a href=\"https:\/\/www.remonen.fi\/WP\/wp-content\/uploads\/2017\/07\/turkkuses_2017-10.jpg\"><img loading=\"lazy\" decoding=\"async\" class=\"aligncenter wp-image-8578\" title=\"Taken: 30 kes\u00e4kuun, 2017 | Copyright: (c) Matti Remonen | Keywords: Maat - Kaupungit - Paikat, Suomi, Turku | \" src=\"https:\/\/www.remonen.fi\/WP\/wp-content\/uploads\/2017\/07\/turkkuses_2017-10.jpg\" alt=\"Turun Keskiaikamarkkinat\" width=\"586\" height=\"880\" srcset=\"https:\/\/www.remonen.fi\/WP\/wp-content\/uploads\/2017\/07\/turkkuses_2017-10.jpg 853w, https:\/\/www.remonen.fi\/WP\/wp-content\/uploads\/2017\/07\/turkkuses_2017-10-200x300.jpg 200w, https:\/\/www.remonen.fi\/WP\/wp-content\/uploads\/2017\/07\/turkkuses_2017-10-453x680.jpg 453w, https:\/\/www.remonen.fi\/WP\/wp-content\/uploads\/2017\/07\/turkkuses_2017-10-768x1152.jpg 768w, https:\/\/www.remonen.fi\/WP\/wp-content\/uploads\/2017\/07\/turkkuses_2017-10-682x1024.jpg 682w, https:\/\/www.remonen.fi\/WP\/wp-content\/uploads\/2017\/07\/turkkuses_2017-10-440x660.jpg 440w, https:\/\/www.remonen.fi\/WP\/wp-content\/uploads\/2017\/07\/turkkuses_2017-10-300x450.jpg 300w\" sizes=\"(max-width: 586px) 100vw, 586px\" \/><\/a><\/p>\n<p><a href=\"https:\/\/www.remonen.fi\/WP\/wp-content\/uploads\/2017\/07\/turkkuses_2017-11.jpg\"><img loading=\"lazy\" decoding=\"async\" class=\"aligncenter wp-image-8579\" title=\"Taken: 30 kes\u00e4kuun, 2017 | Copyright: (c) Matti Remonen | Keywords: Maat - Kaupungit - Paikat, Suomi, Turku | \" src=\"https:\/\/www.remonen.fi\/WP\/wp-content\/uploads\/2017\/07\/turkkuses_2017-11.jpg\" alt=\"Turun Keskiaikamarkkinat\" width=\"880\" height=\"586\" srcset=\"https:\/\/www.remonen.fi\/WP\/wp-content\/uploads\/2017\/07\/turkkuses_2017-11.jpg 1280w, https:\/\/www.remonen.fi\/WP\/wp-content\/uploads\/2017\/07\/turkkuses_2017-11-300x200.jpg 300w, https:\/\/www.remonen.fi\/WP\/wp-content\/uploads\/2017\/07\/turkkuses_2017-11-680x453.jpg 680w, https:\/\/www.remonen.fi\/WP\/wp-content\/uploads\/2017\/07\/turkkuses_2017-11-768x512.jpg 768w, https:\/\/www.remonen.fi\/WP\/wp-content\/uploads\/2017\/07\/turkkuses_2017-11-1024x682.jpg 1024w, https:\/\/www.remonen.fi\/WP\/wp-content\/uploads\/2017\/07\/turkkuses_2017-11-440x293.jpg 440w, https:\/\/www.remonen.fi\/WP\/wp-content\/uploads\/2017\/07\/turkkuses_2017-11-960x640.jpg 960w\" sizes=\"(max-width: 880px) 100vw, 880px\" \/><\/a><\/p>\n<p><a href=\"https:\/\/www.remonen.fi\/WP\/wp-content\/uploads\/2017\/07\/turkkuses_2017-12.jpg\"><img loading=\"lazy\" decoding=\"async\" class=\"aligncenter wp-image-8580\" title=\"Taken: 30 kes\u00e4kuun, 2017 | Copyright: (c) Matti Remonen | Keywords: Maat - Kaupungit - Paikat, Suomi, Turku | \" src=\"https:\/\/www.remonen.fi\/WP\/wp-content\/uploads\/2017\/07\/turkkuses_2017-12.jpg\" alt=\"Turun Keskiaikamarkkinat\" width=\"586\" height=\"880\" srcset=\"https:\/\/www.remonen.fi\/WP\/wp-content\/uploads\/2017\/07\/turkkuses_2017-12.jpg 853w, https:\/\/www.remonen.fi\/WP\/wp-content\/uploads\/2017\/07\/turkkuses_2017-12-200x300.jpg 200w, https:\/\/www.remonen.fi\/WP\/wp-content\/uploads\/2017\/07\/turkkuses_2017-12-453x680.jpg 453w, https:\/\/www.remonen.fi\/WP\/wp-content\/uploads\/2017\/07\/turkkuses_2017-12-768x1152.jpg 768w, https:\/\/www.remonen.fi\/WP\/wp-content\/uploads\/2017\/07\/turkkuses_2017-12-682x1024.jpg 682w, https:\/\/www.remonen.fi\/WP\/wp-content\/uploads\/2017\/07\/turkkuses_2017-12-440x660.jpg 440w, https:\/\/www.remonen.fi\/WP\/wp-content\/uploads\/2017\/07\/turkkuses_2017-12-300x450.jpg 300w\" sizes=\"(max-width: 586px) 100vw, 586px\" \/><\/a><\/p>\n<p><a href=\"https:\/\/www.remonen.fi\/WP\/wp-content\/uploads\/2017\/07\/turkkuses_2017-13.jpg\"><img loading=\"lazy\" decoding=\"async\" class=\"aligncenter wp-image-8581\" title=\"Taken: 30 kes\u00e4kuun, 2017 | Copyright: (c) Matti Remonen | Keywords: Maat - Kaupungit - Paikat, Suomi, Turku | \" src=\"https:\/\/www.remonen.fi\/WP\/wp-content\/uploads\/2017\/07\/turkkuses_2017-13.jpg\" alt=\"Turun Keskiaikamarkkinat\" width=\"586\" height=\"880\" srcset=\"https:\/\/www.remonen.fi\/WP\/wp-content\/uploads\/2017\/07\/turkkuses_2017-13.jpg 853w, https:\/\/www.remonen.fi\/WP\/wp-content\/uploads\/2017\/07\/turkkuses_2017-13-200x300.jpg 200w, https:\/\/www.remonen.fi\/WP\/wp-content\/uploads\/2017\/07\/turkkuses_2017-13-453x680.jpg 453w, https:\/\/www.remonen.fi\/WP\/wp-content\/uploads\/2017\/07\/turkkuses_2017-13-768x1152.jpg 768w, https:\/\/www.remonen.fi\/WP\/wp-content\/uploads\/2017\/07\/turkkuses_2017-13-682x1024.jpg 682w, https:\/\/www.remonen.fi\/WP\/wp-content\/uploads\/2017\/07\/turkkuses_2017-13-440x660.jpg 440w, https:\/\/www.remonen.fi\/WP\/wp-content\/uploads\/2017\/07\/turkkuses_2017-13-300x450.jpg 300w\" sizes=\"(max-width: 586px) 100vw, 586px\" \/><\/a><\/p>\n<p><a href=\"https:\/\/www.remonen.fi\/WP\/wp-content\/uploads\/2017\/07\/turkkuses_2017-14.jpg\"><img loading=\"lazy\" decoding=\"async\" class=\"aligncenter wp-image-8568\" title=\"Taken: 30 kes\u00e4kuun, 2017 | Copyright: (c) Matti Remonen | Keywords: Maat - Kaupungit - Paikat, Suomi, Turku | \" src=\"https:\/\/www.remonen.fi\/WP\/wp-content\/uploads\/2017\/07\/turkkuses_2017-14.jpg\" alt=\"Turun Keskiaikamarkkinat\" width=\"880\" height=\"586\" srcset=\"https:\/\/www.remonen.fi\/WP\/wp-content\/uploads\/2017\/07\/turkkuses_2017-14.jpg 1280w, https:\/\/www.remonen.fi\/WP\/wp-content\/uploads\/2017\/07\/turkkuses_2017-14-300x200.jpg 300w, https:\/\/www.remonen.fi\/WP\/wp-content\/uploads\/2017\/07\/turkkuses_2017-14-680x453.jpg 680w, https:\/\/www.remonen.fi\/WP\/wp-content\/uploads\/2017\/07\/turkkuses_2017-14-768x512.jpg 768w, https:\/\/www.remonen.fi\/WP\/wp-content\/uploads\/2017\/07\/turkkuses_2017-14-1024x682.jpg 1024w, https:\/\/www.remonen.fi\/WP\/wp-content\/uploads\/2017\/07\/turkkuses_2017-14-440x293.jpg 440w, https:\/\/www.remonen.fi\/WP\/wp-content\/uploads\/2017\/07\/turkkuses_2017-14-960x640.jpg 960w\" sizes=\"(max-width: 880px) 100vw, 880px\" \/><\/a><\/p>\n<p>Doisneauta dokumentoi ja keskiaikaa tallensi Sony a6000 + Sony Zeiss 24f18<\/p>\n","protected":false},"excerpt":{"rendered":"<p>Turun Taidemuseossa on parhaillaan menossa Robert Doisneau&#8217;n n\u00e4yttely. Tied\u00e4tteh\u00e4n Doisneaun? Rakastavaiset Pariisissa ja sillai. Loisto-otos, vaikka onkin lavastettu&#8230; tai, miten sen nyt kukin haluaa ottaa. Me joka tapauksessa otimme vinkist\u00e4 Vaarin ja l\u00e4ksimme k\u00e4ym\u00e4\u00e4n ex-p\u00e4\u00e4kaupunkiin. Puuduttavan moottoritiematkan p\u00e4\u00e4tteeksi saavuimmekin Turun keskustaan ja suuntasimme suoraan Taidemuseolle. Siell\u00e4 ei mit\u00e4\u00e4n varsinaista tungosta ollut, joten museokorttia vilauttamalla p\u00e4\u00e4simmekin [&hellip;]<\/p>\n","protected":false},"author":2,"featured_media":8568,"comment_status":"open","ping_status":"closed","sticky":false,"template":"","format":"standard","meta":{"footnotes":""},"categories":[16],"tags":[321,322,320],"yoast_head":"<!-- This site is optimized with the Yoast SEO plugin v24.5 - https:\/\/yoast.com\/wordpress\/plugins\/seo\/ -->\n<title>Turkkuses &#187; remonen.fi<\/title>\n<meta name=\"description\" content=\"Turkkuses. Doisneau ja keskiaikamarkkinat. Siin\u00e4p\u00e4 syy menn\u00e4 katsomaan tuota ex-p\u00e4\u00e4kaupunkia. Ja kun s\u00e4\u00e4kin sattui tuulisuudesta huolimatta olemaan hyv\u00e4.\" \/>\n<meta name=\"robots\" content=\"index, follow, max-snippet:-1, max-image-preview:large, max-video-preview:-1\" \/>\n<link rel=\"canonical\" href=\"https:\/\/www.remonen.fi\/WP\/blogi\/kyl-maaki-turuus\/\" \/>\n<meta property=\"og:locale\" content=\"fi_FI\" \/>\n<meta property=\"og:type\" content=\"article\" \/>\n<meta property=\"og:title\" content=\"Turkkuses &#187; remonen.fi\" \/>\n<meta property=\"og:description\" content=\"Turkkuses. Doisneau ja keskiaikamarkkinat. Siin\u00e4p\u00e4 syy menn\u00e4 katsomaan tuota ex-p\u00e4\u00e4kaupunkia. Ja kun s\u00e4\u00e4kin sattui tuulisuudesta huolimatta olemaan hyv\u00e4.\" \/>\n<meta property=\"og:url\" content=\"https:\/\/www.remonen.fi\/WP\/blogi\/kyl-maaki-turuus\/\" \/>\n<meta property=\"og:site_name\" content=\"remonen.fi\" \/>\n<meta property=\"article:published_time\" content=\"2017-07-02T16:27:54+00:00\" \/>\n<meta property=\"article:modified_time\" content=\"2017-07-15T17:58:40+00:00\" \/>\n<meta property=\"og:image\" content=\"https:\/\/www.remonen.fi\/WP\/wp-content\/uploads\/2017\/07\/turkkuses_2017-14.jpg\" \/>\n\t<meta property=\"og:image:width\" content=\"1280\" \/>\n\t<meta property=\"og:image:height\" content=\"853\" \/>\n\t<meta property=\"og:image:type\" content=\"image\/jpeg\" \/>\n<meta name=\"author\" content=\"Matti Remonen\" \/>\n<meta name=\"twitter:label1\" content=\"Kirjoittanut\" \/>\n\t<meta name=\"twitter:data1\" content=\"Matti Remonen\" \/>\n\t<meta name=\"twitter:label2\" content=\"Arvioitu lukuaika\" \/>\n\t<meta name=\"twitter:data2\" content=\"2 minuuttia\" \/>\n<script type=\"application\/ld+json\" class=\"yoast-schema-graph\">{\"@context\":\"https:\/\/schema.org\",\"@graph\":[{\"@type\":\"Article\",\"@id\":\"https:\/\/www.remonen.fi\/WP\/blogi\/kyl-maaki-turuus\/#article\",\"isPartOf\":{\"@id\":\"https:\/\/www.remonen.fi\/WP\/blogi\/kyl-maaki-turuus\/\"},\"author\":{\"name\":\"Matti Remonen\",\"@id\":\"https:\/\/www.remonen.fi\/WP\/#\/schema\/person\/1803c23d1d4f6722054eb2ac7f7a97cd\"},\"headline\":\"Turkkuses\",\"datePublished\":\"2017-07-02T16:27:54+00:00\",\"dateModified\":\"2017-07-15T17:58:40+00:00\",\"mainEntityOfPage\":{\"@id\":\"https:\/\/www.remonen.fi\/WP\/blogi\/kyl-maaki-turuus\/\"},\"wordCount\":352,\"commentCount\":0,\"publisher\":{\"@id\":\"https:\/\/www.remonen.fi\/WP\/#\/schema\/person\/1803c23d1d4f6722054eb2ac7f7a97cd\"},\"image\":{\"@id\":\"https:\/\/www.remonen.fi\/WP\/blogi\/kyl-maaki-turuus\/#primaryimage\"},\"thumbnailUrl\":\"https:\/\/www.remonen.fi\/WP\/wp-content\/uploads\/2017\/07\/turkkuses_2017-14.jpg\",\"keywords\":[\"Doisneau\",\"Keskiaika\",\"Turku\"],\"articleSection\":[\"Blog\"],\"inLanguage\":\"fi\",\"potentialAction\":[{\"@type\":\"CommentAction\",\"name\":\"Comment\",\"target\":[\"https:\/\/www.remonen.fi\/WP\/blogi\/kyl-maaki-turuus\/#respond\"]}]},{\"@type\":\"WebPage\",\"@id\":\"https:\/\/www.remonen.fi\/WP\/blogi\/kyl-maaki-turuus\/\",\"url\":\"https:\/\/www.remonen.fi\/WP\/blogi\/kyl-maaki-turuus\/\",\"name\":\"Turkkuses &#187; remonen.fi\",\"isPartOf\":{\"@id\":\"https:\/\/www.remonen.fi\/WP\/#website\"},\"primaryImageOfPage\":{\"@id\":\"https:\/\/www.remonen.fi\/WP\/blogi\/kyl-maaki-turuus\/#primaryimage\"},\"image\":{\"@id\":\"https:\/\/www.remonen.fi\/WP\/blogi\/kyl-maaki-turuus\/#primaryimage\"},\"thumbnailUrl\":\"https:\/\/www.remonen.fi\/WP\/wp-content\/uploads\/2017\/07\/turkkuses_2017-14.jpg\",\"datePublished\":\"2017-07-02T16:27:54+00:00\",\"dateModified\":\"2017-07-15T17:58:40+00:00\",\"description\":\"Turkkuses. Doisneau ja keskiaikamarkkinat. Siin\u00e4p\u00e4 syy menn\u00e4 katsomaan tuota ex-p\u00e4\u00e4kaupunkia. Ja kun s\u00e4\u00e4kin sattui tuulisuudesta huolimatta olemaan hyv\u00e4.\",\"breadcrumb\":{\"@id\":\"https:\/\/www.remonen.fi\/WP\/blogi\/kyl-maaki-turuus\/#breadcrumb\"},\"inLanguage\":\"fi\",\"potentialAction\":[{\"@type\":\"ReadAction\",\"target\":[\"https:\/\/www.remonen.fi\/WP\/blogi\/kyl-maaki-turuus\/\"]}]},{\"@type\":\"ImageObject\",\"inLanguage\":\"fi\",\"@id\":\"https:\/\/www.remonen.fi\/WP\/blogi\/kyl-maaki-turuus\/#primaryimage\",\"url\":\"https:\/\/www.remonen.fi\/WP\/wp-content\/uploads\/2017\/07\/turkkuses_2017-14.jpg\",\"contentUrl\":\"https:\/\/www.remonen.fi\/WP\/wp-content\/uploads\/2017\/07\/turkkuses_2017-14.jpg\",\"width\":1280,\"height\":853,\"caption\":\"[exif id=\\\"8568\\\"]\"},{\"@type\":\"BreadcrumbList\",\"@id\":\"https:\/\/www.remonen.fi\/WP\/blogi\/kyl-maaki-turuus\/#breadcrumb\",\"itemListElement\":[{\"@type\":\"ListItem\",\"position\":1,\"name\":\"Etusivu\",\"item\":\"https:\/\/www.remonen.fi\/WP\/\"},{\"@type\":\"ListItem\",\"position\":2,\"name\":\"Turkkuses\"}]},{\"@type\":\"WebSite\",\"@id\":\"https:\/\/www.remonen.fi\/WP\/#website\",\"url\":\"https:\/\/www.remonen.fi\/WP\/\",\"name\":\"remonen.fi\",\"description\":\"Valokuvia ja tarinaa laidasta laitaan\",\"publisher\":{\"@id\":\"https:\/\/www.remonen.fi\/WP\/#\/schema\/person\/1803c23d1d4f6722054eb2ac7f7a97cd\"},\"potentialAction\":[{\"@type\":\"SearchAction\",\"target\":{\"@type\":\"EntryPoint\",\"urlTemplate\":\"https:\/\/www.remonen.fi\/WP\/?s={search_term_string}\"},\"query-input\":{\"@type\":\"PropertyValueSpecification\",\"valueRequired\":true,\"valueName\":\"search_term_string\"}}],\"inLanguage\":\"fi\"},{\"@type\":[\"Person\",\"Organization\"],\"@id\":\"https:\/\/www.remonen.fi\/WP\/#\/schema\/person\/1803c23d1d4f6722054eb2ac7f7a97cd\",\"name\":\"Matti Remonen\",\"logo\":{\"@id\":\"https:\/\/www.remonen.fi\/WP\/#\/schema\/person\/image\/\"},\"url\":\"https:\/\/www.remonen.fi\/WP\/blogi\/author\/mre\/\"}]}<\/script>\n<!-- \/ Yoast SEO plugin. -->","yoast_head_json":{"title":"Turkkuses &#187; remonen.fi","description":"Turkkuses. Doisneau ja keskiaikamarkkinat. Siin\u00e4p\u00e4 syy menn\u00e4 katsomaan tuota ex-p\u00e4\u00e4kaupunkia. Ja kun s\u00e4\u00e4kin sattui tuulisuudesta huolimatta olemaan hyv\u00e4.","robots":{"index":"index","follow":"follow","max-snippet":"max-snippet:-1","max-image-preview":"max-image-preview:large","max-video-preview":"max-video-preview:-1"},"canonical":"https:\/\/www.remonen.fi\/WP\/blogi\/kyl-maaki-turuus\/","og_locale":"fi_FI","og_type":"article","og_title":"Turkkuses &#187; remonen.fi","og_description":"Turkkuses. Doisneau ja keskiaikamarkkinat. Siin\u00e4p\u00e4 syy menn\u00e4 katsomaan tuota ex-p\u00e4\u00e4kaupunkia. Ja kun s\u00e4\u00e4kin sattui tuulisuudesta huolimatta olemaan hyv\u00e4.","og_url":"https:\/\/www.remonen.fi\/WP\/blogi\/kyl-maaki-turuus\/","og_site_name":"remonen.fi","article_published_time":"2017-07-02T16:27:54+00:00","article_modified_time":"2017-07-15T17:58:40+00:00","og_image":[{"width":1280,"height":853,"url":"https:\/\/www.remonen.fi\/WP\/wp-content\/uploads\/2017\/07\/turkkuses_2017-14.jpg","type":"image\/jpeg"}],"author":"Matti Remonen","twitter_misc":{"Kirjoittanut":"Matti Remonen","Arvioitu lukuaika":"2 minuuttia"},"schema":{"@context":"https:\/\/schema.org","@graph":[{"@type":"Article","@id":"https:\/\/www.remonen.fi\/WP\/blogi\/kyl-maaki-turuus\/#article","isPartOf":{"@id":"https:\/\/www.remonen.fi\/WP\/blogi\/kyl-maaki-turuus\/"},"author":{"name":"Matti Remonen","@id":"https:\/\/www.remonen.fi\/WP\/#\/schema\/person\/1803c23d1d4f6722054eb2ac7f7a97cd"},"headline":"Turkkuses","datePublished":"2017-07-02T16:27:54+00:00","dateModified":"2017-07-15T17:58:40+00:00","mainEntityOfPage":{"@id":"https:\/\/www.remonen.fi\/WP\/blogi\/kyl-maaki-turuus\/"},"wordCount":352,"commentCount":0,"publisher":{"@id":"https:\/\/www.remonen.fi\/WP\/#\/schema\/person\/1803c23d1d4f6722054eb2ac7f7a97cd"},"image":{"@id":"https:\/\/www.remonen.fi\/WP\/blogi\/kyl-maaki-turuus\/#primaryimage"},"thumbnailUrl":"https:\/\/www.remonen.fi\/WP\/wp-content\/uploads\/2017\/07\/turkkuses_2017-14.jpg","keywords":["Doisneau","Keskiaika","Turku"],"articleSection":["Blog"],"inLanguage":"fi","potentialAction":[{"@type":"CommentAction","name":"Comment","target":["https:\/\/www.remonen.fi\/WP\/blogi\/kyl-maaki-turuus\/#respond"]}]},{"@type":"WebPage","@id":"https:\/\/www.remonen.fi\/WP\/blogi\/kyl-maaki-turuus\/","url":"https:\/\/www.remonen.fi\/WP\/blogi\/kyl-maaki-turuus\/","name":"Turkkuses &#187; remonen.fi","isPartOf":{"@id":"https:\/\/www.remonen.fi\/WP\/#website"},"primaryImageOfPage":{"@id":"https:\/\/www.remonen.fi\/WP\/blogi\/kyl-maaki-turuus\/#primaryimage"},"image":{"@id":"https:\/\/www.remonen.fi\/WP\/blogi\/kyl-maaki-turuus\/#primaryimage"},"thumbnailUrl":"https:\/\/www.remonen.fi\/WP\/wp-content\/uploads\/2017\/07\/turkkuses_2017-14.jpg","datePublished":"2017-07-02T16:27:54+00:00","dateModified":"2017-07-15T17:58:40+00:00","description":"Turkkuses. Doisneau ja keskiaikamarkkinat. Siin\u00e4p\u00e4 syy menn\u00e4 katsomaan tuota ex-p\u00e4\u00e4kaupunkia. Ja kun s\u00e4\u00e4kin sattui tuulisuudesta huolimatta olemaan hyv\u00e4.","breadcrumb":{"@id":"https:\/\/www.remonen.fi\/WP\/blogi\/kyl-maaki-turuus\/#breadcrumb"},"inLanguage":"fi","potentialAction":[{"@type":"ReadAction","target":["https:\/\/www.remonen.fi\/WP\/blogi\/kyl-maaki-turuus\/"]}]},{"@type":"ImageObject","inLanguage":"fi","@id":"https:\/\/www.remonen.fi\/WP\/blogi\/kyl-maaki-turuus\/#primaryimage","url":"https:\/\/www.remonen.fi\/WP\/wp-content\/uploads\/2017\/07\/turkkuses_2017-14.jpg","contentUrl":"https:\/\/www.remonen.fi\/WP\/wp-content\/uploads\/2017\/07\/turkkuses_2017-14.jpg","width":1280,"height":853,"caption":"[exif id=\"8568\"]"},{"@type":"BreadcrumbList","@id":"https:\/\/www.remonen.fi\/WP\/blogi\/kyl-maaki-turuus\/#breadcrumb","itemListElement":[{"@type":"ListItem","position":1,"name":"Etusivu","item":"https:\/\/www.remonen.fi\/WP\/"},{"@type":"ListItem","position":2,"name":"Turkkuses"}]},{"@type":"WebSite","@id":"https:\/\/www.remonen.fi\/WP\/#website","url":"https:\/\/www.remonen.fi\/WP\/","name":"remonen.fi","description":"Valokuvia ja tarinaa laidasta laitaan","publisher":{"@id":"https:\/\/www.remonen.fi\/WP\/#\/schema\/person\/1803c23d1d4f6722054eb2ac7f7a97cd"},"potentialAction":[{"@type":"SearchAction","target":{"@type":"EntryPoint","urlTemplate":"https:\/\/www.remonen.fi\/WP\/?s={search_term_string}"},"query-input":{"@type":"PropertyValueSpecification","valueRequired":true,"valueName":"search_term_string"}}],"inLanguage":"fi"},{"@type":["Person","Organization"],"@id":"https:\/\/www.remonen.fi\/WP\/#\/schema\/person\/1803c23d1d4f6722054eb2ac7f7a97cd","name":"Matti Remonen","logo":{"@id":"https:\/\/www.remonen.fi\/WP\/#\/schema\/person\/image\/"},"url":"https:\/\/www.remonen.fi\/WP\/blogi\/author\/mre\/"}]}},"_links":{"self":[{"href":"https:\/\/www.remonen.fi\/WP\/wp-json\/wp\/v2\/posts\/8566"}],"collection":[{"href":"https:\/\/www.remonen.fi\/WP\/wp-json\/wp\/v2\/posts"}],"about":[{"href":"https:\/\/www.remonen.fi\/WP\/wp-json\/wp\/v2\/types\/post"}],"author":[{"embeddable":true,"href":"https:\/\/www.remonen.fi\/WP\/wp-json\/wp\/v2\/users\/2"}],"replies":[{"embeddable":true,"href":"https:\/\/www.remonen.fi\/WP\/wp-json\/wp\/v2\/comments?post=8566"}],"version-history":[{"count":6,"href":"https:\/\/www.remonen.fi\/WP\/wp-json\/wp\/v2\/posts\/8566\/revisions"}],"predecessor-version":[{"id":8586,"href":"https:\/\/www.remonen.fi\/WP\/wp-json\/wp\/v2\/posts\/8566\/revisions\/8586"}],"wp:featuredmedia":[{"embeddable":true,"href":"https:\/\/www.remonen.fi\/WP\/wp-json\/wp\/v2\/media\/8568"}],"wp:attachment":[{"href":"https:\/\/www.remonen.fi\/WP\/wp-json\/wp\/v2\/media?parent=8566"}],"wp:term":[{"taxonomy":"category","embeddable":true,"href":"https:\/\/www.remonen.fi\/WP\/wp-json\/wp\/v2\/categories?post=8566"},{"taxonomy":"post_tag","embeddable":true,"href":"https:\/\/www.remonen.fi\/WP\/wp-json\/wp\/v2\/tags?post=8566"}],"curies":[{"name":"wp","href":"https:\/\/api.w.org\/{rel}","templated":true}]}}