{"id":8653,"date":"2017-07-22T19:28:40","date_gmt":"2017-07-22T16:28:40","guid":{"rendered":"http:\/\/www.remonen.fi\/?p=8653"},"modified":"2017-07-22T19:28:40","modified_gmt":"2017-07-22T16:28:40","slug":"heart-of-darkness","status":"publish","type":"post","link":"https:\/\/www.remonen.fi\/WP\/blogi\/heart-of-darkness\/","title":{"rendered":"Heart of Darkness"},"content":{"rendered":"<p>Jo vuosia suunniteltu matka oli vihdoinkin toteutumassa. Kaikki valmistelut oli tehty, kartat luettu, viisumit hankittu, passi uusittu ja rokotukset tarkistettu. Malarial\u00e4\u00e4kitys oli aloitettu jo hyviss\u00e4 ajoin, kiniinijauhetta oli my\u00f6s pakattu mukaan, kuten moskiittoverkotkin. Matka oli en\u00e4\u00e4 tekemist\u00e4 vaille valmis.<\/p>\n<p>Her\u00e4sin l\u00e4ht\u00f6aamuna malttamattomana ja s\u00f6in tukevan aamiaisen. Enh\u00e4n tiennyt koska saisin seuraavan kerran ruokaa tai n\u00e4kisink\u00f6 en\u00e4\u00e4 koskaan sivilisaatiota. Mutta pidemmitt\u00e4 puheitta matkaan.<\/p>\n<p>T\u00e4rkeimm\u00e4t tavarat olivat jo odottamassa matkan alkua. Kukista on parasta ennen ehk\u00e4 jo mennyt.<\/p>\n<p><a href=\"https:\/\/www.remonen.fi\/WP\/wp-content\/uploads\/2017\/07\/matka_pimeaan-1.jpg\"><img loading=\"lazy\" decoding=\"async\" class=\"aligncenter wp-image-8655\" src=\"https:\/\/www.remonen.fi\/WP\/wp-content\/uploads\/2017\/07\/matka_pimeaan-1.jpg\" alt=\"\" width=\"586\" height=\"880\" srcset=\"https:\/\/www.remonen.fi\/WP\/wp-content\/uploads\/2017\/07\/matka_pimeaan-1.jpg 853w, https:\/\/www.remonen.fi\/WP\/wp-content\/uploads\/2017\/07\/matka_pimeaan-1-200x300.jpg 200w, https:\/\/www.remonen.fi\/WP\/wp-content\/uploads\/2017\/07\/matka_pimeaan-1-453x680.jpg 453w, https:\/\/www.remonen.fi\/WP\/wp-content\/uploads\/2017\/07\/matka_pimeaan-1-768x1152.jpg 768w, https:\/\/www.remonen.fi\/WP\/wp-content\/uploads\/2017\/07\/matka_pimeaan-1-682x1024.jpg 682w, https:\/\/www.remonen.fi\/WP\/wp-content\/uploads\/2017\/07\/matka_pimeaan-1-440x660.jpg 440w, https:\/\/www.remonen.fi\/WP\/wp-content\/uploads\/2017\/07\/matka_pimeaan-1-300x450.jpg 300w\" sizes=\"(max-width: 586px) 100vw, 586px\" \/><\/a><\/p>\n<p>Koska emme lent\u00e4neet, en poistanut sokkaa.<\/p>\n<p><a href=\"https:\/\/www.remonen.fi\/WP\/wp-content\/uploads\/2017\/07\/matka_pimeaan-22.jpg\"><img loading=\"lazy\" decoding=\"async\" class=\"aligncenter wp-image-8676\" src=\"https:\/\/www.remonen.fi\/WP\/wp-content\/uploads\/2017\/07\/matka_pimeaan-22.jpg\" alt=\"\" width=\"586\" height=\"880\" srcset=\"https:\/\/www.remonen.fi\/WP\/wp-content\/uploads\/2017\/07\/matka_pimeaan-22.jpg 853w, https:\/\/www.remonen.fi\/WP\/wp-content\/uploads\/2017\/07\/matka_pimeaan-22-200x300.jpg 200w, https:\/\/www.remonen.fi\/WP\/wp-content\/uploads\/2017\/07\/matka_pimeaan-22-453x680.jpg 453w, https:\/\/www.remonen.fi\/WP\/wp-content\/uploads\/2017\/07\/matka_pimeaan-22-768x1152.jpg 768w, https:\/\/www.remonen.fi\/WP\/wp-content\/uploads\/2017\/07\/matka_pimeaan-22-682x1024.jpg 682w, https:\/\/www.remonen.fi\/WP\/wp-content\/uploads\/2017\/07\/matka_pimeaan-22-440x660.jpg 440w, https:\/\/www.remonen.fi\/WP\/wp-content\/uploads\/2017\/07\/matka_pimeaan-22-300x450.jpg 300w\" sizes=\"(max-width: 586px) 100vw, 586px\" \/><\/a><\/p>\n<p>All set. Go.<\/p>\n<p><a href=\"https:\/\/www.remonen.fi\/WP\/wp-content\/uploads\/2017\/07\/matka_pimeaan-2.jpg\"><img loading=\"lazy\" decoding=\"async\" class=\"aligncenter wp-image-8656\" src=\"https:\/\/www.remonen.fi\/WP\/wp-content\/uploads\/2017\/07\/matka_pimeaan-2.jpg\" alt=\"\" width=\"880\" height=\"586\" srcset=\"https:\/\/www.remonen.fi\/WP\/wp-content\/uploads\/2017\/07\/matka_pimeaan-2.jpg 1280w, https:\/\/www.remonen.fi\/WP\/wp-content\/uploads\/2017\/07\/matka_pimeaan-2-300x200.jpg 300w, https:\/\/www.remonen.fi\/WP\/wp-content\/uploads\/2017\/07\/matka_pimeaan-2-680x453.jpg 680w, https:\/\/www.remonen.fi\/WP\/wp-content\/uploads\/2017\/07\/matka_pimeaan-2-768x512.jpg 768w, https:\/\/www.remonen.fi\/WP\/wp-content\/uploads\/2017\/07\/matka_pimeaan-2-1024x682.jpg 1024w, https:\/\/www.remonen.fi\/WP\/wp-content\/uploads\/2017\/07\/matka_pimeaan-2-440x293.jpg 440w, https:\/\/www.remonen.fi\/WP\/wp-content\/uploads\/2017\/07\/matka_pimeaan-2-960x640.jpg 960w\" sizes=\"(max-width: 880px) 100vw, 880px\" \/><\/a><\/p>\n<p>Reitti sukelsi heti alussa l\u00e4hes l\u00e4pitunkemattomaan viidakkoon.<\/p>\n<p><a href=\"https:\/\/www.remonen.fi\/WP\/wp-content\/uploads\/2017\/07\/matka_pimeaan-3.jpg\"><img loading=\"lazy\" decoding=\"async\" class=\"aligncenter wp-image-8657\" src=\"https:\/\/www.remonen.fi\/WP\/wp-content\/uploads\/2017\/07\/matka_pimeaan-3.jpg\" alt=\"\" width=\"880\" height=\"586\" srcset=\"https:\/\/www.remonen.fi\/WP\/wp-content\/uploads\/2017\/07\/matka_pimeaan-3.jpg 1280w, https:\/\/www.remonen.fi\/WP\/wp-content\/uploads\/2017\/07\/matka_pimeaan-3-300x200.jpg 300w, https:\/\/www.remonen.fi\/WP\/wp-content\/uploads\/2017\/07\/matka_pimeaan-3-680x453.jpg 680w, https:\/\/www.remonen.fi\/WP\/wp-content\/uploads\/2017\/07\/matka_pimeaan-3-768x512.jpg 768w, https:\/\/www.remonen.fi\/WP\/wp-content\/uploads\/2017\/07\/matka_pimeaan-3-1024x682.jpg 1024w, https:\/\/www.remonen.fi\/WP\/wp-content\/uploads\/2017\/07\/matka_pimeaan-3-440x293.jpg 440w, https:\/\/www.remonen.fi\/WP\/wp-content\/uploads\/2017\/07\/matka_pimeaan-3-960x640.jpg 960w\" sizes=\"(max-width: 880px) 100vw, 880px\" \/><\/a><\/p>\n<p>Pahuus tiivistyi ymp\u00e4rill\u00e4, n\u00e4k\u00f6kentt\u00e4ni alkoi kaventua.<\/p>\n<p><a href=\"https:\/\/www.remonen.fi\/WP\/wp-content\/uploads\/2017\/07\/matka_pimeaan-4.jpg\"><img loading=\"lazy\" decoding=\"async\" class=\"aligncenter wp-image-8658\" src=\"https:\/\/www.remonen.fi\/WP\/wp-content\/uploads\/2017\/07\/matka_pimeaan-4.jpg\" alt=\"\" width=\"880\" height=\"586\" srcset=\"https:\/\/www.remonen.fi\/WP\/wp-content\/uploads\/2017\/07\/matka_pimeaan-4.jpg 1280w, https:\/\/www.remonen.fi\/WP\/wp-content\/uploads\/2017\/07\/matka_pimeaan-4-300x200.jpg 300w, https:\/\/www.remonen.fi\/WP\/wp-content\/uploads\/2017\/07\/matka_pimeaan-4-680x453.jpg 680w, https:\/\/www.remonen.fi\/WP\/wp-content\/uploads\/2017\/07\/matka_pimeaan-4-768x512.jpg 768w, https:\/\/www.remonen.fi\/WP\/wp-content\/uploads\/2017\/07\/matka_pimeaan-4-1024x682.jpg 1024w, https:\/\/www.remonen.fi\/WP\/wp-content\/uploads\/2017\/07\/matka_pimeaan-4-440x293.jpg 440w, https:\/\/www.remonen.fi\/WP\/wp-content\/uploads\/2017\/07\/matka_pimeaan-4-960x640.jpg 960w\" sizes=\"(max-width: 880px) 100vw, 880px\" \/><\/a><\/p>\n<p>Silmiss\u00e4ni sumeni edelleen, kunnes pimeys sai minut kokonaan valtaansa.<\/p>\n<p><a href=\"https:\/\/www.remonen.fi\/WP\/wp-content\/uploads\/2017\/07\/matka_pimeaan-5.jpg\"><img loading=\"lazy\" decoding=\"async\" class=\"aligncenter wp-image-8659\" src=\"https:\/\/www.remonen.fi\/WP\/wp-content\/uploads\/2017\/07\/matka_pimeaan-5.jpg\" alt=\"\" width=\"880\" height=\"586\" srcset=\"https:\/\/www.remonen.fi\/WP\/wp-content\/uploads\/2017\/07\/matka_pimeaan-5.jpg 1280w, https:\/\/www.remonen.fi\/WP\/wp-content\/uploads\/2017\/07\/matka_pimeaan-5-300x200.jpg 300w, https:\/\/www.remonen.fi\/WP\/wp-content\/uploads\/2017\/07\/matka_pimeaan-5-680x453.jpg 680w, https:\/\/www.remonen.fi\/WP\/wp-content\/uploads\/2017\/07\/matka_pimeaan-5-768x512.jpg 768w, https:\/\/www.remonen.fi\/WP\/wp-content\/uploads\/2017\/07\/matka_pimeaan-5-1024x682.jpg 1024w, https:\/\/www.remonen.fi\/WP\/wp-content\/uploads\/2017\/07\/matka_pimeaan-5-440x293.jpg 440w, https:\/\/www.remonen.fi\/WP\/wp-content\/uploads\/2017\/07\/matka_pimeaan-5-960x640.jpg 960w\" sizes=\"(max-width: 880px) 100vw, 880px\" \/><\/a><\/p>\n<p>Jahs. Se olikin vain linssinsuojus&#8230; Yht&#8217;\u00e4kki\u00e4 saavuimme aukiolle, jossa selv\u00e4sti oli havaittavissa paikallisten alkuasukkaiden rakennelmia. Tutkimme niit\u00e4 kiinnostuneina.<\/p>\n<p><a href=\"https:\/\/www.remonen.fi\/WP\/wp-content\/uploads\/2017\/07\/matka_pimeaan-8.jpg\"><img loading=\"lazy\" decoding=\"async\" class=\"aligncenter wp-image-8662\" src=\"https:\/\/www.remonen.fi\/WP\/wp-content\/uploads\/2017\/07\/matka_pimeaan-8.jpg\" alt=\"\" width=\"880\" height=\"586\" srcset=\"https:\/\/www.remonen.fi\/WP\/wp-content\/uploads\/2017\/07\/matka_pimeaan-8.jpg 1280w, https:\/\/www.remonen.fi\/WP\/wp-content\/uploads\/2017\/07\/matka_pimeaan-8-300x200.jpg 300w, https:\/\/www.remonen.fi\/WP\/wp-content\/uploads\/2017\/07\/matka_pimeaan-8-680x453.jpg 680w, https:\/\/www.remonen.fi\/WP\/wp-content\/uploads\/2017\/07\/matka_pimeaan-8-768x512.jpg 768w, https:\/\/www.remonen.fi\/WP\/wp-content\/uploads\/2017\/07\/matka_pimeaan-8-1024x682.jpg 1024w, https:\/\/www.remonen.fi\/WP\/wp-content\/uploads\/2017\/07\/matka_pimeaan-8-440x293.jpg 440w, https:\/\/www.remonen.fi\/WP\/wp-content\/uploads\/2017\/07\/matka_pimeaan-8-960x640.jpg 960w\" sizes=\"(max-width: 880px) 100vw, 880px\" \/><\/a><\/p>\n<p>P\u00e4\u00e4kallonmets\u00e4st\u00e4j\u00e4t ilmeisesti asuivat puissa. Varsin j\u00e4rkev\u00e4\u00e4 kiinteist\u00f6veron osalta.<\/p>\n<p><a href=\"https:\/\/www.remonen.fi\/WP\/wp-content\/uploads\/2017\/07\/matka_pimeaan-9.jpg\"><img loading=\"lazy\" decoding=\"async\" class=\"aligncenter wp-image-8663\" src=\"https:\/\/www.remonen.fi\/WP\/wp-content\/uploads\/2017\/07\/matka_pimeaan-9.jpg\" alt=\"\" width=\"880\" height=\"586\" srcset=\"https:\/\/www.remonen.fi\/WP\/wp-content\/uploads\/2017\/07\/matka_pimeaan-9.jpg 1280w, https:\/\/www.remonen.fi\/WP\/wp-content\/uploads\/2017\/07\/matka_pimeaan-9-300x200.jpg 300w, https:\/\/www.remonen.fi\/WP\/wp-content\/uploads\/2017\/07\/matka_pimeaan-9-680x453.jpg 680w, https:\/\/www.remonen.fi\/WP\/wp-content\/uploads\/2017\/07\/matka_pimeaan-9-768x512.jpg 768w, https:\/\/www.remonen.fi\/WP\/wp-content\/uploads\/2017\/07\/matka_pimeaan-9-1024x682.jpg 1024w, https:\/\/www.remonen.fi\/WP\/wp-content\/uploads\/2017\/07\/matka_pimeaan-9-440x293.jpg 440w, https:\/\/www.remonen.fi\/WP\/wp-content\/uploads\/2017\/07\/matka_pimeaan-9-960x640.jpg 960w\" sizes=\"(max-width: 880px) 100vw, 880px\" \/><\/a><\/p>\n<p>Mutta mik\u00e4 olikaan kaikkien noiden verkkojen ja k\u00f6ysien tarkoitus? Ei varmastikaan meid\u00e4n kannaltamme mitenk\u00e4\u00e4n hyv\u00e4\u00e4n lopputulokseen johtava. Mit\u00e4 t\u00e4\u00e4ll\u00e4 oikein tapahtui? Miss\u00e4 oli Kurtz?<\/p>\n<p><a href=\"https:\/\/www.remonen.fi\/WP\/wp-content\/uploads\/2017\/07\/matka_pimeaan-10.jpg\"><img loading=\"lazy\" decoding=\"async\" class=\"aligncenter wp-image-8664\" src=\"https:\/\/www.remonen.fi\/WP\/wp-content\/uploads\/2017\/07\/matka_pimeaan-10.jpg\" alt=\"\" width=\"880\" height=\"586\" srcset=\"https:\/\/www.remonen.fi\/WP\/wp-content\/uploads\/2017\/07\/matka_pimeaan-10.jpg 1280w, https:\/\/www.remonen.fi\/WP\/wp-content\/uploads\/2017\/07\/matka_pimeaan-10-300x200.jpg 300w, https:\/\/www.remonen.fi\/WP\/wp-content\/uploads\/2017\/07\/matka_pimeaan-10-680x453.jpg 680w, https:\/\/www.remonen.fi\/WP\/wp-content\/uploads\/2017\/07\/matka_pimeaan-10-768x512.jpg 768w, https:\/\/www.remonen.fi\/WP\/wp-content\/uploads\/2017\/07\/matka_pimeaan-10-1024x682.jpg 1024w, https:\/\/www.remonen.fi\/WP\/wp-content\/uploads\/2017\/07\/matka_pimeaan-10-440x293.jpg 440w, https:\/\/www.remonen.fi\/WP\/wp-content\/uploads\/2017\/07\/matka_pimeaan-10-960x640.jpg 960w\" sizes=\"(max-width: 880px) 100vw, 880px\" \/><\/a><\/p>\n<p>Minulle alkoi selvit\u00e4, ett\u00e4 t\u00e4m\u00e4 ei ollutkaan mik\u00e4\u00e4n tavallinen matka, vaan sen lopputulos tulisi vaikuttamaan minuun loppuel\u00e4m\u00e4ni. Tai nyt ainakin siihen asti, kunnes ty\u00f6t alkaisivat. Pohdin voimakkaasti, ett\u00e4 onko matkan jatkamisessa j\u00e4rke\u00e4, mutta palatakaan ei voinut. Olin Facebook p\u00e4ivityksen jo tehnyt.<\/p>\n<p><a href=\"https:\/\/www.remonen.fi\/WP\/wp-content\/uploads\/2017\/07\/matka_pimeaan-7.jpg\"><img loading=\"lazy\" decoding=\"async\" class=\"aligncenter wp-image-8661\" src=\"https:\/\/www.remonen.fi\/WP\/wp-content\/uploads\/2017\/07\/matka_pimeaan-7.jpg\" alt=\"\" width=\"586\" height=\"880\" srcset=\"https:\/\/www.remonen.fi\/WP\/wp-content\/uploads\/2017\/07\/matka_pimeaan-7.jpg 853w, https:\/\/www.remonen.fi\/WP\/wp-content\/uploads\/2017\/07\/matka_pimeaan-7-200x300.jpg 200w, https:\/\/www.remonen.fi\/WP\/wp-content\/uploads\/2017\/07\/matka_pimeaan-7-453x680.jpg 453w, https:\/\/www.remonen.fi\/WP\/wp-content\/uploads\/2017\/07\/matka_pimeaan-7-768x1152.jpg 768w, https:\/\/www.remonen.fi\/WP\/wp-content\/uploads\/2017\/07\/matka_pimeaan-7-682x1024.jpg 682w, https:\/\/www.remonen.fi\/WP\/wp-content\/uploads\/2017\/07\/matka_pimeaan-7-440x660.jpg 440w, https:\/\/www.remonen.fi\/WP\/wp-content\/uploads\/2017\/07\/matka_pimeaan-7-300x450.jpg 300w\" sizes=\"(max-width: 586px) 100vw, 586px\" \/><\/a><\/p>\n<p>L\u00e4hdimme siis eteenp\u00e4in.<\/p>\n<p><a href=\"https:\/\/www.remonen.fi\/WP\/wp-content\/uploads\/2017\/07\/matka_pimeaan-11.jpg\"><img loading=\"lazy\" decoding=\"async\" class=\"aligncenter wp-image-8665\" src=\"https:\/\/www.remonen.fi\/WP\/wp-content\/uploads\/2017\/07\/matka_pimeaan-11.jpg\" alt=\"\" width=\"586\" height=\"880\" srcset=\"https:\/\/www.remonen.fi\/WP\/wp-content\/uploads\/2017\/07\/matka_pimeaan-11.jpg 853w, https:\/\/www.remonen.fi\/WP\/wp-content\/uploads\/2017\/07\/matka_pimeaan-11-200x300.jpg 200w, https:\/\/www.remonen.fi\/WP\/wp-content\/uploads\/2017\/07\/matka_pimeaan-11-453x680.jpg 453w, https:\/\/www.remonen.fi\/WP\/wp-content\/uploads\/2017\/07\/matka_pimeaan-11-768x1152.jpg 768w, https:\/\/www.remonen.fi\/WP\/wp-content\/uploads\/2017\/07\/matka_pimeaan-11-682x1024.jpg 682w, https:\/\/www.remonen.fi\/WP\/wp-content\/uploads\/2017\/07\/matka_pimeaan-11-440x660.jpg 440w, https:\/\/www.remonen.fi\/WP\/wp-content\/uploads\/2017\/07\/matka_pimeaan-11-300x450.jpg 300w\" sizes=\"(max-width: 586px) 100vw, 586px\" \/><\/a><\/p>\n<p>Ikuisuudelta tuntuneen ajan kuluttua &#8211; ylitetty\u00e4mme The Old Man&#8217;s bridgen &#8211; saavuimme laavatasangolle, josta meit\u00e4 oli varoitettu jo alussa. Siell\u00e4 v\u00e4itettiin tapahtuvan kummia asioita ja suoritettavan pakanallisia menoja. &#8221;Frontside Ollie&#8221;, &#8221;Nightmareflip&#8221;, &#8221;Boneless&#8221;&#8230; n\u00e4ist\u00e4 puhuttiin kunnioittaen. Paikallisia jumalia?<\/p>\n<p><a href=\"https:\/\/www.remonen.fi\/WP\/wp-content\/uploads\/2017\/07\/matka_pimeaan-12.jpg\"><img loading=\"lazy\" decoding=\"async\" class=\"aligncenter wp-image-8666\" src=\"https:\/\/www.remonen.fi\/WP\/wp-content\/uploads\/2017\/07\/matka_pimeaan-12.jpg\" alt=\"\" width=\"880\" height=\"586\" srcset=\"https:\/\/www.remonen.fi\/WP\/wp-content\/uploads\/2017\/07\/matka_pimeaan-12.jpg 1280w, https:\/\/www.remonen.fi\/WP\/wp-content\/uploads\/2017\/07\/matka_pimeaan-12-300x200.jpg 300w, https:\/\/www.remonen.fi\/WP\/wp-content\/uploads\/2017\/07\/matka_pimeaan-12-680x453.jpg 680w, https:\/\/www.remonen.fi\/WP\/wp-content\/uploads\/2017\/07\/matka_pimeaan-12-768x512.jpg 768w, https:\/\/www.remonen.fi\/WP\/wp-content\/uploads\/2017\/07\/matka_pimeaan-12-1024x682.jpg 1024w, https:\/\/www.remonen.fi\/WP\/wp-content\/uploads\/2017\/07\/matka_pimeaan-12-440x293.jpg 440w, https:\/\/www.remonen.fi\/WP\/wp-content\/uploads\/2017\/07\/matka_pimeaan-12-960x640.jpg 960w\" sizes=\"(max-width: 880px) 100vw, 880px\" \/><\/a><\/p>\n<p>Emme halunneet j\u00e4\u00e4d\u00e4 odottamaan paikan hallitsijan ilmestymist\u00e4. Kuva riitti meille.<\/p>\n<p><a href=\"https:\/\/www.remonen.fi\/WP\/wp-content\/uploads\/2017\/07\/matka_pimeaan-13.jpg\"><img loading=\"lazy\" decoding=\"async\" class=\"aligncenter wp-image-8667\" src=\"https:\/\/www.remonen.fi\/WP\/wp-content\/uploads\/2017\/07\/matka_pimeaan-13.jpg\" alt=\"\" width=\"880\" height=\"586\" srcset=\"https:\/\/www.remonen.fi\/WP\/wp-content\/uploads\/2017\/07\/matka_pimeaan-13.jpg 1280w, https:\/\/www.remonen.fi\/WP\/wp-content\/uploads\/2017\/07\/matka_pimeaan-13-300x200.jpg 300w, https:\/\/www.remonen.fi\/WP\/wp-content\/uploads\/2017\/07\/matka_pimeaan-13-680x453.jpg 680w, https:\/\/www.remonen.fi\/WP\/wp-content\/uploads\/2017\/07\/matka_pimeaan-13-768x512.jpg 768w, https:\/\/www.remonen.fi\/WP\/wp-content\/uploads\/2017\/07\/matka_pimeaan-13-1024x682.jpg 1024w, https:\/\/www.remonen.fi\/WP\/wp-content\/uploads\/2017\/07\/matka_pimeaan-13-440x293.jpg 440w, https:\/\/www.remonen.fi\/WP\/wp-content\/uploads\/2017\/07\/matka_pimeaan-13-960x640.jpg 960w\" sizes=\"(max-width: 880px) 100vw, 880px\" \/><\/a><\/p>\n<p>Laavatrasangosta selviydytty\u00e4mme saavuimme toiselle pakanalliselle luonnonmuodostelmalle: keskelle aukiota oli pystytetty j\u00e4ttil\u00e4ism\u00e4inen haukitoteemi. Miksi se oli siin\u00e4? Ket\u00e4 varten? Kuka maksoi? &#8221;Curiouser and curiouser&#8221;, kuten joku jo aiemmin totesi.<\/p>\n<p><a href=\"https:\/\/www.remonen.fi\/WP\/wp-content\/uploads\/2017\/07\/matka_pimeaan-14.jpg\"><img loading=\"lazy\" decoding=\"async\" class=\"aligncenter wp-image-8668\" src=\"https:\/\/www.remonen.fi\/WP\/wp-content\/uploads\/2017\/07\/matka_pimeaan-14.jpg\" alt=\"\" width=\"586\" height=\"880\" srcset=\"https:\/\/www.remonen.fi\/WP\/wp-content\/uploads\/2017\/07\/matka_pimeaan-14.jpg 853w, https:\/\/www.remonen.fi\/WP\/wp-content\/uploads\/2017\/07\/matka_pimeaan-14-200x300.jpg 200w, https:\/\/www.remonen.fi\/WP\/wp-content\/uploads\/2017\/07\/matka_pimeaan-14-453x680.jpg 453w, https:\/\/www.remonen.fi\/WP\/wp-content\/uploads\/2017\/07\/matka_pimeaan-14-768x1152.jpg 768w, https:\/\/www.remonen.fi\/WP\/wp-content\/uploads\/2017\/07\/matka_pimeaan-14-682x1024.jpg 682w, https:\/\/www.remonen.fi\/WP\/wp-content\/uploads\/2017\/07\/matka_pimeaan-14-440x660.jpg 440w, https:\/\/www.remonen.fi\/WP\/wp-content\/uploads\/2017\/07\/matka_pimeaan-14-300x450.jpg 300w\" sizes=\"(max-width: 586px) 100vw, 586px\" \/><\/a><\/p>\n<p>Toteemiaukiolta johti lyhyt polku luolan suulle, johon reittimme meit\u00e4 vei. Vaikka mielemme sanoi, ettei tuonne kannata suunnata, uteliaisuutemme voitti ja astuimme luolaan.<\/p>\n<p><a href=\"https:\/\/www.remonen.fi\/WP\/wp-content\/uploads\/2017\/07\/matka_pimeaan-15.jpg\"><img loading=\"lazy\" decoding=\"async\" class=\"aligncenter wp-image-8669\" src=\"https:\/\/www.remonen.fi\/WP\/wp-content\/uploads\/2017\/07\/matka_pimeaan-15.jpg\" alt=\"\" width=\"880\" height=\"586\" srcset=\"https:\/\/www.remonen.fi\/WP\/wp-content\/uploads\/2017\/07\/matka_pimeaan-15.jpg 1280w, https:\/\/www.remonen.fi\/WP\/wp-content\/uploads\/2017\/07\/matka_pimeaan-15-300x200.jpg 300w, https:\/\/www.remonen.fi\/WP\/wp-content\/uploads\/2017\/07\/matka_pimeaan-15-680x453.jpg 680w, https:\/\/www.remonen.fi\/WP\/wp-content\/uploads\/2017\/07\/matka_pimeaan-15-768x512.jpg 768w, https:\/\/www.remonen.fi\/WP\/wp-content\/uploads\/2017\/07\/matka_pimeaan-15-1024x682.jpg 1024w, https:\/\/www.remonen.fi\/WP\/wp-content\/uploads\/2017\/07\/matka_pimeaan-15-440x293.jpg 440w, https:\/\/www.remonen.fi\/WP\/wp-content\/uploads\/2017\/07\/matka_pimeaan-15-960x640.jpg 960w\" sizes=\"(max-width: 880px) 100vw, 880px\" \/><\/a><\/p>\n<p>Luola aukesikin hetken p\u00e4\u00e4st\u00e4 ulkoilmaan ja jatkui eteenp\u00e4in vuosituhansien vesimassojen muovaamana kanjonina. Sadekaudella t\u00e4m\u00e4 lienee t\u00e4ynn\u00e4 vett\u00e4 ja alligaattoreita, nyt se oli kuitenkin t\u00e4ysin kuiva ja kuljettavissa.<\/p>\n<p>Paikallinen oppaamme kertoi, ett\u00e4 kanjonia kutsuttiin nimell\u00e4 <em>&#8221;Baana&#8221;<\/em>. Se lienee tullut Swahilinkielen sanasta &#8221;Bwana&#8221;, sill\u00e4 paikalliset p\u00e4\u00e4kallonmets\u00e4st\u00e4j\u00e4t pitiv\u00e4t tapanaan huvitella ja ampua alhaalla kulkevia valkonaamoja puhallusputkilla kanjonia reunustavan viidakon k\u00e4tk\u00f6ist\u00e4.<\/p>\n<p><a href=\"https:\/\/www.remonen.fi\/WP\/wp-content\/uploads\/2017\/07\/matka_pimeaan-16.jpg\"><img loading=\"lazy\" decoding=\"async\" class=\"aligncenter wp-image-8670\" src=\"https:\/\/www.remonen.fi\/WP\/wp-content\/uploads\/2017\/07\/matka_pimeaan-16.jpg\" alt=\"\" width=\"586\" height=\"880\" srcset=\"https:\/\/www.remonen.fi\/WP\/wp-content\/uploads\/2017\/07\/matka_pimeaan-16.jpg 853w, https:\/\/www.remonen.fi\/WP\/wp-content\/uploads\/2017\/07\/matka_pimeaan-16-200x300.jpg 200w, https:\/\/www.remonen.fi\/WP\/wp-content\/uploads\/2017\/07\/matka_pimeaan-16-453x680.jpg 453w, https:\/\/www.remonen.fi\/WP\/wp-content\/uploads\/2017\/07\/matka_pimeaan-16-768x1152.jpg 768w, https:\/\/www.remonen.fi\/WP\/wp-content\/uploads\/2017\/07\/matka_pimeaan-16-682x1024.jpg 682w, https:\/\/www.remonen.fi\/WP\/wp-content\/uploads\/2017\/07\/matka_pimeaan-16-440x660.jpg 440w, https:\/\/www.remonen.fi\/WP\/wp-content\/uploads\/2017\/07\/matka_pimeaan-16-300x450.jpg 300w\" sizes=\"(max-width: 586px) 100vw, 586px\" \/><\/a><\/p>\n<p>Onneksi Nairobissa oli markkinat ja kaikki paikalliset sek\u00e4 Tarzan olivat ostamassa siell\u00e4 kalsareita.<\/p>\n<p>Seuraava lokikirjamerkint\u00e4 on kun saavuimme tuntemattoman sivilisaation rakentamalle muistomerkille.<\/p>\n<p><a href=\"https:\/\/www.remonen.fi\/WP\/wp-content\/uploads\/2017\/07\/matka_pimeaan-19.jpg\"><img loading=\"lazy\" decoding=\"async\" class=\"aligncenter wp-image-8673\" src=\"https:\/\/www.remonen.fi\/WP\/wp-content\/uploads\/2017\/07\/matka_pimeaan-19.jpg\" alt=\"\" width=\"881\" height=\"587\" srcset=\"https:\/\/www.remonen.fi\/WP\/wp-content\/uploads\/2017\/07\/matka_pimeaan-19.jpg 1280w, https:\/\/www.remonen.fi\/WP\/wp-content\/uploads\/2017\/07\/matka_pimeaan-19-300x200.jpg 300w, https:\/\/www.remonen.fi\/WP\/wp-content\/uploads\/2017\/07\/matka_pimeaan-19-680x453.jpg 680w, https:\/\/www.remonen.fi\/WP\/wp-content\/uploads\/2017\/07\/matka_pimeaan-19-768x512.jpg 768w, https:\/\/www.remonen.fi\/WP\/wp-content\/uploads\/2017\/07\/matka_pimeaan-19-1024x682.jpg 1024w, https:\/\/www.remonen.fi\/WP\/wp-content\/uploads\/2017\/07\/matka_pimeaan-19-440x293.jpg 440w, https:\/\/www.remonen.fi\/WP\/wp-content\/uploads\/2017\/07\/matka_pimeaan-19-960x640.jpg 960w\" sizes=\"(max-width: 881px) 100vw, 881px\" \/><\/a><\/p>\n<p>Meid\u00e4n oli hyvin vaikea ymm\u00e4rt\u00e4\u00e4, mik\u00e4 paikka oli kyseess\u00e4. Joka tapauksessa paikallisille se oli Pyh\u00e4. Siit\u00e4 puhuttiin kuiskaten. Kaikki sen tiesiv\u00e4t, harva oli siell\u00e4 k\u00e4ynyt. Itse ep\u00e4ilin, ett\u00e4 sen on pakko liitty\u00e4 jotenkin radioaktiivisuuteen. Miksi se muuten olisi aidattu ja siell\u00e4 olisi erilliset h\u00e4t\u00e4poistumistiet? Koko paikan yll\u00e4 leijui uhkaava pys\u00e4htyneisyyden tunnelma.<\/p>\n<p><a href=\"https:\/\/www.remonen.fi\/WP\/wp-content\/uploads\/2017\/07\/matka_pimeaan-18.jpg\"><img loading=\"lazy\" decoding=\"async\" class=\"aligncenter wp-image-8672\" src=\"https:\/\/www.remonen.fi\/WP\/wp-content\/uploads\/2017\/07\/matka_pimeaan-18.jpg\" alt=\"\" width=\"586\" height=\"880\" srcset=\"https:\/\/www.remonen.fi\/WP\/wp-content\/uploads\/2017\/07\/matka_pimeaan-18.jpg 853w, https:\/\/www.remonen.fi\/WP\/wp-content\/uploads\/2017\/07\/matka_pimeaan-18-200x300.jpg 200w, https:\/\/www.remonen.fi\/WP\/wp-content\/uploads\/2017\/07\/matka_pimeaan-18-453x680.jpg 453w, https:\/\/www.remonen.fi\/WP\/wp-content\/uploads\/2017\/07\/matka_pimeaan-18-768x1152.jpg 768w, https:\/\/www.remonen.fi\/WP\/wp-content\/uploads\/2017\/07\/matka_pimeaan-18-682x1024.jpg 682w, https:\/\/www.remonen.fi\/WP\/wp-content\/uploads\/2017\/07\/matka_pimeaan-18-440x660.jpg 440w, https:\/\/www.remonen.fi\/WP\/wp-content\/uploads\/2017\/07\/matka_pimeaan-18-300x450.jpg 300w\" sizes=\"(max-width: 586px) 100vw, 586px\" \/><\/a><\/p>\n<p>Paikallinen poppamies v\u00e4itti, ett\u00e4 muinainen korkeakulttuuri olisi yritt\u00e4nyt rakentaa jotain, mik\u00e4 ei olisi fysiikan lakien mukaan mahdollista. Totutusvaiheessa kaikki oli mennyt pieleen ja paikka oli sinet\u00f6ity. Paikalliset kutsuivat sit\u00e4 nimell\u00e4, joka vapaasti k\u00e4\u00e4nnettyn\u00e4 on &#8221;min\u00e4 ajattelen&#8221; tai &#8221;min\u00e4 luulen&#8221; <em>&#8221;Me Tro&#8221;<\/em>.<\/p>\n<p><a href=\"https:\/\/www.remonen.fi\/WP\/wp-content\/uploads\/2017\/07\/matka_pimeaan-17.jpg\"><img loading=\"lazy\" decoding=\"async\" class=\"aligncenter wp-image-8671\" src=\"https:\/\/www.remonen.fi\/WP\/wp-content\/uploads\/2017\/07\/matka_pimeaan-17.jpg\" alt=\"\" width=\"586\" height=\"880\" srcset=\"https:\/\/www.remonen.fi\/WP\/wp-content\/uploads\/2017\/07\/matka_pimeaan-17.jpg 853w, https:\/\/www.remonen.fi\/WP\/wp-content\/uploads\/2017\/07\/matka_pimeaan-17-200x300.jpg 200w, https:\/\/www.remonen.fi\/WP\/wp-content\/uploads\/2017\/07\/matka_pimeaan-17-453x680.jpg 453w, https:\/\/www.remonen.fi\/WP\/wp-content\/uploads\/2017\/07\/matka_pimeaan-17-768x1152.jpg 768w, https:\/\/www.remonen.fi\/WP\/wp-content\/uploads\/2017\/07\/matka_pimeaan-17-682x1024.jpg 682w, https:\/\/www.remonen.fi\/WP\/wp-content\/uploads\/2017\/07\/matka_pimeaan-17-440x660.jpg 440w, https:\/\/www.remonen.fi\/WP\/wp-content\/uploads\/2017\/07\/matka_pimeaan-17-300x450.jpg 300w\" sizes=\"(max-width: 586px) 100vw, 586px\" \/><\/a><\/p>\n<p>No, totuus j\u00e4\u00e4nee ikuiseksi arvoitukseksi. J\u00e4timme kuitenkin t\u00e4m\u00e4n muistomerkin ja suuntasimme kohden sivilisaatiota. V\u00e4lill\u00e4 pys\u00e4hdyimme pittoreskissa kalastajakyl\u00e4ss\u00e4, jossa oli hyv\u00e4 lohileiv\u00e4t. Ja santsikupista maksettiin 5c takaisin&#8230; Juotuani 118 santsikuppia, matkakassa alkoi olemaan taas t\u00e4ysi. P\u00e4\u00e4ss\u00e4ni surisi hieman.<\/p>\n<p><a href=\"https:\/\/www.remonen.fi\/WP\/wp-content\/uploads\/2017\/07\/matka_pimeaan-20.jpg\"><img loading=\"lazy\" decoding=\"async\" class=\"aligncenter wp-image-8674\" src=\"https:\/\/www.remonen.fi\/WP\/wp-content\/uploads\/2017\/07\/matka_pimeaan-20.jpg\" alt=\"\" width=\"880\" height=\"586\" srcset=\"https:\/\/www.remonen.fi\/WP\/wp-content\/uploads\/2017\/07\/matka_pimeaan-20.jpg 1280w, https:\/\/www.remonen.fi\/WP\/wp-content\/uploads\/2017\/07\/matka_pimeaan-20-300x200.jpg 300w, https:\/\/www.remonen.fi\/WP\/wp-content\/uploads\/2017\/07\/matka_pimeaan-20-680x453.jpg 680w, https:\/\/www.remonen.fi\/WP\/wp-content\/uploads\/2017\/07\/matka_pimeaan-20-768x512.jpg 768w, https:\/\/www.remonen.fi\/WP\/wp-content\/uploads\/2017\/07\/matka_pimeaan-20-1024x682.jpg 1024w, https:\/\/www.remonen.fi\/WP\/wp-content\/uploads\/2017\/07\/matka_pimeaan-20-440x293.jpg 440w, https:\/\/www.remonen.fi\/WP\/wp-content\/uploads\/2017\/07\/matka_pimeaan-20-960x640.jpg 960w\" sizes=\"(max-width: 880px) 100vw, 880px\" \/><\/a><\/p>\n<p>Aikanaan saavuimme sitten takaisin sivilisaation pariin. Tuntui kyll\u00e4 hyv\u00e4lt\u00e4 p\u00e4\u00e4st\u00e4 pois viidakon kauhuista sivistyneiden ihmisten joukkoon.<\/p>\n<p><a href=\"https:\/\/www.remonen.fi\/WP\/wp-content\/uploads\/2017\/07\/matka_pimeaan-23.jpg\"><img loading=\"lazy\" decoding=\"async\" class=\"aligncenter wp-image-8654\" src=\"https:\/\/www.remonen.fi\/WP\/wp-content\/uploads\/2017\/07\/matka_pimeaan-23.jpg\" alt=\"\" width=\"880\" height=\"586\" srcset=\"https:\/\/www.remonen.fi\/WP\/wp-content\/uploads\/2017\/07\/matka_pimeaan-23.jpg 1280w, https:\/\/www.remonen.fi\/WP\/wp-content\/uploads\/2017\/07\/matka_pimeaan-23-300x200.jpg 300w, https:\/\/www.remonen.fi\/WP\/wp-content\/uploads\/2017\/07\/matka_pimeaan-23-680x453.jpg 680w, https:\/\/www.remonen.fi\/WP\/wp-content\/uploads\/2017\/07\/matka_pimeaan-23-768x512.jpg 768w, https:\/\/www.remonen.fi\/WP\/wp-content\/uploads\/2017\/07\/matka_pimeaan-23-1024x682.jpg 1024w, https:\/\/www.remonen.fi\/WP\/wp-content\/uploads\/2017\/07\/matka_pimeaan-23-440x293.jpg 440w, https:\/\/www.remonen.fi\/WP\/wp-content\/uploads\/2017\/07\/matka_pimeaan-23-960x640.jpg 960w\" sizes=\"(max-width: 880px) 100vw, 880px\" \/><\/a><\/p>\n<p>Kunnes katsoin tarkemmin, mit\u00e4 torilla oli kaupan.<\/p>\n<p><a href=\"https:\/\/www.remonen.fi\/WP\/wp-content\/uploads\/2017\/07\/matka_pimeaan-21.jpg\"><img loading=\"lazy\" decoding=\"async\" class=\"aligncenter wp-image-8675\" src=\"https:\/\/www.remonen.fi\/WP\/wp-content\/uploads\/2017\/07\/matka_pimeaan-21.jpg\" alt=\"\" width=\"880\" height=\"586\" srcset=\"https:\/\/www.remonen.fi\/WP\/wp-content\/uploads\/2017\/07\/matka_pimeaan-21.jpg 1280w, https:\/\/www.remonen.fi\/WP\/wp-content\/uploads\/2017\/07\/matka_pimeaan-21-300x200.jpg 300w, https:\/\/www.remonen.fi\/WP\/wp-content\/uploads\/2017\/07\/matka_pimeaan-21-680x453.jpg 680w, https:\/\/www.remonen.fi\/WP\/wp-content\/uploads\/2017\/07\/matka_pimeaan-21-768x512.jpg 768w, https:\/\/www.remonen.fi\/WP\/wp-content\/uploads\/2017\/07\/matka_pimeaan-21-1024x682.jpg 1024w, https:\/\/www.remonen.fi\/WP\/wp-content\/uploads\/2017\/07\/matka_pimeaan-21-440x293.jpg 440w, https:\/\/www.remonen.fi\/WP\/wp-content\/uploads\/2017\/07\/matka_pimeaan-21-960x640.jpg 960w\" sizes=\"(max-width: 880px) 100vw, 880px\" \/><\/a><\/p>\n<p>Dr. Livingstone, otaksun&#8230;<\/p>\n<p>&nbsp;<\/p>\n","protected":false},"excerpt":{"rendered":"<p>Jo vuosia suunniteltu matka oli vihdoinkin toteutumassa. Kaikki valmistelut oli tehty, kartat luettu, viisumit hankittu, passi uusittu ja rokotukset tarkistettu. Malarial\u00e4\u00e4kitys oli aloitettu jo hyviss\u00e4 ajoin, kiniinijauhetta oli my\u00f6s pakattu mukaan, kuten moskiittoverkotkin. Matka oli en\u00e4\u00e4 tekemist\u00e4 vaille valmis. Her\u00e4sin l\u00e4ht\u00f6aamuna malttamattomana ja s\u00f6in tukevan aamiaisen. Enh\u00e4n tiennyt koska saisin seuraavan kerran ruokaa tai n\u00e4kisink\u00f6 [&hellip;]<\/p>\n","protected":false},"author":2,"featured_media":8675,"comment_status":"open","ping_status":"closed","sticky":false,"template":"","format":"standard","meta":{"footnotes":""},"categories":[16],"tags":[327],"yoast_head":"<!-- This site is optimized with the Yoast SEO plugin v24.5 - https:\/\/yoast.com\/wordpress\/plugins\/seo\/ -->\n<title>Heart of Darkness &#187; remonen.fi<\/title>\n<meta name=\"description\" content=\"Traveloque matkasta maailman, tai ainakin Seurasaarensel\u00e4n ymp\u00e4ri. Jutussa ei ole p\u00e4\u00e4t\u00e4 eik\u00e4 h\u00e4nt\u00e4\u00e4, joten se ei eroa aiemmista jorinoista mitenk\u00e4\u00e4n.\" \/>\n<meta name=\"robots\" content=\"index, follow, max-snippet:-1, max-image-preview:large, max-video-preview:-1\" \/>\n<link rel=\"canonical\" href=\"https:\/\/www.remonen.fi\/WP\/blogi\/heart-of-darkness\/\" \/>\n<meta property=\"og:locale\" content=\"fi_FI\" \/>\n<meta property=\"og:type\" content=\"article\" \/>\n<meta property=\"og:title\" content=\"Heart of Darkness &#187; remonen.fi\" \/>\n<meta property=\"og:description\" content=\"Traveloque matkasta maailman, tai ainakin Seurasaarensel\u00e4n ymp\u00e4ri. Jutussa ei ole p\u00e4\u00e4t\u00e4 eik\u00e4 h\u00e4nt\u00e4\u00e4, joten se ei eroa aiemmista jorinoista mitenk\u00e4\u00e4n.\" \/>\n<meta property=\"og:url\" content=\"https:\/\/www.remonen.fi\/WP\/blogi\/heart-of-darkness\/\" \/>\n<meta property=\"og:site_name\" content=\"remonen.fi\" \/>\n<meta property=\"article:published_time\" content=\"2017-07-22T16:28:40+00:00\" \/>\n<meta property=\"og:image\" content=\"https:\/\/www.remonen.fi\/WP\/wp-content\/uploads\/2017\/07\/matka_pimeaan-21.jpg\" \/>\n\t<meta property=\"og:image:width\" content=\"1280\" \/>\n\t<meta property=\"og:image:height\" content=\"853\" \/>\n\t<meta property=\"og:image:type\" content=\"image\/jpeg\" \/>\n<meta name=\"author\" content=\"Matti Remonen\" \/>\n<meta name=\"twitter:label1\" content=\"Kirjoittanut\" \/>\n\t<meta name=\"twitter:data1\" content=\"Matti Remonen\" \/>\n\t<meta name=\"twitter:label2\" content=\"Arvioitu lukuaika\" \/>\n\t<meta name=\"twitter:data2\" content=\"3 minuuttia\" \/>\n<script type=\"application\/ld+json\" class=\"yoast-schema-graph\">{\"@context\":\"https:\/\/schema.org\",\"@graph\":[{\"@type\":\"Article\",\"@id\":\"https:\/\/www.remonen.fi\/WP\/blogi\/heart-of-darkness\/#article\",\"isPartOf\":{\"@id\":\"https:\/\/www.remonen.fi\/WP\/blogi\/heart-of-darkness\/\"},\"author\":{\"name\":\"Matti Remonen\",\"@id\":\"https:\/\/www.remonen.fi\/WP\/#\/schema\/person\/1803c23d1d4f6722054eb2ac7f7a97cd\"},\"headline\":\"Heart of Darkness\",\"datePublished\":\"2017-07-22T16:28:40+00:00\",\"mainEntityOfPage\":{\"@id\":\"https:\/\/www.remonen.fi\/WP\/blogi\/heart-of-darkness\/\"},\"wordCount\":621,\"commentCount\":2,\"publisher\":{\"@id\":\"https:\/\/www.remonen.fi\/WP\/#\/schema\/person\/1803c23d1d4f6722054eb2ac7f7a97cd\"},\"image\":{\"@id\":\"https:\/\/www.remonen.fi\/WP\/blogi\/heart-of-darkness\/#primaryimage\"},\"thumbnailUrl\":\"https:\/\/www.remonen.fi\/WP\/wp-content\/uploads\/2017\/07\/matka_pimeaan-21.jpg\",\"keywords\":[\"Traveloque\"],\"articleSection\":[\"Blog\"],\"inLanguage\":\"fi\",\"potentialAction\":[{\"@type\":\"CommentAction\",\"name\":\"Comment\",\"target\":[\"https:\/\/www.remonen.fi\/WP\/blogi\/heart-of-darkness\/#respond\"]}]},{\"@type\":\"WebPage\",\"@id\":\"https:\/\/www.remonen.fi\/WP\/blogi\/heart-of-darkness\/\",\"url\":\"https:\/\/www.remonen.fi\/WP\/blogi\/heart-of-darkness\/\",\"name\":\"Heart of Darkness &#187; remonen.fi\",\"isPartOf\":{\"@id\":\"https:\/\/www.remonen.fi\/WP\/#website\"},\"primaryImageOfPage\":{\"@id\":\"https:\/\/www.remonen.fi\/WP\/blogi\/heart-of-darkness\/#primaryimage\"},\"image\":{\"@id\":\"https:\/\/www.remonen.fi\/WP\/blogi\/heart-of-darkness\/#primaryimage\"},\"thumbnailUrl\":\"https:\/\/www.remonen.fi\/WP\/wp-content\/uploads\/2017\/07\/matka_pimeaan-21.jpg\",\"datePublished\":\"2017-07-22T16:28:40+00:00\",\"description\":\"Traveloque matkasta maailman, tai ainakin Seurasaarensel\u00e4n ymp\u00e4ri. Jutussa ei ole p\u00e4\u00e4t\u00e4 eik\u00e4 h\u00e4nt\u00e4\u00e4, joten se ei eroa aiemmista jorinoista mitenk\u00e4\u00e4n.\",\"breadcrumb\":{\"@id\":\"https:\/\/www.remonen.fi\/WP\/blogi\/heart-of-darkness\/#breadcrumb\"},\"inLanguage\":\"fi\",\"potentialAction\":[{\"@type\":\"ReadAction\",\"target\":[\"https:\/\/www.remonen.fi\/WP\/blogi\/heart-of-darkness\/\"]}]},{\"@type\":\"ImageObject\",\"inLanguage\":\"fi\",\"@id\":\"https:\/\/www.remonen.fi\/WP\/blogi\/heart-of-darkness\/#primaryimage\",\"url\":\"https:\/\/www.remonen.fi\/WP\/wp-content\/uploads\/2017\/07\/matka_pimeaan-21.jpg\",\"contentUrl\":\"https:\/\/www.remonen.fi\/WP\/wp-content\/uploads\/2017\/07\/matka_pimeaan-21.jpg\",\"width\":1280,\"height\":853},{\"@type\":\"BreadcrumbList\",\"@id\":\"https:\/\/www.remonen.fi\/WP\/blogi\/heart-of-darkness\/#breadcrumb\",\"itemListElement\":[{\"@type\":\"ListItem\",\"position\":1,\"name\":\"Etusivu\",\"item\":\"https:\/\/www.remonen.fi\/WP\/\"},{\"@type\":\"ListItem\",\"position\":2,\"name\":\"Heart of Darkness\"}]},{\"@type\":\"WebSite\",\"@id\":\"https:\/\/www.remonen.fi\/WP\/#website\",\"url\":\"https:\/\/www.remonen.fi\/WP\/\",\"name\":\"remonen.fi\",\"description\":\"Valokuvia ja tarinaa laidasta laitaan\",\"publisher\":{\"@id\":\"https:\/\/www.remonen.fi\/WP\/#\/schema\/person\/1803c23d1d4f6722054eb2ac7f7a97cd\"},\"potentialAction\":[{\"@type\":\"SearchAction\",\"target\":{\"@type\":\"EntryPoint\",\"urlTemplate\":\"https:\/\/www.remonen.fi\/WP\/?s={search_term_string}\"},\"query-input\":{\"@type\":\"PropertyValueSpecification\",\"valueRequired\":true,\"valueName\":\"search_term_string\"}}],\"inLanguage\":\"fi\"},{\"@type\":[\"Person\",\"Organization\"],\"@id\":\"https:\/\/www.remonen.fi\/WP\/#\/schema\/person\/1803c23d1d4f6722054eb2ac7f7a97cd\",\"name\":\"Matti Remonen\",\"logo\":{\"@id\":\"https:\/\/www.remonen.fi\/WP\/#\/schema\/person\/image\/\"},\"url\":\"https:\/\/www.remonen.fi\/WP\/blogi\/author\/mre\/\"}]}<\/script>\n<!-- \/ Yoast SEO plugin. -->","yoast_head_json":{"title":"Heart of Darkness &#187; remonen.fi","description":"Traveloque matkasta maailman, tai ainakin Seurasaarensel\u00e4n ymp\u00e4ri. Jutussa ei ole p\u00e4\u00e4t\u00e4 eik\u00e4 h\u00e4nt\u00e4\u00e4, joten se ei eroa aiemmista jorinoista mitenk\u00e4\u00e4n.","robots":{"index":"index","follow":"follow","max-snippet":"max-snippet:-1","max-image-preview":"max-image-preview:large","max-video-preview":"max-video-preview:-1"},"canonical":"https:\/\/www.remonen.fi\/WP\/blogi\/heart-of-darkness\/","og_locale":"fi_FI","og_type":"article","og_title":"Heart of Darkness &#187; remonen.fi","og_description":"Traveloque matkasta maailman, tai ainakin Seurasaarensel\u00e4n ymp\u00e4ri. Jutussa ei ole p\u00e4\u00e4t\u00e4 eik\u00e4 h\u00e4nt\u00e4\u00e4, joten se ei eroa aiemmista jorinoista mitenk\u00e4\u00e4n.","og_url":"https:\/\/www.remonen.fi\/WP\/blogi\/heart-of-darkness\/","og_site_name":"remonen.fi","article_published_time":"2017-07-22T16:28:40+00:00","og_image":[{"width":1280,"height":853,"url":"https:\/\/www.remonen.fi\/WP\/wp-content\/uploads\/2017\/07\/matka_pimeaan-21.jpg","type":"image\/jpeg"}],"author":"Matti Remonen","twitter_misc":{"Kirjoittanut":"Matti Remonen","Arvioitu lukuaika":"3 minuuttia"},"schema":{"@context":"https:\/\/schema.org","@graph":[{"@type":"Article","@id":"https:\/\/www.remonen.fi\/WP\/blogi\/heart-of-darkness\/#article","isPartOf":{"@id":"https:\/\/www.remonen.fi\/WP\/blogi\/heart-of-darkness\/"},"author":{"name":"Matti Remonen","@id":"https:\/\/www.remonen.fi\/WP\/#\/schema\/person\/1803c23d1d4f6722054eb2ac7f7a97cd"},"headline":"Heart of Darkness","datePublished":"2017-07-22T16:28:40+00:00","mainEntityOfPage":{"@id":"https:\/\/www.remonen.fi\/WP\/blogi\/heart-of-darkness\/"},"wordCount":621,"commentCount":2,"publisher":{"@id":"https:\/\/www.remonen.fi\/WP\/#\/schema\/person\/1803c23d1d4f6722054eb2ac7f7a97cd"},"image":{"@id":"https:\/\/www.remonen.fi\/WP\/blogi\/heart-of-darkness\/#primaryimage"},"thumbnailUrl":"https:\/\/www.remonen.fi\/WP\/wp-content\/uploads\/2017\/07\/matka_pimeaan-21.jpg","keywords":["Traveloque"],"articleSection":["Blog"],"inLanguage":"fi","potentialAction":[{"@type":"CommentAction","name":"Comment","target":["https:\/\/www.remonen.fi\/WP\/blogi\/heart-of-darkness\/#respond"]}]},{"@type":"WebPage","@id":"https:\/\/www.remonen.fi\/WP\/blogi\/heart-of-darkness\/","url":"https:\/\/www.remonen.fi\/WP\/blogi\/heart-of-darkness\/","name":"Heart of Darkness &#187; remonen.fi","isPartOf":{"@id":"https:\/\/www.remonen.fi\/WP\/#website"},"primaryImageOfPage":{"@id":"https:\/\/www.remonen.fi\/WP\/blogi\/heart-of-darkness\/#primaryimage"},"image":{"@id":"https:\/\/www.remonen.fi\/WP\/blogi\/heart-of-darkness\/#primaryimage"},"thumbnailUrl":"https:\/\/www.remonen.fi\/WP\/wp-content\/uploads\/2017\/07\/matka_pimeaan-21.jpg","datePublished":"2017-07-22T16:28:40+00:00","description":"Traveloque matkasta maailman, tai ainakin Seurasaarensel\u00e4n ymp\u00e4ri. Jutussa ei ole p\u00e4\u00e4t\u00e4 eik\u00e4 h\u00e4nt\u00e4\u00e4, joten se ei eroa aiemmista jorinoista mitenk\u00e4\u00e4n.","breadcrumb":{"@id":"https:\/\/www.remonen.fi\/WP\/blogi\/heart-of-darkness\/#breadcrumb"},"inLanguage":"fi","potentialAction":[{"@type":"ReadAction","target":["https:\/\/www.remonen.fi\/WP\/blogi\/heart-of-darkness\/"]}]},{"@type":"ImageObject","inLanguage":"fi","@id":"https:\/\/www.remonen.fi\/WP\/blogi\/heart-of-darkness\/#primaryimage","url":"https:\/\/www.remonen.fi\/WP\/wp-content\/uploads\/2017\/07\/matka_pimeaan-21.jpg","contentUrl":"https:\/\/www.remonen.fi\/WP\/wp-content\/uploads\/2017\/07\/matka_pimeaan-21.jpg","width":1280,"height":853},{"@type":"BreadcrumbList","@id":"https:\/\/www.remonen.fi\/WP\/blogi\/heart-of-darkness\/#breadcrumb","itemListElement":[{"@type":"ListItem","position":1,"name":"Etusivu","item":"https:\/\/www.remonen.fi\/WP\/"},{"@type":"ListItem","position":2,"name":"Heart of Darkness"}]},{"@type":"WebSite","@id":"https:\/\/www.remonen.fi\/WP\/#website","url":"https:\/\/www.remonen.fi\/WP\/","name":"remonen.fi","description":"Valokuvia ja tarinaa laidasta laitaan","publisher":{"@id":"https:\/\/www.remonen.fi\/WP\/#\/schema\/person\/1803c23d1d4f6722054eb2ac7f7a97cd"},"potentialAction":[{"@type":"SearchAction","target":{"@type":"EntryPoint","urlTemplate":"https:\/\/www.remonen.fi\/WP\/?s={search_term_string}"},"query-input":{"@type":"PropertyValueSpecification","valueRequired":true,"valueName":"search_term_string"}}],"inLanguage":"fi"},{"@type":["Person","Organization"],"@id":"https:\/\/www.remonen.fi\/WP\/#\/schema\/person\/1803c23d1d4f6722054eb2ac7f7a97cd","name":"Matti Remonen","logo":{"@id":"https:\/\/www.remonen.fi\/WP\/#\/schema\/person\/image\/"},"url":"https:\/\/www.remonen.fi\/WP\/blogi\/author\/mre\/"}]}},"_links":{"self":[{"href":"https:\/\/www.remonen.fi\/WP\/wp-json\/wp\/v2\/posts\/8653"}],"collection":[{"href":"https:\/\/www.remonen.fi\/WP\/wp-json\/wp\/v2\/posts"}],"about":[{"href":"https:\/\/www.remonen.fi\/WP\/wp-json\/wp\/v2\/types\/post"}],"author":[{"embeddable":true,"href":"https:\/\/www.remonen.fi\/WP\/wp-json\/wp\/v2\/users\/2"}],"replies":[{"embeddable":true,"href":"https:\/\/www.remonen.fi\/WP\/wp-json\/wp\/v2\/comments?post=8653"}],"version-history":[{"count":5,"href":"https:\/\/www.remonen.fi\/WP\/wp-json\/wp\/v2\/posts\/8653\/revisions"}],"predecessor-version":[{"id":8681,"href":"https:\/\/www.remonen.fi\/WP\/wp-json\/wp\/v2\/posts\/8653\/revisions\/8681"}],"wp:featuredmedia":[{"embeddable":true,"href":"https:\/\/www.remonen.fi\/WP\/wp-json\/wp\/v2\/media\/8675"}],"wp:attachment":[{"href":"https:\/\/www.remonen.fi\/WP\/wp-json\/wp\/v2\/media?parent=8653"}],"wp:term":[{"taxonomy":"category","embeddable":true,"href":"https:\/\/www.remonen.fi\/WP\/wp-json\/wp\/v2\/categories?post=8653"},{"taxonomy":"post_tag","embeddable":true,"href":"https:\/\/www.remonen.fi\/WP\/wp-json\/wp\/v2\/tags?post=8653"}],"curies":[{"name":"wp","href":"https:\/\/api.w.org\/{rel}","templated":true}]}}