{"id":8695,"date":"2017-08-29T08:59:55","date_gmt":"2017-08-29T05:59:55","guid":{"rendered":"http:\/\/www.remonen.fi\/?p=8695"},"modified":"2017-08-29T08:59:55","modified_gmt":"2017-08-29T05:59:55","slug":"puutarhanhoitoa","status":"publish","type":"post","link":"https:\/\/www.remonen.fi\/WP\/blogi\/puutarhanhoitoa\/","title":{"rendered":"Puutarhanhoitoa"},"content":{"rendered":"<p>Muista kiireist\u00e4 johtuen on t\u00e4m\u00e4 Taiteiden Y\u00f6 -p\u00e4ivitys j\u00e4\u00e4nyt hieman pienemm\u00e4lle huomiolle. Mutta josko nyt.<\/p>\n<p><a href=\"https:\/\/www.remonen.fi\/WP\/wp-content\/uploads\/2017\/08\/taiteiden_yo_2017-1.jpg\"><img loading=\"lazy\" decoding=\"async\" class=\"aligncenter wp-image-8686\" title=\"Credit: Matti Remonen | Taken: 24 elokuun, 2017 | Copyright: (c) Matti Remonen | Keywords: Taiteiden y\u00f6 2017, Tapahtumat | \" src=\"https:\/\/www.remonen.fi\/WP\/wp-content\/uploads\/2017\/08\/taiteiden_yo_2017-1.jpg\" alt=\"Taiteiden Y\u00f6 2017\" width=\"587\" height=\"880\" srcset=\"https:\/\/www.remonen.fi\/WP\/wp-content\/uploads\/2017\/08\/taiteiden_yo_2017-1.jpg 854w, https:\/\/www.remonen.fi\/WP\/wp-content\/uploads\/2017\/08\/taiteiden_yo_2017-1-200x300.jpg 200w, https:\/\/www.remonen.fi\/WP\/wp-content\/uploads\/2017\/08\/taiteiden_yo_2017-1-454x680.jpg 454w, https:\/\/www.remonen.fi\/WP\/wp-content\/uploads\/2017\/08\/taiteiden_yo_2017-1-768x1151.jpg 768w, https:\/\/www.remonen.fi\/WP\/wp-content\/uploads\/2017\/08\/taiteiden_yo_2017-1-683x1024.jpg 683w, https:\/\/www.remonen.fi\/WP\/wp-content\/uploads\/2017\/08\/taiteiden_yo_2017-1-440x659.jpg 440w, https:\/\/www.remonen.fi\/WP\/wp-content\/uploads\/2017\/08\/taiteiden_yo_2017-1-300x450.jpg 300w\" sizes=\"(max-width: 587px) 100vw, 587px\" \/><\/a><\/p>\n<p>Kes\u00e4 on k\u00e4\u00e4ntynyt siihen asentoon, ett\u00e4 on aika Helsingin Juhlaviikkojen ja eritoten Taiteiden Y\u00f6n. Ja sinne mekin matkustimme ty\u00e4p\u00e4iv\u00e4n p\u00e4\u00e4tteeksi. Onhan tuolla jo useampana vuonna tullut k\u00e4yty\u00e4 ja mik\u00e4s siin\u00e4, varsin mukavasta tapahtumasta kun on kyse.<\/p>\n<p><a href=\"https:\/\/www.remonen.fi\/WP\/wp-content\/uploads\/2017\/08\/taiteiden_yo_2017-2.jpg\"><img loading=\"lazy\" decoding=\"async\" class=\"aligncenter wp-image-8687\" title=\"Credit: Matti Remonen | Taken: 24 elokuun, 2017 | Copyright: (c) Matti Remonen | Keywords: Taiteiden y\u00f6 2017, Tapahtumat | \" src=\"https:\/\/www.remonen.fi\/WP\/wp-content\/uploads\/2017\/08\/taiteiden_yo_2017-2.jpg\" alt=\"Taiteiden Y\u00f6 2017\" width=\"587\" height=\"880\" srcset=\"https:\/\/www.remonen.fi\/WP\/wp-content\/uploads\/2017\/08\/taiteiden_yo_2017-2.jpg 854w, https:\/\/www.remonen.fi\/WP\/wp-content\/uploads\/2017\/08\/taiteiden_yo_2017-2-200x300.jpg 200w, https:\/\/www.remonen.fi\/WP\/wp-content\/uploads\/2017\/08\/taiteiden_yo_2017-2-454x680.jpg 454w, https:\/\/www.remonen.fi\/WP\/wp-content\/uploads\/2017\/08\/taiteiden_yo_2017-2-768x1151.jpg 768w, https:\/\/www.remonen.fi\/WP\/wp-content\/uploads\/2017\/08\/taiteiden_yo_2017-2-683x1024.jpg 683w, https:\/\/www.remonen.fi\/WP\/wp-content\/uploads\/2017\/08\/taiteiden_yo_2017-2-440x659.jpg 440w, https:\/\/www.remonen.fi\/WP\/wp-content\/uploads\/2017\/08\/taiteiden_yo_2017-2-300x450.jpg 300w\" sizes=\"(max-width: 587px) 100vw, 587px\" \/><\/a><\/p>\n<p>T\u00e4ll\u00e4 kertaa menimme ihan isolle kirkolle monessakin mieless\u00e4. Taiteiden y\u00f6n p\u00e4\u00e4tapahtuma oli t\u00e4ll\u00e4kin kertaa sijoitettu Senaatintorille ja sinne oli rakennettu &#8221;Salainen Puutarha&#8221;.<\/p>\n<p><a href=\"https:\/\/www.remonen.fi\/WP\/wp-content\/uploads\/2017\/08\/taiteiden_yo_2017-3.jpg\"><img loading=\"lazy\" decoding=\"async\" class=\"aligncenter wp-image-8688\" title=\"Credit: Matti Remonen | Taken: 24 elokuun, 2017 | Copyright: (c) Matti Remonen | Keywords: Taiteiden y\u00f6 2017, Tapahtumat | \" src=\"https:\/\/www.remonen.fi\/WP\/wp-content\/uploads\/2017\/08\/taiteiden_yo_2017-3.jpg\" alt=\"Taiteiden Y\u00f6 2017\" width=\"880\" height=\"587\" srcset=\"https:\/\/www.remonen.fi\/WP\/wp-content\/uploads\/2017\/08\/taiteiden_yo_2017-3.jpg 1280w, https:\/\/www.remonen.fi\/WP\/wp-content\/uploads\/2017\/08\/taiteiden_yo_2017-3-300x200.jpg 300w, https:\/\/www.remonen.fi\/WP\/wp-content\/uploads\/2017\/08\/taiteiden_yo_2017-3-680x454.jpg 680w, https:\/\/www.remonen.fi\/WP\/wp-content\/uploads\/2017\/08\/taiteiden_yo_2017-3-768x512.jpg 768w, https:\/\/www.remonen.fi\/WP\/wp-content\/uploads\/2017\/08\/taiteiden_yo_2017-3-1024x683.jpg 1024w, https:\/\/www.remonen.fi\/WP\/wp-content\/uploads\/2017\/08\/taiteiden_yo_2017-3-440x294.jpg 440w, https:\/\/www.remonen.fi\/WP\/wp-content\/uploads\/2017\/08\/taiteiden_yo_2017-3-960x641.jpg 960w\" sizes=\"(max-width: 880px) 100vw, 880px\" \/><\/a><\/p>\n<p>Puutarhassa oli puutarhan lis\u00e4ksi esiintyvi\u00e4 taiteilijoita ja t\u00e4n\u00e4 vuonna my\u00f6s yleis\u00f6\u00e4 osallistavia puuharasteja. Mik\u00e4 sin\u00e4ns\u00e4 oli varsin kiva idea. Aika ei mennyt pelk\u00e4st\u00e4\u00e4n toljottaessa.<\/p>\n<p><a href=\"https:\/\/www.remonen.fi\/WP\/wp-content\/uploads\/2017\/08\/taiteiden_yo_2017-4.jpg\"><img loading=\"lazy\" decoding=\"async\" class=\"aligncenter wp-image-8689\" title=\"Credit: Matti Remonen | Taken: 24 elokuun, 2017 | Copyright: (c) Matti Remonen | Keywords: Taiteiden y\u00f6 2017, Tapahtumat | \" src=\"https:\/\/www.remonen.fi\/WP\/wp-content\/uploads\/2017\/08\/taiteiden_yo_2017-4.jpg\" alt=\"Taiteiden y\u00f6 2017\" width=\"587\" height=\"880\" srcset=\"https:\/\/www.remonen.fi\/WP\/wp-content\/uploads\/2017\/08\/taiteiden_yo_2017-4.jpg 854w, https:\/\/www.remonen.fi\/WP\/wp-content\/uploads\/2017\/08\/taiteiden_yo_2017-4-200x300.jpg 200w, https:\/\/www.remonen.fi\/WP\/wp-content\/uploads\/2017\/08\/taiteiden_yo_2017-4-454x680.jpg 454w, https:\/\/www.remonen.fi\/WP\/wp-content\/uploads\/2017\/08\/taiteiden_yo_2017-4-768x1151.jpg 768w, https:\/\/www.remonen.fi\/WP\/wp-content\/uploads\/2017\/08\/taiteiden_yo_2017-4-683x1024.jpg 683w, https:\/\/www.remonen.fi\/WP\/wp-content\/uploads\/2017\/08\/taiteiden_yo_2017-4-440x659.jpg 440w, https:\/\/www.remonen.fi\/WP\/wp-content\/uploads\/2017\/08\/taiteiden_yo_2017-4-300x450.jpg 300w\" sizes=\"(max-width: 587px) 100vw, 587px\" \/><\/a><\/p>\n<p><a href=\"https:\/\/www.remonen.fi\/WP\/wp-content\/uploads\/2017\/08\/taiteiden_yo_2017-7.jpg\"><img loading=\"lazy\" decoding=\"async\" class=\"aligncenter wp-image-8692\" title=\"Credit: Matti Remonen | Taken: 24 elokuun, 2017 | Copyright: (c) Matti Remonen | Keywords: Taiteiden y\u00f6 2017, Tapahtumat | \" src=\"https:\/\/www.remonen.fi\/WP\/wp-content\/uploads\/2017\/08\/taiteiden_yo_2017-7.jpg\" alt=\"Taiteiden Y\u00f6 2017\" width=\"587\" height=\"880\" srcset=\"https:\/\/www.remonen.fi\/WP\/wp-content\/uploads\/2017\/08\/taiteiden_yo_2017-7.jpg 854w, https:\/\/www.remonen.fi\/WP\/wp-content\/uploads\/2017\/08\/taiteiden_yo_2017-7-200x300.jpg 200w, https:\/\/www.remonen.fi\/WP\/wp-content\/uploads\/2017\/08\/taiteiden_yo_2017-7-454x680.jpg 454w, https:\/\/www.remonen.fi\/WP\/wp-content\/uploads\/2017\/08\/taiteiden_yo_2017-7-768x1151.jpg 768w, https:\/\/www.remonen.fi\/WP\/wp-content\/uploads\/2017\/08\/taiteiden_yo_2017-7-683x1024.jpg 683w, https:\/\/www.remonen.fi\/WP\/wp-content\/uploads\/2017\/08\/taiteiden_yo_2017-7-440x659.jpg 440w, https:\/\/www.remonen.fi\/WP\/wp-content\/uploads\/2017\/08\/taiteiden_yo_2017-7-300x450.jpg 300w\" sizes=\"(max-width: 587px) 100vw, 587px\" \/><\/a><\/p>\n<p><a href=\"https:\/\/www.remonen.fi\/WP\/wp-content\/uploads\/2017\/08\/taiteiden_yo_2017-8.jpg\"><img loading=\"lazy\" decoding=\"async\" class=\"aligncenter wp-image-8693\" title=\"Credit: Matti Remonen | Taken: 24 elokuun, 2017 | Copyright: (c) Matti Remonen | Keywords: Taiteiden y\u00f6 2017, Tapahtumat | \" src=\"https:\/\/www.remonen.fi\/WP\/wp-content\/uploads\/2017\/08\/taiteiden_yo_2017-8.jpg\" alt=\"Taiteiden Y\u00f6 2017\" width=\"587\" height=\"880\" srcset=\"https:\/\/www.remonen.fi\/WP\/wp-content\/uploads\/2017\/08\/taiteiden_yo_2017-8.jpg 854w, https:\/\/www.remonen.fi\/WP\/wp-content\/uploads\/2017\/08\/taiteiden_yo_2017-8-200x300.jpg 200w, https:\/\/www.remonen.fi\/WP\/wp-content\/uploads\/2017\/08\/taiteiden_yo_2017-8-454x680.jpg 454w, https:\/\/www.remonen.fi\/WP\/wp-content\/uploads\/2017\/08\/taiteiden_yo_2017-8-768x1151.jpg 768w, https:\/\/www.remonen.fi\/WP\/wp-content\/uploads\/2017\/08\/taiteiden_yo_2017-8-683x1024.jpg 683w, https:\/\/www.remonen.fi\/WP\/wp-content\/uploads\/2017\/08\/taiteiden_yo_2017-8-440x659.jpg 440w, https:\/\/www.remonen.fi\/WP\/wp-content\/uploads\/2017\/08\/taiteiden_yo_2017-8-300x450.jpg 300w\" sizes=\"(max-width: 587px) 100vw, 587px\" \/><\/a><\/p>\n<p>S\u00e4\u00e4kin suosi tapahtumaa sen verran kuin t\u00e4n\u00e4 vuonna s\u00e4\u00e4 nyt on suosinut yht\u00e4\u00e4n mit\u00e4\u00e4n. Eli ei siis satanut. Mutta ei kyll\u00e4 hellek\u00e4\u00e4n h\u00e4irinnyt.<\/p>\n<p><a href=\"https:\/\/www.remonen.fi\/WP\/wp-content\/uploads\/2017\/08\/taiteiden_yo_2017-5.jpg\"><img loading=\"lazy\" decoding=\"async\" class=\"aligncenter wp-image-8690\" title=\"Credit: Matti Remonen | Taken: 24 elokuun, 2017 | Copyright: (c) Matti Remonen | Keywords: Taiteiden y\u00f6 2017, Tapahtumat | \" src=\"https:\/\/www.remonen.fi\/WP\/wp-content\/uploads\/2017\/08\/taiteiden_yo_2017-5.jpg\" alt=\"Taiteiden Y\u00f6 2017\" width=\"587\" height=\"880\" srcset=\"https:\/\/www.remonen.fi\/WP\/wp-content\/uploads\/2017\/08\/taiteiden_yo_2017-5.jpg 854w, https:\/\/www.remonen.fi\/WP\/wp-content\/uploads\/2017\/08\/taiteiden_yo_2017-5-200x300.jpg 200w, https:\/\/www.remonen.fi\/WP\/wp-content\/uploads\/2017\/08\/taiteiden_yo_2017-5-454x680.jpg 454w, https:\/\/www.remonen.fi\/WP\/wp-content\/uploads\/2017\/08\/taiteiden_yo_2017-5-768x1151.jpg 768w, https:\/\/www.remonen.fi\/WP\/wp-content\/uploads\/2017\/08\/taiteiden_yo_2017-5-683x1024.jpg 683w, https:\/\/www.remonen.fi\/WP\/wp-content\/uploads\/2017\/08\/taiteiden_yo_2017-5-440x659.jpg 440w, https:\/\/www.remonen.fi\/WP\/wp-content\/uploads\/2017\/08\/taiteiden_yo_2017-5-300x450.jpg 300w\" sizes=\"(max-width: 587px) 100vw, 587px\" \/><\/a><\/p>\n<p><a href=\"https:\/\/www.remonen.fi\/WP\/wp-content\/uploads\/2017\/08\/taiteiden_yo_2017-6.jpg\"><img loading=\"lazy\" decoding=\"async\" class=\"aligncenter wp-image-8691\" title=\"Credit: Matti Remonen | Taken: 24 elokuun, 2017 | Copyright: (c) Matti Remonen | Keywords: Taiteiden y\u00f6 2017, Tapahtumat | \" src=\"https:\/\/www.remonen.fi\/WP\/wp-content\/uploads\/2017\/08\/taiteiden_yo_2017-6.jpg\" alt=\"Taiteiden Y\u00f6 2017\" width=\"587\" height=\"880\" srcset=\"https:\/\/www.remonen.fi\/WP\/wp-content\/uploads\/2017\/08\/taiteiden_yo_2017-6.jpg 854w, https:\/\/www.remonen.fi\/WP\/wp-content\/uploads\/2017\/08\/taiteiden_yo_2017-6-200x300.jpg 200w, https:\/\/www.remonen.fi\/WP\/wp-content\/uploads\/2017\/08\/taiteiden_yo_2017-6-454x680.jpg 454w, https:\/\/www.remonen.fi\/WP\/wp-content\/uploads\/2017\/08\/taiteiden_yo_2017-6-768x1151.jpg 768w, https:\/\/www.remonen.fi\/WP\/wp-content\/uploads\/2017\/08\/taiteiden_yo_2017-6-683x1024.jpg 683w, https:\/\/www.remonen.fi\/WP\/wp-content\/uploads\/2017\/08\/taiteiden_yo_2017-6-440x659.jpg 440w, https:\/\/www.remonen.fi\/WP\/wp-content\/uploads\/2017\/08\/taiteiden_yo_2017-6-300x450.jpg 300w\" sizes=\"(max-width: 587px) 100vw, 587px\" \/><\/a><\/p>\n<p>Py\u00f6r\u00e4hdimme viel\u00e4 pikaisesti torikortteleissa, joista onkin kuoriutunut varsin mukava alue keskelle Helsinki\u00e4. Tosin ottanee aikansa, ennen kuin ne ovat osa ihmisten normaalia kulkureitti\u00e4. Lopuksi k\u00e4velimme Espan kautta metrolle ja kotiin.<\/p>\n<p><a href=\"https:\/\/www.remonen.fi\/WP\/wp-content\/uploads\/2017\/08\/taiteiden_yo_2017-9.jpg\"><img loading=\"lazy\" decoding=\"async\" class=\"aligncenter wp-image-8685\" title=\"Credit: Matti Remonen | Taken: 24 elokuun, 2017 | Copyright: (c) Matti Remonen | Keywords: Taiteiden y\u00f6 2017, Tapahtumat | \" src=\"https:\/\/www.remonen.fi\/WP\/wp-content\/uploads\/2017\/08\/taiteiden_yo_2017-9.jpg\" alt=\"Taiteiden Y\u00f6 2017\" width=\"587\" height=\"880\" srcset=\"https:\/\/www.remonen.fi\/WP\/wp-content\/uploads\/2017\/08\/taiteiden_yo_2017-9.jpg 854w, https:\/\/www.remonen.fi\/WP\/wp-content\/uploads\/2017\/08\/taiteiden_yo_2017-9-200x300.jpg 200w, https:\/\/www.remonen.fi\/WP\/wp-content\/uploads\/2017\/08\/taiteiden_yo_2017-9-454x680.jpg 454w, https:\/\/www.remonen.fi\/WP\/wp-content\/uploads\/2017\/08\/taiteiden_yo_2017-9-768x1151.jpg 768w, https:\/\/www.remonen.fi\/WP\/wp-content\/uploads\/2017\/08\/taiteiden_yo_2017-9-683x1024.jpg 683w, https:\/\/www.remonen.fi\/WP\/wp-content\/uploads\/2017\/08\/taiteiden_yo_2017-9-440x659.jpg 440w, https:\/\/www.remonen.fi\/WP\/wp-content\/uploads\/2017\/08\/taiteiden_yo_2017-9-300x450.jpg 300w\" sizes=\"(max-width: 587px) 100vw, 587px\" \/><\/a><\/p>\n<p>Puutarhaa hoiti ja taidetta mesenoi Nikon D810 + Nikkor AF-S 24-120\/4G VR<\/p>\n","protected":false},"excerpt":{"rendered":"<p>Muista kiireist\u00e4 johtuen on t\u00e4m\u00e4 Taiteiden Y\u00f6 -p\u00e4ivitys j\u00e4\u00e4nyt hieman pienemm\u00e4lle huomiolle. Mutta josko nyt. Kes\u00e4 on k\u00e4\u00e4ntynyt siihen asentoon, ett\u00e4 on aika Helsingin Juhlaviikkojen ja eritoten Taiteiden Y\u00f6n. Ja sinne mekin matkustimme ty\u00e4p\u00e4iv\u00e4n p\u00e4\u00e4tteeksi. Onhan tuolla jo useampana vuonna tullut k\u00e4yty\u00e4 ja mik\u00e4s siin\u00e4, varsin mukavasta tapahtumasta kun on kyse. T\u00e4ll\u00e4 kertaa menimme ihan [&hellip;]<\/p>\n","protected":false},"author":2,"featured_media":8688,"comment_status":"open","ping_status":"closed","sticky":false,"template":"","format":"standard","meta":{"footnotes":""},"categories":[16],"tags":[328,250],"yoast_head":"<!-- This site is optimized with the Yoast SEO plugin v24.5 - https:\/\/yoast.com\/wordpress\/plugins\/seo\/ -->\n<title>Puutarhanhoitoa &#187; remonen.fi<\/title>\n<meta name=\"description\" content=\"Helsingin Juhlaviikot ja Taiteiden Y\u00f6. Pikaiseltaan k\u00e4ytiin t\u00f6iden p\u00e4\u00e4lle Senaatintorilla k\u00e4\u00e4ntym\u00e4ss\u00e4. Olihan siell\u00e4 kaikenlaista.\" \/>\n<meta name=\"robots\" content=\"index, follow, max-snippet:-1, max-image-preview:large, max-video-preview:-1\" \/>\n<link rel=\"canonical\" href=\"https:\/\/www.remonen.fi\/WP\/blogi\/puutarhanhoitoa\/\" \/>\n<meta property=\"og:locale\" content=\"fi_FI\" \/>\n<meta property=\"og:type\" content=\"article\" \/>\n<meta property=\"og:title\" content=\"Puutarhanhoitoa &#187; remonen.fi\" \/>\n<meta property=\"og:description\" content=\"Helsingin Juhlaviikot ja Taiteiden Y\u00f6. Pikaiseltaan k\u00e4ytiin t\u00f6iden p\u00e4\u00e4lle Senaatintorilla k\u00e4\u00e4ntym\u00e4ss\u00e4. Olihan siell\u00e4 kaikenlaista.\" \/>\n<meta property=\"og:url\" content=\"https:\/\/www.remonen.fi\/WP\/blogi\/puutarhanhoitoa\/\" \/>\n<meta property=\"og:site_name\" content=\"remonen.fi\" \/>\n<meta property=\"article:published_time\" content=\"2017-08-29T05:59:55+00:00\" \/>\n<meta property=\"og:image\" content=\"https:\/\/www.remonen.fi\/WP\/wp-content\/uploads\/2017\/08\/taiteiden_yo_2017-3.jpg\" \/>\n\t<meta property=\"og:image:width\" content=\"1280\" \/>\n\t<meta property=\"og:image:height\" content=\"854\" \/>\n\t<meta property=\"og:image:type\" content=\"image\/jpeg\" \/>\n<meta name=\"author\" content=\"Matti Remonen\" \/>\n<meta name=\"twitter:label1\" content=\"Kirjoittanut\" \/>\n\t<meta name=\"twitter:data1\" content=\"Matti Remonen\" \/>\n\t<meta name=\"twitter:label2\" content=\"Arvioitu lukuaika\" \/>\n\t<meta name=\"twitter:data2\" content=\"1 minuutti\" \/>\n<script type=\"application\/ld+json\" class=\"yoast-schema-graph\">{\"@context\":\"https:\/\/schema.org\",\"@graph\":[{\"@type\":\"Article\",\"@id\":\"https:\/\/www.remonen.fi\/WP\/blogi\/puutarhanhoitoa\/#article\",\"isPartOf\":{\"@id\":\"https:\/\/www.remonen.fi\/WP\/blogi\/puutarhanhoitoa\/\"},\"author\":{\"name\":\"Matti Remonen\",\"@id\":\"https:\/\/www.remonen.fi\/WP\/#\/schema\/person\/1803c23d1d4f6722054eb2ac7f7a97cd\"},\"headline\":\"Puutarhanhoitoa\",\"datePublished\":\"2017-08-29T05:59:55+00:00\",\"mainEntityOfPage\":{\"@id\":\"https:\/\/www.remonen.fi\/WP\/blogi\/puutarhanhoitoa\/\"},\"wordCount\":195,\"commentCount\":0,\"publisher\":{\"@id\":\"https:\/\/www.remonen.fi\/WP\/#\/schema\/person\/1803c23d1d4f6722054eb2ac7f7a97cd\"},\"image\":{\"@id\":\"https:\/\/www.remonen.fi\/WP\/blogi\/puutarhanhoitoa\/#primaryimage\"},\"thumbnailUrl\":\"https:\/\/www.remonen.fi\/WP\/wp-content\/uploads\/2017\/08\/taiteiden_yo_2017-3.jpg\",\"keywords\":[\"Juhlaviikot\",\"Taiteiden Y\u00f6\"],\"articleSection\":[\"Blog\"],\"inLanguage\":\"fi\",\"potentialAction\":[{\"@type\":\"CommentAction\",\"name\":\"Comment\",\"target\":[\"https:\/\/www.remonen.fi\/WP\/blogi\/puutarhanhoitoa\/#respond\"]}]},{\"@type\":\"WebPage\",\"@id\":\"https:\/\/www.remonen.fi\/WP\/blogi\/puutarhanhoitoa\/\",\"url\":\"https:\/\/www.remonen.fi\/WP\/blogi\/puutarhanhoitoa\/\",\"name\":\"Puutarhanhoitoa &#187; remonen.fi\",\"isPartOf\":{\"@id\":\"https:\/\/www.remonen.fi\/WP\/#website\"},\"primaryImageOfPage\":{\"@id\":\"https:\/\/www.remonen.fi\/WP\/blogi\/puutarhanhoitoa\/#primaryimage\"},\"image\":{\"@id\":\"https:\/\/www.remonen.fi\/WP\/blogi\/puutarhanhoitoa\/#primaryimage\"},\"thumbnailUrl\":\"https:\/\/www.remonen.fi\/WP\/wp-content\/uploads\/2017\/08\/taiteiden_yo_2017-3.jpg\",\"datePublished\":\"2017-08-29T05:59:55+00:00\",\"description\":\"Helsingin Juhlaviikot ja Taiteiden Y\u00f6. Pikaiseltaan k\u00e4ytiin t\u00f6iden p\u00e4\u00e4lle Senaatintorilla k\u00e4\u00e4ntym\u00e4ss\u00e4. Olihan siell\u00e4 kaikenlaista.\",\"breadcrumb\":{\"@id\":\"https:\/\/www.remonen.fi\/WP\/blogi\/puutarhanhoitoa\/#breadcrumb\"},\"inLanguage\":\"fi\",\"potentialAction\":[{\"@type\":\"ReadAction\",\"target\":[\"https:\/\/www.remonen.fi\/WP\/blogi\/puutarhanhoitoa\/\"]}]},{\"@type\":\"ImageObject\",\"inLanguage\":\"fi\",\"@id\":\"https:\/\/www.remonen.fi\/WP\/blogi\/puutarhanhoitoa\/#primaryimage\",\"url\":\"https:\/\/www.remonen.fi\/WP\/wp-content\/uploads\/2017\/08\/taiteiden_yo_2017-3.jpg\",\"contentUrl\":\"https:\/\/www.remonen.fi\/WP\/wp-content\/uploads\/2017\/08\/taiteiden_yo_2017-3.jpg\",\"width\":1280,\"height\":854,\"caption\":\"[exif id=\\\"8688\\\"]\"},{\"@type\":\"BreadcrumbList\",\"@id\":\"https:\/\/www.remonen.fi\/WP\/blogi\/puutarhanhoitoa\/#breadcrumb\",\"itemListElement\":[{\"@type\":\"ListItem\",\"position\":1,\"name\":\"Etusivu\",\"item\":\"https:\/\/www.remonen.fi\/WP\/\"},{\"@type\":\"ListItem\",\"position\":2,\"name\":\"Puutarhanhoitoa\"}]},{\"@type\":\"WebSite\",\"@id\":\"https:\/\/www.remonen.fi\/WP\/#website\",\"url\":\"https:\/\/www.remonen.fi\/WP\/\",\"name\":\"remonen.fi\",\"description\":\"Valokuvia ja tarinaa laidasta laitaan\",\"publisher\":{\"@id\":\"https:\/\/www.remonen.fi\/WP\/#\/schema\/person\/1803c23d1d4f6722054eb2ac7f7a97cd\"},\"potentialAction\":[{\"@type\":\"SearchAction\",\"target\":{\"@type\":\"EntryPoint\",\"urlTemplate\":\"https:\/\/www.remonen.fi\/WP\/?s={search_term_string}\"},\"query-input\":{\"@type\":\"PropertyValueSpecification\",\"valueRequired\":true,\"valueName\":\"search_term_string\"}}],\"inLanguage\":\"fi\"},{\"@type\":[\"Person\",\"Organization\"],\"@id\":\"https:\/\/www.remonen.fi\/WP\/#\/schema\/person\/1803c23d1d4f6722054eb2ac7f7a97cd\",\"name\":\"Matti Remonen\",\"logo\":{\"@id\":\"https:\/\/www.remonen.fi\/WP\/#\/schema\/person\/image\/\"},\"url\":\"https:\/\/www.remonen.fi\/WP\/blogi\/author\/mre\/\"}]}<\/script>\n<!-- \/ Yoast SEO plugin. -->","yoast_head_json":{"title":"Puutarhanhoitoa &#187; remonen.fi","description":"Helsingin Juhlaviikot ja Taiteiden Y\u00f6. Pikaiseltaan k\u00e4ytiin t\u00f6iden p\u00e4\u00e4lle Senaatintorilla k\u00e4\u00e4ntym\u00e4ss\u00e4. Olihan siell\u00e4 kaikenlaista.","robots":{"index":"index","follow":"follow","max-snippet":"max-snippet:-1","max-image-preview":"max-image-preview:large","max-video-preview":"max-video-preview:-1"},"canonical":"https:\/\/www.remonen.fi\/WP\/blogi\/puutarhanhoitoa\/","og_locale":"fi_FI","og_type":"article","og_title":"Puutarhanhoitoa &#187; remonen.fi","og_description":"Helsingin Juhlaviikot ja Taiteiden Y\u00f6. Pikaiseltaan k\u00e4ytiin t\u00f6iden p\u00e4\u00e4lle Senaatintorilla k\u00e4\u00e4ntym\u00e4ss\u00e4. Olihan siell\u00e4 kaikenlaista.","og_url":"https:\/\/www.remonen.fi\/WP\/blogi\/puutarhanhoitoa\/","og_site_name":"remonen.fi","article_published_time":"2017-08-29T05:59:55+00:00","og_image":[{"width":1280,"height":854,"url":"https:\/\/www.remonen.fi\/WP\/wp-content\/uploads\/2017\/08\/taiteiden_yo_2017-3.jpg","type":"image\/jpeg"}],"author":"Matti Remonen","twitter_misc":{"Kirjoittanut":"Matti Remonen","Arvioitu lukuaika":"1 minuutti"},"schema":{"@context":"https:\/\/schema.org","@graph":[{"@type":"Article","@id":"https:\/\/www.remonen.fi\/WP\/blogi\/puutarhanhoitoa\/#article","isPartOf":{"@id":"https:\/\/www.remonen.fi\/WP\/blogi\/puutarhanhoitoa\/"},"author":{"name":"Matti Remonen","@id":"https:\/\/www.remonen.fi\/WP\/#\/schema\/person\/1803c23d1d4f6722054eb2ac7f7a97cd"},"headline":"Puutarhanhoitoa","datePublished":"2017-08-29T05:59:55+00:00","mainEntityOfPage":{"@id":"https:\/\/www.remonen.fi\/WP\/blogi\/puutarhanhoitoa\/"},"wordCount":195,"commentCount":0,"publisher":{"@id":"https:\/\/www.remonen.fi\/WP\/#\/schema\/person\/1803c23d1d4f6722054eb2ac7f7a97cd"},"image":{"@id":"https:\/\/www.remonen.fi\/WP\/blogi\/puutarhanhoitoa\/#primaryimage"},"thumbnailUrl":"https:\/\/www.remonen.fi\/WP\/wp-content\/uploads\/2017\/08\/taiteiden_yo_2017-3.jpg","keywords":["Juhlaviikot","Taiteiden Y\u00f6"],"articleSection":["Blog"],"inLanguage":"fi","potentialAction":[{"@type":"CommentAction","name":"Comment","target":["https:\/\/www.remonen.fi\/WP\/blogi\/puutarhanhoitoa\/#respond"]}]},{"@type":"WebPage","@id":"https:\/\/www.remonen.fi\/WP\/blogi\/puutarhanhoitoa\/","url":"https:\/\/www.remonen.fi\/WP\/blogi\/puutarhanhoitoa\/","name":"Puutarhanhoitoa &#187; remonen.fi","isPartOf":{"@id":"https:\/\/www.remonen.fi\/WP\/#website"},"primaryImageOfPage":{"@id":"https:\/\/www.remonen.fi\/WP\/blogi\/puutarhanhoitoa\/#primaryimage"},"image":{"@id":"https:\/\/www.remonen.fi\/WP\/blogi\/puutarhanhoitoa\/#primaryimage"},"thumbnailUrl":"https:\/\/www.remonen.fi\/WP\/wp-content\/uploads\/2017\/08\/taiteiden_yo_2017-3.jpg","datePublished":"2017-08-29T05:59:55+00:00","description":"Helsingin Juhlaviikot ja Taiteiden Y\u00f6. Pikaiseltaan k\u00e4ytiin t\u00f6iden p\u00e4\u00e4lle Senaatintorilla k\u00e4\u00e4ntym\u00e4ss\u00e4. Olihan siell\u00e4 kaikenlaista.","breadcrumb":{"@id":"https:\/\/www.remonen.fi\/WP\/blogi\/puutarhanhoitoa\/#breadcrumb"},"inLanguage":"fi","potentialAction":[{"@type":"ReadAction","target":["https:\/\/www.remonen.fi\/WP\/blogi\/puutarhanhoitoa\/"]}]},{"@type":"ImageObject","inLanguage":"fi","@id":"https:\/\/www.remonen.fi\/WP\/blogi\/puutarhanhoitoa\/#primaryimage","url":"https:\/\/www.remonen.fi\/WP\/wp-content\/uploads\/2017\/08\/taiteiden_yo_2017-3.jpg","contentUrl":"https:\/\/www.remonen.fi\/WP\/wp-content\/uploads\/2017\/08\/taiteiden_yo_2017-3.jpg","width":1280,"height":854,"caption":"[exif id=\"8688\"]"},{"@type":"BreadcrumbList","@id":"https:\/\/www.remonen.fi\/WP\/blogi\/puutarhanhoitoa\/#breadcrumb","itemListElement":[{"@type":"ListItem","position":1,"name":"Etusivu","item":"https:\/\/www.remonen.fi\/WP\/"},{"@type":"ListItem","position":2,"name":"Puutarhanhoitoa"}]},{"@type":"WebSite","@id":"https:\/\/www.remonen.fi\/WP\/#website","url":"https:\/\/www.remonen.fi\/WP\/","name":"remonen.fi","description":"Valokuvia ja tarinaa laidasta laitaan","publisher":{"@id":"https:\/\/www.remonen.fi\/WP\/#\/schema\/person\/1803c23d1d4f6722054eb2ac7f7a97cd"},"potentialAction":[{"@type":"SearchAction","target":{"@type":"EntryPoint","urlTemplate":"https:\/\/www.remonen.fi\/WP\/?s={search_term_string}"},"query-input":{"@type":"PropertyValueSpecification","valueRequired":true,"valueName":"search_term_string"}}],"inLanguage":"fi"},{"@type":["Person","Organization"],"@id":"https:\/\/www.remonen.fi\/WP\/#\/schema\/person\/1803c23d1d4f6722054eb2ac7f7a97cd","name":"Matti Remonen","logo":{"@id":"https:\/\/www.remonen.fi\/WP\/#\/schema\/person\/image\/"},"url":"https:\/\/www.remonen.fi\/WP\/blogi\/author\/mre\/"}]}},"_links":{"self":[{"href":"https:\/\/www.remonen.fi\/WP\/wp-json\/wp\/v2\/posts\/8695"}],"collection":[{"href":"https:\/\/www.remonen.fi\/WP\/wp-json\/wp\/v2\/posts"}],"about":[{"href":"https:\/\/www.remonen.fi\/WP\/wp-json\/wp\/v2\/types\/post"}],"author":[{"embeddable":true,"href":"https:\/\/www.remonen.fi\/WP\/wp-json\/wp\/v2\/users\/2"}],"replies":[{"embeddable":true,"href":"https:\/\/www.remonen.fi\/WP\/wp-json\/wp\/v2\/comments?post=8695"}],"version-history":[{"count":4,"href":"https:\/\/www.remonen.fi\/WP\/wp-json\/wp\/v2\/posts\/8695\/revisions"}],"predecessor-version":[{"id":8699,"href":"https:\/\/www.remonen.fi\/WP\/wp-json\/wp\/v2\/posts\/8695\/revisions\/8699"}],"wp:featuredmedia":[{"embeddable":true,"href":"https:\/\/www.remonen.fi\/WP\/wp-json\/wp\/v2\/media\/8688"}],"wp:attachment":[{"href":"https:\/\/www.remonen.fi\/WP\/wp-json\/wp\/v2\/media?parent=8695"}],"wp:term":[{"taxonomy":"category","embeddable":true,"href":"https:\/\/www.remonen.fi\/WP\/wp-json\/wp\/v2\/categories?post=8695"},{"taxonomy":"post_tag","embeddable":true,"href":"https:\/\/www.remonen.fi\/WP\/wp-json\/wp\/v2\/tags?post=8695"}],"curies":[{"name":"wp","href":"https:\/\/api.w.org\/{rel}","templated":true}]}}