{"id":8760,"date":"2017-10-16T10:08:51","date_gmt":"2017-10-16T07:08:51","guid":{"rendered":"http:\/\/www.remonen.fi\/?p=8760"},"modified":"2017-10-16T10:08:51","modified_gmt":"2017-10-16T07:08:51","slug":"matkaan-lahde","status":"publish","type":"post","link":"https:\/\/www.remonen.fi\/WP\/blogi\/matkaan-lahde\/","title":{"rendered":"Matkaan l\u00e4hde"},"content":{"rendered":"<p>Pari viikkoa sitten TSL:n kurssilla tuli teht\u00e4v\u00e4ksi k\u00e4yd\u00e4 kuvaamassa reportaasityyppinen sarja jossain Hakaniemen maisemissa tai l\u00e4hist\u00f6ll\u00e4. Ensin mietin johonkin kauppakeskukseen menemist\u00e4, mutta matkalla kohteeksi valikoitui\u00a0 Rautatieasema. Siell\u00e4 olisi aina porukkaa ja jotain tapahtumassa.<\/p>\n<p><a href=\"https:\/\/www.remonen.fi\/WP\/wp-content\/uploads\/2017\/10\/asemalla-1.jpg\"><img loading=\"lazy\" decoding=\"async\" class=\"aligncenter wp-image-8752\" title=\"Credit: Matti Remonen | Taken: 28 syyskuun, 2017 | Copyright: (c) Matti Remonen | \" src=\"https:\/\/www.remonen.fi\/WP\/wp-content\/uploads\/2017\/10\/asemalla-1.jpg\" alt=\"Rautatieasema, Helsinki\" width=\"880\" height=\"587\" srcset=\"https:\/\/www.remonen.fi\/WP\/wp-content\/uploads\/2017\/10\/asemalla-1.jpg 1280w, https:\/\/www.remonen.fi\/WP\/wp-content\/uploads\/2017\/10\/asemalla-1-300x200.jpg 300w, https:\/\/www.remonen.fi\/WP\/wp-content\/uploads\/2017\/10\/asemalla-1-680x454.jpg 680w, https:\/\/www.remonen.fi\/WP\/wp-content\/uploads\/2017\/10\/asemalla-1-768x512.jpg 768w, https:\/\/www.remonen.fi\/WP\/wp-content\/uploads\/2017\/10\/asemalla-1-1024x683.jpg 1024w, https:\/\/www.remonen.fi\/WP\/wp-content\/uploads\/2017\/10\/asemalla-1-440x294.jpg 440w, https:\/\/www.remonen.fi\/WP\/wp-content\/uploads\/2017\/10\/asemalla-1-960x641.jpg 960w\" sizes=\"(max-width: 880px) 100vw, 880px\" \/><\/a><\/p>\n<p>Ihmiset asemalla keskittyv\u00e4t l\u00e4hinn\u00e4 junaan tai junasta p\u00e4\u00e4semiseen, eik\u00e4 yksi valokuvaaja siin\u00e4 sivussa jaksa kiinnostaa ket\u00e4\u00e4n. Lis\u00e4ksi asema on arkkitehtoonisesti varsin kiinnostava sek\u00e4 ulkoa ett\u00e4 sis\u00e4ll\u00e4. Nyt keskityin kuvaamaan l\u00e4hinn\u00e4 laiturialueella.<\/p>\n<p><a href=\"https:\/\/www.remonen.fi\/WP\/wp-content\/uploads\/2017\/10\/asemalla-4.jpg\"><img loading=\"lazy\" decoding=\"async\" class=\"aligncenter wp-image-8755\" title=\"Credit: Matti Remonen | Taken: 28 syyskuun, 2017 | Copyright: (c) Matti Remonen | \" src=\"https:\/\/www.remonen.fi\/WP\/wp-content\/uploads\/2017\/10\/asemalla-4.jpg\" alt=\"Rautatieasema, Helsinki\" width=\"587\" height=\"880\" srcset=\"https:\/\/www.remonen.fi\/WP\/wp-content\/uploads\/2017\/10\/asemalla-4.jpg 854w, https:\/\/www.remonen.fi\/WP\/wp-content\/uploads\/2017\/10\/asemalla-4-200x300.jpg 200w, https:\/\/www.remonen.fi\/WP\/wp-content\/uploads\/2017\/10\/asemalla-4-454x680.jpg 454w, https:\/\/www.remonen.fi\/WP\/wp-content\/uploads\/2017\/10\/asemalla-4-768x1151.jpg 768w, https:\/\/www.remonen.fi\/WP\/wp-content\/uploads\/2017\/10\/asemalla-4-683x1024.jpg 683w, https:\/\/www.remonen.fi\/WP\/wp-content\/uploads\/2017\/10\/asemalla-4-440x659.jpg 440w, https:\/\/www.remonen.fi\/WP\/wp-content\/uploads\/2017\/10\/asemalla-4-300x450.jpg 300w\" sizes=\"(max-width: 587px) 100vw, 587px\" \/><\/a><\/p>\n<p>Normaalina arki-iltana tuolla liikkuu ihmisi\u00e4 laidasta laitaan. Ty\u00f6st\u00e4 tulevia, kotiin matkaavia. Muuten vain asemalla notkuvia. Ja toki my\u00f6s turisteja.<\/p>\n<p><a href=\"https:\/\/www.remonen.fi\/WP\/wp-content\/uploads\/2017\/10\/asemalla-2.jpg\"><img loading=\"lazy\" decoding=\"async\" class=\"aligncenter wp-image-8753\" title=\"Credit: Matti Remonen | Taken: 28 syyskuun, 2017 | Copyright: (c) Matti Remonen | \" src=\"https:\/\/www.remonen.fi\/WP\/wp-content\/uploads\/2017\/10\/asemalla-2.jpg\" alt=\"Rautatieasema, Helsinki\" width=\"587\" height=\"880\" srcset=\"https:\/\/www.remonen.fi\/WP\/wp-content\/uploads\/2017\/10\/asemalla-2.jpg 854w, https:\/\/www.remonen.fi\/WP\/wp-content\/uploads\/2017\/10\/asemalla-2-200x300.jpg 200w, https:\/\/www.remonen.fi\/WP\/wp-content\/uploads\/2017\/10\/asemalla-2-454x680.jpg 454w, https:\/\/www.remonen.fi\/WP\/wp-content\/uploads\/2017\/10\/asemalla-2-768x1151.jpg 768w, https:\/\/www.remonen.fi\/WP\/wp-content\/uploads\/2017\/10\/asemalla-2-683x1024.jpg 683w, https:\/\/www.remonen.fi\/WP\/wp-content\/uploads\/2017\/10\/asemalla-2-440x659.jpg 440w, https:\/\/www.remonen.fi\/WP\/wp-content\/uploads\/2017\/10\/asemalla-2-300x450.jpg 300w\" sizes=\"(max-width: 587px) 100vw, 587px\" \/><\/a><\/p>\n<p><a href=\"https:\/\/www.remonen.fi\/WP\/wp-content\/uploads\/2017\/10\/asemalla-6.jpg\"><img loading=\"lazy\" decoding=\"async\" class=\"aligncenter wp-image-8757\" title=\"Credit: Matti Remonen | Taken: 28 syyskuun, 2017 | Copyright: (c) Matti Remonen | \" src=\"https:\/\/www.remonen.fi\/WP\/wp-content\/uploads\/2017\/10\/asemalla-6.jpg\" alt=\"Rautatieasema, Helsinki\" width=\"880\" height=\"587\" srcset=\"https:\/\/www.remonen.fi\/WP\/wp-content\/uploads\/2017\/10\/asemalla-6.jpg 1280w, https:\/\/www.remonen.fi\/WP\/wp-content\/uploads\/2017\/10\/asemalla-6-300x200.jpg 300w, https:\/\/www.remonen.fi\/WP\/wp-content\/uploads\/2017\/10\/asemalla-6-680x454.jpg 680w, https:\/\/www.remonen.fi\/WP\/wp-content\/uploads\/2017\/10\/asemalla-6-768x512.jpg 768w, https:\/\/www.remonen.fi\/WP\/wp-content\/uploads\/2017\/10\/asemalla-6-1024x683.jpg 1024w, https:\/\/www.remonen.fi\/WP\/wp-content\/uploads\/2017\/10\/asemalla-6-440x294.jpg 440w, https:\/\/www.remonen.fi\/WP\/wp-content\/uploads\/2017\/10\/asemalla-6-960x641.jpg 960w\" sizes=\"(max-width: 880px) 100vw, 880px\" \/><\/a><\/p>\n<p><a href=\"https:\/\/www.remonen.fi\/WP\/wp-content\/uploads\/2017\/10\/asemalla-7.jpg\"><img loading=\"lazy\" decoding=\"async\" class=\"aligncenter wp-image-8758\" title=\"Credit: Matti Remonen | Taken: 28 syyskuun, 2017 | Copyright: (c) Matti Remonen | \" src=\"https:\/\/www.remonen.fi\/WP\/wp-content\/uploads\/2017\/10\/asemalla-7.jpg\" alt=\"Rautatieasema, Helsinki\" width=\"587\" height=\"880\" srcset=\"https:\/\/www.remonen.fi\/WP\/wp-content\/uploads\/2017\/10\/asemalla-7.jpg 854w, https:\/\/www.remonen.fi\/WP\/wp-content\/uploads\/2017\/10\/asemalla-7-200x300.jpg 200w, https:\/\/www.remonen.fi\/WP\/wp-content\/uploads\/2017\/10\/asemalla-7-454x680.jpg 454w, https:\/\/www.remonen.fi\/WP\/wp-content\/uploads\/2017\/10\/asemalla-7-768x1151.jpg 768w, https:\/\/www.remonen.fi\/WP\/wp-content\/uploads\/2017\/10\/asemalla-7-683x1024.jpg 683w, https:\/\/www.remonen.fi\/WP\/wp-content\/uploads\/2017\/10\/asemalla-7-440x659.jpg 440w, https:\/\/www.remonen.fi\/WP\/wp-content\/uploads\/2017\/10\/asemalla-7-300x450.jpg 300w\" sizes=\"(max-width: 587px) 100vw, 587px\" \/><\/a><\/p>\n<p>Tuulahduksen &#8221;vanhoista hyvist\u00e4 ajoista&#8221; toi Moskovan juna, jossa on viel\u00e4 vanhan ajan junapalvelijatkin. Toki juna eroaa muista siin\u00e4, ett\u00e4 junaan nousevilta tarkistetaan liput ja muut matkustusasiakirjat jo etuk\u00e4teen. Muistaakseni ennen koko laituri oli suljettuna kun <em>Tolstoi<\/em>, <em>Repin<\/em> tai <em>Sibelius<\/em> oli l\u00e4hd\u00f6ss\u00e4. Kaksi viimeist\u00e4 on korvaantunut sittemmin Allegrolla.<\/p>\n<p><a href=\"https:\/\/www.remonen.fi\/WP\/wp-content\/uploads\/2017\/10\/asemalla-5.jpg\"><img loading=\"lazy\" decoding=\"async\" class=\"aligncenter wp-image-8756\" title=\"Credit: Matti Remonen | Taken: 28 syyskuun, 2017 | Copyright: (c) Matti Remonen | \" src=\"https:\/\/www.remonen.fi\/WP\/wp-content\/uploads\/2017\/10\/asemalla-5.jpg\" alt=\"Rautatieasema, Helsinki\" width=\"587\" height=\"880\" srcset=\"https:\/\/www.remonen.fi\/WP\/wp-content\/uploads\/2017\/10\/asemalla-5.jpg 854w, https:\/\/www.remonen.fi\/WP\/wp-content\/uploads\/2017\/10\/asemalla-5-200x300.jpg 200w, https:\/\/www.remonen.fi\/WP\/wp-content\/uploads\/2017\/10\/asemalla-5-454x680.jpg 454w, https:\/\/www.remonen.fi\/WP\/wp-content\/uploads\/2017\/10\/asemalla-5-768x1151.jpg 768w, https:\/\/www.remonen.fi\/WP\/wp-content\/uploads\/2017\/10\/asemalla-5-683x1024.jpg 683w, https:\/\/www.remonen.fi\/WP\/wp-content\/uploads\/2017\/10\/asemalla-5-440x659.jpg 440w, https:\/\/www.remonen.fi\/WP\/wp-content\/uploads\/2017\/10\/asemalla-5-300x450.jpg 300w\" sizes=\"(max-width: 587px) 100vw, 587px\" \/><\/a><\/p>\n<p>Kyll\u00e4h\u00e4n rautatieasemassa on edelleen sellaista &#8221;l\u00e4hd\u00f6n tunnelmaa&#8221; ja kansainv\u00e4list\u00e4 fiilist\u00e4.<\/p>\n<p><a href=\"https:\/\/www.remonen.fi\/WP\/wp-content\/uploads\/2017\/10\/asemalla-8.jpg\"><img loading=\"lazy\" decoding=\"async\" class=\"aligncenter wp-image-8751\" title=\"Credit: Matti Remonen | Taken: 28 syyskuun, 2017 | Copyright: (c) Matti Remonen | \" src=\"https:\/\/www.remonen.fi\/WP\/wp-content\/uploads\/2017\/10\/asemalla-8.jpg\" alt=\"Rautatieasema, Helsinki\" width=\"587\" height=\"880\" srcset=\"https:\/\/www.remonen.fi\/WP\/wp-content\/uploads\/2017\/10\/asemalla-8.jpg 854w, https:\/\/www.remonen.fi\/WP\/wp-content\/uploads\/2017\/10\/asemalla-8-200x300.jpg 200w, https:\/\/www.remonen.fi\/WP\/wp-content\/uploads\/2017\/10\/asemalla-8-454x680.jpg 454w, https:\/\/www.remonen.fi\/WP\/wp-content\/uploads\/2017\/10\/asemalla-8-768x1151.jpg 768w, https:\/\/www.remonen.fi\/WP\/wp-content\/uploads\/2017\/10\/asemalla-8-683x1024.jpg 683w, https:\/\/www.remonen.fi\/WP\/wp-content\/uploads\/2017\/10\/asemalla-8-440x659.jpg 440w, https:\/\/www.remonen.fi\/WP\/wp-content\/uploads\/2017\/10\/asemalla-8-300x450.jpg 300w\" sizes=\"(max-width: 587px) 100vw, 587px\" \/><\/a><\/p>\n<p>Asemalla toikkaroi Nikon D810 + AF-S Nikkor 24-70\/2.8G<\/p>\n","protected":false},"excerpt":{"rendered":"<p>Pari viikkoa sitten TSL:n kurssilla tuli teht\u00e4v\u00e4ksi k\u00e4yd\u00e4 kuvaamassa reportaasityyppinen sarja jossain Hakaniemen maisemissa tai l\u00e4hist\u00f6ll\u00e4. Ensin mietin johonkin kauppakeskukseen menemist\u00e4, mutta matkalla kohteeksi valikoitui\u00a0 Rautatieasema. Siell\u00e4 olisi aina porukkaa ja jotain tapahtumassa. Ihmiset asemalla keskittyv\u00e4t l\u00e4hinn\u00e4 junaan tai junasta p\u00e4\u00e4semiseen, eik\u00e4 yksi valokuvaaja siin\u00e4 sivussa jaksa kiinnostaa ket\u00e4\u00e4n. Lis\u00e4ksi asema on arkkitehtoonisesti varsin kiinnostava [&hellip;]<\/p>\n","protected":false},"author":2,"featured_media":8752,"comment_status":"open","ping_status":"closed","sticky":false,"template":"","format":"standard","meta":{"footnotes":""},"categories":[16],"tags":[330],"yoast_head":"<!-- This site is optimized with the Yoast SEO plugin v24.5 - https:\/\/yoast.com\/wordpress\/plugins\/seo\/ -->\n<title>Matkaan l\u00e4hde &#187; remonen.fi<\/title>\n<meta name=\"description\" content=\"Helsingin Rautatieasema. Joka (suur)kaupungissa rautatieasema on toiminnan ja tapahtumien keskipisteess\u00e4. Sit\u00e4 piti k\u00e4yd\u00e4 ihmettelem\u00e4ss\u00e4 t\u00e4\u00e4ll\u00e4 Helsingiss\u00e4.\" \/>\n<meta name=\"robots\" content=\"index, follow, max-snippet:-1, max-image-preview:large, max-video-preview:-1\" \/>\n<link rel=\"canonical\" href=\"https:\/\/www.remonen.fi\/WP\/blogi\/matkaan-lahde\/\" \/>\n<meta property=\"og:locale\" content=\"fi_FI\" \/>\n<meta property=\"og:type\" content=\"article\" \/>\n<meta property=\"og:title\" content=\"Matkaan l\u00e4hde &#187; remonen.fi\" \/>\n<meta property=\"og:description\" content=\"Helsingin Rautatieasema. Joka (suur)kaupungissa rautatieasema on toiminnan ja tapahtumien keskipisteess\u00e4. Sit\u00e4 piti k\u00e4yd\u00e4 ihmettelem\u00e4ss\u00e4 t\u00e4\u00e4ll\u00e4 Helsingiss\u00e4.\" \/>\n<meta property=\"og:url\" content=\"https:\/\/www.remonen.fi\/WP\/blogi\/matkaan-lahde\/\" \/>\n<meta property=\"og:site_name\" content=\"remonen.fi\" \/>\n<meta property=\"article:published_time\" content=\"2017-10-16T07:08:51+00:00\" \/>\n<meta property=\"og:image\" content=\"https:\/\/www.remonen.fi\/WP\/wp-content\/uploads\/2017\/10\/asemalla-1.jpg\" \/>\n\t<meta property=\"og:image:width\" content=\"1280\" \/>\n\t<meta property=\"og:image:height\" content=\"854\" \/>\n\t<meta property=\"og:image:type\" content=\"image\/jpeg\" \/>\n<meta name=\"author\" content=\"Matti Remonen\" \/>\n<meta name=\"twitter:label1\" content=\"Kirjoittanut\" \/>\n\t<meta name=\"twitter:data1\" content=\"Matti Remonen\" \/>\n\t<meta name=\"twitter:label2\" content=\"Arvioitu lukuaika\" \/>\n\t<meta name=\"twitter:data2\" content=\"1 minuutti\" \/>\n<script type=\"application\/ld+json\" class=\"yoast-schema-graph\">{\"@context\":\"https:\/\/schema.org\",\"@graph\":[{\"@type\":\"Article\",\"@id\":\"https:\/\/www.remonen.fi\/WP\/blogi\/matkaan-lahde\/#article\",\"isPartOf\":{\"@id\":\"https:\/\/www.remonen.fi\/WP\/blogi\/matkaan-lahde\/\"},\"author\":{\"name\":\"Matti Remonen\",\"@id\":\"https:\/\/www.remonen.fi\/WP\/#\/schema\/person\/1803c23d1d4f6722054eb2ac7f7a97cd\"},\"headline\":\"Matkaan l\u00e4hde\",\"datePublished\":\"2017-10-16T07:08:51+00:00\",\"mainEntityOfPage\":{\"@id\":\"https:\/\/www.remonen.fi\/WP\/blogi\/matkaan-lahde\/\"},\"wordCount\":174,\"commentCount\":0,\"publisher\":{\"@id\":\"https:\/\/www.remonen.fi\/WP\/#\/schema\/person\/1803c23d1d4f6722054eb2ac7f7a97cd\"},\"image\":{\"@id\":\"https:\/\/www.remonen.fi\/WP\/blogi\/matkaan-lahde\/#primaryimage\"},\"thumbnailUrl\":\"https:\/\/www.remonen.fi\/WP\/wp-content\/uploads\/2017\/10\/asemalla-1.jpg\",\"keywords\":[\"Rautatieasema\"],\"articleSection\":[\"Blog\"],\"inLanguage\":\"fi\",\"potentialAction\":[{\"@type\":\"CommentAction\",\"name\":\"Comment\",\"target\":[\"https:\/\/www.remonen.fi\/WP\/blogi\/matkaan-lahde\/#respond\"]}]},{\"@type\":\"WebPage\",\"@id\":\"https:\/\/www.remonen.fi\/WP\/blogi\/matkaan-lahde\/\",\"url\":\"https:\/\/www.remonen.fi\/WP\/blogi\/matkaan-lahde\/\",\"name\":\"Matkaan l\u00e4hde &#187; remonen.fi\",\"isPartOf\":{\"@id\":\"https:\/\/www.remonen.fi\/WP\/#website\"},\"primaryImageOfPage\":{\"@id\":\"https:\/\/www.remonen.fi\/WP\/blogi\/matkaan-lahde\/#primaryimage\"},\"image\":{\"@id\":\"https:\/\/www.remonen.fi\/WP\/blogi\/matkaan-lahde\/#primaryimage\"},\"thumbnailUrl\":\"https:\/\/www.remonen.fi\/WP\/wp-content\/uploads\/2017\/10\/asemalla-1.jpg\",\"datePublished\":\"2017-10-16T07:08:51+00:00\",\"description\":\"Helsingin Rautatieasema. Joka (suur)kaupungissa rautatieasema on toiminnan ja tapahtumien keskipisteess\u00e4. Sit\u00e4 piti k\u00e4yd\u00e4 ihmettelem\u00e4ss\u00e4 t\u00e4\u00e4ll\u00e4 Helsingiss\u00e4.\",\"breadcrumb\":{\"@id\":\"https:\/\/www.remonen.fi\/WP\/blogi\/matkaan-lahde\/#breadcrumb\"},\"inLanguage\":\"fi\",\"potentialAction\":[{\"@type\":\"ReadAction\",\"target\":[\"https:\/\/www.remonen.fi\/WP\/blogi\/matkaan-lahde\/\"]}]},{\"@type\":\"ImageObject\",\"inLanguage\":\"fi\",\"@id\":\"https:\/\/www.remonen.fi\/WP\/blogi\/matkaan-lahde\/#primaryimage\",\"url\":\"https:\/\/www.remonen.fi\/WP\/wp-content\/uploads\/2017\/10\/asemalla-1.jpg\",\"contentUrl\":\"https:\/\/www.remonen.fi\/WP\/wp-content\/uploads\/2017\/10\/asemalla-1.jpg\",\"width\":1280,\"height\":854,\"caption\":\"[exif id=\\\"8752\\\"]\"},{\"@type\":\"BreadcrumbList\",\"@id\":\"https:\/\/www.remonen.fi\/WP\/blogi\/matkaan-lahde\/#breadcrumb\",\"itemListElement\":[{\"@type\":\"ListItem\",\"position\":1,\"name\":\"Etusivu\",\"item\":\"https:\/\/www.remonen.fi\/WP\/\"},{\"@type\":\"ListItem\",\"position\":2,\"name\":\"Matkaan l\u00e4hde\"}]},{\"@type\":\"WebSite\",\"@id\":\"https:\/\/www.remonen.fi\/WP\/#website\",\"url\":\"https:\/\/www.remonen.fi\/WP\/\",\"name\":\"remonen.fi\",\"description\":\"Valokuvia ja tarinaa laidasta laitaan\",\"publisher\":{\"@id\":\"https:\/\/www.remonen.fi\/WP\/#\/schema\/person\/1803c23d1d4f6722054eb2ac7f7a97cd\"},\"potentialAction\":[{\"@type\":\"SearchAction\",\"target\":{\"@type\":\"EntryPoint\",\"urlTemplate\":\"https:\/\/www.remonen.fi\/WP\/?s={search_term_string}\"},\"query-input\":{\"@type\":\"PropertyValueSpecification\",\"valueRequired\":true,\"valueName\":\"search_term_string\"}}],\"inLanguage\":\"fi\"},{\"@type\":[\"Person\",\"Organization\"],\"@id\":\"https:\/\/www.remonen.fi\/WP\/#\/schema\/person\/1803c23d1d4f6722054eb2ac7f7a97cd\",\"name\":\"Matti Remonen\",\"logo\":{\"@id\":\"https:\/\/www.remonen.fi\/WP\/#\/schema\/person\/image\/\"},\"url\":\"https:\/\/www.remonen.fi\/WP\/blogi\/author\/mre\/\"}]}<\/script>\n<!-- \/ Yoast SEO plugin. -->","yoast_head_json":{"title":"Matkaan l\u00e4hde &#187; remonen.fi","description":"Helsingin Rautatieasema. Joka (suur)kaupungissa rautatieasema on toiminnan ja tapahtumien keskipisteess\u00e4. Sit\u00e4 piti k\u00e4yd\u00e4 ihmettelem\u00e4ss\u00e4 t\u00e4\u00e4ll\u00e4 Helsingiss\u00e4.","robots":{"index":"index","follow":"follow","max-snippet":"max-snippet:-1","max-image-preview":"max-image-preview:large","max-video-preview":"max-video-preview:-1"},"canonical":"https:\/\/www.remonen.fi\/WP\/blogi\/matkaan-lahde\/","og_locale":"fi_FI","og_type":"article","og_title":"Matkaan l\u00e4hde &#187; remonen.fi","og_description":"Helsingin Rautatieasema. Joka (suur)kaupungissa rautatieasema on toiminnan ja tapahtumien keskipisteess\u00e4. Sit\u00e4 piti k\u00e4yd\u00e4 ihmettelem\u00e4ss\u00e4 t\u00e4\u00e4ll\u00e4 Helsingiss\u00e4.","og_url":"https:\/\/www.remonen.fi\/WP\/blogi\/matkaan-lahde\/","og_site_name":"remonen.fi","article_published_time":"2017-10-16T07:08:51+00:00","og_image":[{"width":1280,"height":854,"url":"https:\/\/www.remonen.fi\/WP\/wp-content\/uploads\/2017\/10\/asemalla-1.jpg","type":"image\/jpeg"}],"author":"Matti Remonen","twitter_misc":{"Kirjoittanut":"Matti Remonen","Arvioitu lukuaika":"1 minuutti"},"schema":{"@context":"https:\/\/schema.org","@graph":[{"@type":"Article","@id":"https:\/\/www.remonen.fi\/WP\/blogi\/matkaan-lahde\/#article","isPartOf":{"@id":"https:\/\/www.remonen.fi\/WP\/blogi\/matkaan-lahde\/"},"author":{"name":"Matti Remonen","@id":"https:\/\/www.remonen.fi\/WP\/#\/schema\/person\/1803c23d1d4f6722054eb2ac7f7a97cd"},"headline":"Matkaan l\u00e4hde","datePublished":"2017-10-16T07:08:51+00:00","mainEntityOfPage":{"@id":"https:\/\/www.remonen.fi\/WP\/blogi\/matkaan-lahde\/"},"wordCount":174,"commentCount":0,"publisher":{"@id":"https:\/\/www.remonen.fi\/WP\/#\/schema\/person\/1803c23d1d4f6722054eb2ac7f7a97cd"},"image":{"@id":"https:\/\/www.remonen.fi\/WP\/blogi\/matkaan-lahde\/#primaryimage"},"thumbnailUrl":"https:\/\/www.remonen.fi\/WP\/wp-content\/uploads\/2017\/10\/asemalla-1.jpg","keywords":["Rautatieasema"],"articleSection":["Blog"],"inLanguage":"fi","potentialAction":[{"@type":"CommentAction","name":"Comment","target":["https:\/\/www.remonen.fi\/WP\/blogi\/matkaan-lahde\/#respond"]}]},{"@type":"WebPage","@id":"https:\/\/www.remonen.fi\/WP\/blogi\/matkaan-lahde\/","url":"https:\/\/www.remonen.fi\/WP\/blogi\/matkaan-lahde\/","name":"Matkaan l\u00e4hde &#187; remonen.fi","isPartOf":{"@id":"https:\/\/www.remonen.fi\/WP\/#website"},"primaryImageOfPage":{"@id":"https:\/\/www.remonen.fi\/WP\/blogi\/matkaan-lahde\/#primaryimage"},"image":{"@id":"https:\/\/www.remonen.fi\/WP\/blogi\/matkaan-lahde\/#primaryimage"},"thumbnailUrl":"https:\/\/www.remonen.fi\/WP\/wp-content\/uploads\/2017\/10\/asemalla-1.jpg","datePublished":"2017-10-16T07:08:51+00:00","description":"Helsingin Rautatieasema. Joka (suur)kaupungissa rautatieasema on toiminnan ja tapahtumien keskipisteess\u00e4. Sit\u00e4 piti k\u00e4yd\u00e4 ihmettelem\u00e4ss\u00e4 t\u00e4\u00e4ll\u00e4 Helsingiss\u00e4.","breadcrumb":{"@id":"https:\/\/www.remonen.fi\/WP\/blogi\/matkaan-lahde\/#breadcrumb"},"inLanguage":"fi","potentialAction":[{"@type":"ReadAction","target":["https:\/\/www.remonen.fi\/WP\/blogi\/matkaan-lahde\/"]}]},{"@type":"ImageObject","inLanguage":"fi","@id":"https:\/\/www.remonen.fi\/WP\/blogi\/matkaan-lahde\/#primaryimage","url":"https:\/\/www.remonen.fi\/WP\/wp-content\/uploads\/2017\/10\/asemalla-1.jpg","contentUrl":"https:\/\/www.remonen.fi\/WP\/wp-content\/uploads\/2017\/10\/asemalla-1.jpg","width":1280,"height":854,"caption":"[exif id=\"8752\"]"},{"@type":"BreadcrumbList","@id":"https:\/\/www.remonen.fi\/WP\/blogi\/matkaan-lahde\/#breadcrumb","itemListElement":[{"@type":"ListItem","position":1,"name":"Etusivu","item":"https:\/\/www.remonen.fi\/WP\/"},{"@type":"ListItem","position":2,"name":"Matkaan l\u00e4hde"}]},{"@type":"WebSite","@id":"https:\/\/www.remonen.fi\/WP\/#website","url":"https:\/\/www.remonen.fi\/WP\/","name":"remonen.fi","description":"Valokuvia ja tarinaa laidasta laitaan","publisher":{"@id":"https:\/\/www.remonen.fi\/WP\/#\/schema\/person\/1803c23d1d4f6722054eb2ac7f7a97cd"},"potentialAction":[{"@type":"SearchAction","target":{"@type":"EntryPoint","urlTemplate":"https:\/\/www.remonen.fi\/WP\/?s={search_term_string}"},"query-input":{"@type":"PropertyValueSpecification","valueRequired":true,"valueName":"search_term_string"}}],"inLanguage":"fi"},{"@type":["Person","Organization"],"@id":"https:\/\/www.remonen.fi\/WP\/#\/schema\/person\/1803c23d1d4f6722054eb2ac7f7a97cd","name":"Matti Remonen","logo":{"@id":"https:\/\/www.remonen.fi\/WP\/#\/schema\/person\/image\/"},"url":"https:\/\/www.remonen.fi\/WP\/blogi\/author\/mre\/"}]}},"_links":{"self":[{"href":"https:\/\/www.remonen.fi\/WP\/wp-json\/wp\/v2\/posts\/8760"}],"collection":[{"href":"https:\/\/www.remonen.fi\/WP\/wp-json\/wp\/v2\/posts"}],"about":[{"href":"https:\/\/www.remonen.fi\/WP\/wp-json\/wp\/v2\/types\/post"}],"author":[{"embeddable":true,"href":"https:\/\/www.remonen.fi\/WP\/wp-json\/wp\/v2\/users\/2"}],"replies":[{"embeddable":true,"href":"https:\/\/www.remonen.fi\/WP\/wp-json\/wp\/v2\/comments?post=8760"}],"version-history":[{"count":3,"href":"https:\/\/www.remonen.fi\/WP\/wp-json\/wp\/v2\/posts\/8760\/revisions"}],"predecessor-version":[{"id":8763,"href":"https:\/\/www.remonen.fi\/WP\/wp-json\/wp\/v2\/posts\/8760\/revisions\/8763"}],"wp:featuredmedia":[{"embeddable":true,"href":"https:\/\/www.remonen.fi\/WP\/wp-json\/wp\/v2\/media\/8752"}],"wp:attachment":[{"href":"https:\/\/www.remonen.fi\/WP\/wp-json\/wp\/v2\/media?parent=8760"}],"wp:term":[{"taxonomy":"category","embeddable":true,"href":"https:\/\/www.remonen.fi\/WP\/wp-json\/wp\/v2\/categories?post=8760"},{"taxonomy":"post_tag","embeddable":true,"href":"https:\/\/www.remonen.fi\/WP\/wp-json\/wp\/v2\/tags?post=8760"}],"curies":[{"name":"wp","href":"https:\/\/api.w.org\/{rel}","templated":true}]}}