{"id":8777,"date":"2017-11-19T16:15:44","date_gmt":"2017-11-19T14:15:44","guid":{"rendered":"http:\/\/www.remonen.fi\/?p=8777"},"modified":"2017-11-19T16:26:05","modified_gmt":"2017-11-19T14:26:05","slug":"orange-county","status":"publish","type":"post","link":"https:\/\/www.remonen.fi\/WP\/blogi\/orange-county\/","title":{"rendered":"Orange County"},"content":{"rendered":"<p>&#8221;\u00c4lk\u00e4\u00e4 pelj\u00e4tk\u00f6; sill\u00e4 katso, min\u00e4 ilmoitan teille suuren ilon, joka on tuleva kaikelle kansalle: L\u00e4nsimetro on valmis&#8221;. Ja katso, niin oli tosiaan tapahtunut. &#8221;Menk\u00e4\u00e4mme nyt Matinkyl\u00e4\u00e4n katsomaan sit\u00e4, mik\u00e4 on tapahtunut ja mink\u00e4 HSL meille ilmoitti&#8221;.<\/p>\n<p><a href=\"https:\/\/www.remonen.fi\/WP\/wp-content\/uploads\/2017\/11\/lansimetro-8.jpg\"><img loading=\"lazy\" decoding=\"async\" class=\"aligncenter wp-image-8786\" title=\"Taken: 18 marraskuun, 2017 | Copyright: (c) Matti Remonen | Keywords: Kulkuv\u00e4lineet, L\u00e4nsimetro, Metro | \" src=\"https:\/\/www.remonen.fi\/WP\/wp-content\/uploads\/2017\/11\/lansimetro-8.jpg\" alt=\"Metro Helsinki\" width=\"880\" height=\"586\" srcset=\"https:\/\/www.remonen.fi\/WP\/wp-content\/uploads\/2017\/11\/lansimetro-8.jpg 1280w, https:\/\/www.remonen.fi\/WP\/wp-content\/uploads\/2017\/11\/lansimetro-8-300x200.jpg 300w, https:\/\/www.remonen.fi\/WP\/wp-content\/uploads\/2017\/11\/lansimetro-8-680x453.jpg 680w, https:\/\/www.remonen.fi\/WP\/wp-content\/uploads\/2017\/11\/lansimetro-8-768x512.jpg 768w, https:\/\/www.remonen.fi\/WP\/wp-content\/uploads\/2017\/11\/lansimetro-8-1024x682.jpg 1024w, https:\/\/www.remonen.fi\/WP\/wp-content\/uploads\/2017\/11\/lansimetro-8-440x293.jpg 440w, https:\/\/www.remonen.fi\/WP\/wp-content\/uploads\/2017\/11\/lansimetro-8-960x640.jpg 960w\" sizes=\"(max-width: 880px) 100vw, 880px\" \/><\/a><\/p>\n<p>Ja niin Matti ja Liisa (no, Susanna, mutta kuitenkin) l\u00e4htiv\u00e4t t\u00e4t\u00e4 suurta ihmett\u00e4 katsomaan ja L\u00e4nsimetroon tutustumaan. Aamusella vesisateessa rontustivat kohden maailman pohjoisinta metroasemaa tarkoituksenaan matkustaa maailman \u00e4\u00e4riin. Tai Matinkyl\u00e4\u00e4n asti ainakin.<\/p>\n<p><div id=\"attachment_8785\" style=\"width: 890px\" class=\"wp-caption aligncenter\"><a href=\"https:\/\/www.remonen.fi\/WP\/wp-content\/uploads\/2017\/11\/lansimetro-7.jpg\"><img loading=\"lazy\" decoding=\"async\" aria-describedby=\"caption-attachment-8785\" class=\"wp-image-8785\" title=\"Taken: 18 marraskuun, 2017 | Copyright: (c) Matti Remonen | Keywords: Kulkuv\u00e4lineet, L\u00e4nsimetro, Metro | \" src=\"https:\/\/www.remonen.fi\/WP\/wp-content\/uploads\/2017\/11\/lansimetro-7.jpg\" alt=\"L\u00e4nsimetro\" width=\"880\" height=\"586\" srcset=\"https:\/\/www.remonen.fi\/WP\/wp-content\/uploads\/2017\/11\/lansimetro-7.jpg 1280w, https:\/\/www.remonen.fi\/WP\/wp-content\/uploads\/2017\/11\/lansimetro-7-300x200.jpg 300w, https:\/\/www.remonen.fi\/WP\/wp-content\/uploads\/2017\/11\/lansimetro-7-680x453.jpg 680w, https:\/\/www.remonen.fi\/WP\/wp-content\/uploads\/2017\/11\/lansimetro-7-768x512.jpg 768w, https:\/\/www.remonen.fi\/WP\/wp-content\/uploads\/2017\/11\/lansimetro-7-1024x682.jpg 1024w, https:\/\/www.remonen.fi\/WP\/wp-content\/uploads\/2017\/11\/lansimetro-7-440x293.jpg 440w, https:\/\/www.remonen.fi\/WP\/wp-content\/uploads\/2017\/11\/lansimetro-7-960x640.jpg 960w\" sizes=\"(max-width: 880px) 100vw, 880px\" \/><\/a><p id=\"caption-attachment-8785\" class=\"wp-caption-text\">Ota t\u00e4st\u00e4 nyt selv\u00e4\u00e4<\/p><\/div>Oli niin suuri t\u00e4m\u00e4 tapahtuma, ett\u00e4 kaikki kansa oli paikalle ker\u00e4\u00e4ntynyt mukanaan mirhaa ja kultaesineit\u00e4. Suuri oli juhla ja juhlakansan m\u00e4\u00e4r\u00e4.<\/p>\n<div id=\"attachment_8779\" style=\"width: 596px\" class=\"wp-caption aligncenter\"><a href=\"https:\/\/www.remonen.fi\/WP\/wp-content\/uploads\/2017\/11\/lansimetro-1.jpg\"><img loading=\"lazy\" decoding=\"async\" aria-describedby=\"caption-attachment-8779\" class=\"wp-image-8779\" title=\"Taken: 18 marraskuun, 2017 | Copyright: (c) Matti Remonen | Keywords: Kulkuv\u00e4lineet, L\u00e4nsimetro, Metro | \" src=\"https:\/\/www.remonen.fi\/WP\/wp-content\/uploads\/2017\/11\/lansimetro-1.jpg\" alt=\"\" width=\"586\" height=\"880\" srcset=\"https:\/\/www.remonen.fi\/WP\/wp-content\/uploads\/2017\/11\/lansimetro-1.jpg 853w, https:\/\/www.remonen.fi\/WP\/wp-content\/uploads\/2017\/11\/lansimetro-1-200x300.jpg 200w, https:\/\/www.remonen.fi\/WP\/wp-content\/uploads\/2017\/11\/lansimetro-1-453x680.jpg 453w, https:\/\/www.remonen.fi\/WP\/wp-content\/uploads\/2017\/11\/lansimetro-1-768x1152.jpg 768w, https:\/\/www.remonen.fi\/WP\/wp-content\/uploads\/2017\/11\/lansimetro-1-682x1024.jpg 682w, https:\/\/www.remonen.fi\/WP\/wp-content\/uploads\/2017\/11\/lansimetro-1-440x660.jpg 440w, https:\/\/www.remonen.fi\/WP\/wp-content\/uploads\/2017\/11\/lansimetro-1-300x450.jpg 300w\" sizes=\"(max-width: 586px) 100vw, 586px\" \/><\/a><p id=\"caption-attachment-8779\" class=\"wp-caption-text\">Mellunm\u00e4ki &#8211; Mellungsbacka<\/p><\/div>\n<div id=\"attachment_8780\" style=\"width: 596px\" class=\"wp-caption aligncenter\"><a href=\"https:\/\/www.remonen.fi\/WP\/wp-content\/uploads\/2017\/11\/lansimetro-2.jpg\"><img loading=\"lazy\" decoding=\"async\" aria-describedby=\"caption-attachment-8780\" class=\"wp-image-8780\" title=\"Taken: 18 marraskuun, 2017 | Copyright: (c) Matti Remonen | Keywords: Kulkuv\u00e4lineet, L\u00e4nsimetro, Metro | \" src=\"https:\/\/www.remonen.fi\/WP\/wp-content\/uploads\/2017\/11\/lansimetro-2.jpg\" alt=\"Metro Helsinki\" width=\"586\" height=\"880\" srcset=\"https:\/\/www.remonen.fi\/WP\/wp-content\/uploads\/2017\/11\/lansimetro-2.jpg 853w, https:\/\/www.remonen.fi\/WP\/wp-content\/uploads\/2017\/11\/lansimetro-2-200x300.jpg 200w, https:\/\/www.remonen.fi\/WP\/wp-content\/uploads\/2017\/11\/lansimetro-2-453x680.jpg 453w, https:\/\/www.remonen.fi\/WP\/wp-content\/uploads\/2017\/11\/lansimetro-2-768x1152.jpg 768w, https:\/\/www.remonen.fi\/WP\/wp-content\/uploads\/2017\/11\/lansimetro-2-682x1024.jpg 682w, https:\/\/www.remonen.fi\/WP\/wp-content\/uploads\/2017\/11\/lansimetro-2-440x660.jpg 440w, https:\/\/www.remonen.fi\/WP\/wp-content\/uploads\/2017\/11\/lansimetro-2-300x450.jpg 300w\" sizes=\"(max-width: 586px) 100vw, 586px\" \/><\/a><p id=\"caption-attachment-8780\" class=\"wp-caption-text\">Kontula &#8211; G\u00e5rdsbacka<\/p><\/div>\n<div id=\"attachment_8781\" style=\"width: 890px\" class=\"wp-caption aligncenter\"><a href=\"https:\/\/www.remonen.fi\/WP\/wp-content\/uploads\/2017\/11\/lansimetro-3.jpg\"><img loading=\"lazy\" decoding=\"async\" aria-describedby=\"caption-attachment-8781\" class=\"wp-image-8781\" title=\"Taken: 18 marraskuun, 2017 | Copyright: (c) Matti Remonen | Keywords: Kulkuv\u00e4lineet, L\u00e4nsimetro, Metro | \" src=\"https:\/\/www.remonen.fi\/WP\/wp-content\/uploads\/2017\/11\/lansimetro-3.jpg\" alt=\"Metro Helsinki\" width=\"880\" height=\"586\" srcset=\"https:\/\/www.remonen.fi\/WP\/wp-content\/uploads\/2017\/11\/lansimetro-3.jpg 1280w, https:\/\/www.remonen.fi\/WP\/wp-content\/uploads\/2017\/11\/lansimetro-3-300x200.jpg 300w, https:\/\/www.remonen.fi\/WP\/wp-content\/uploads\/2017\/11\/lansimetro-3-680x453.jpg 680w, https:\/\/www.remonen.fi\/WP\/wp-content\/uploads\/2017\/11\/lansimetro-3-768x512.jpg 768w, https:\/\/www.remonen.fi\/WP\/wp-content\/uploads\/2017\/11\/lansimetro-3-1024x682.jpg 1024w, https:\/\/www.remonen.fi\/WP\/wp-content\/uploads\/2017\/11\/lansimetro-3-440x293.jpg 440w, https:\/\/www.remonen.fi\/WP\/wp-content\/uploads\/2017\/11\/lansimetro-3-960x640.jpg 960w\" sizes=\"(max-width: 880px) 100vw, 880px\" \/><\/a><p id=\"caption-attachment-8781\" class=\"wp-caption-text\">Myllypuro &#8211; Kvarnb\u00e4cken<\/p><\/div>\n<div id=\"attachment_8782\" style=\"width: 596px\" class=\"wp-caption aligncenter\"><a href=\"https:\/\/www.remonen.fi\/WP\/wp-content\/uploads\/2017\/11\/lansimetro-4.jpg\"><img loading=\"lazy\" decoding=\"async\" aria-describedby=\"caption-attachment-8782\" class=\"wp-image-8782\" title=\"Taken: 18 marraskuun, 2017 | Copyright: (c) Matti Remonen | Keywords: Kulkuv\u00e4lineet, L\u00e4nsimetro, Metro | \" src=\"https:\/\/www.remonen.fi\/WP\/wp-content\/uploads\/2017\/11\/lansimetro-4.jpg\" alt=\"Metro Helsinki\" width=\"586\" height=\"880\" srcset=\"https:\/\/www.remonen.fi\/WP\/wp-content\/uploads\/2017\/11\/lansimetro-4.jpg 853w, https:\/\/www.remonen.fi\/WP\/wp-content\/uploads\/2017\/11\/lansimetro-4-200x300.jpg 200w, https:\/\/www.remonen.fi\/WP\/wp-content\/uploads\/2017\/11\/lansimetro-4-453x680.jpg 453w, https:\/\/www.remonen.fi\/WP\/wp-content\/uploads\/2017\/11\/lansimetro-4-768x1152.jpg 768w, https:\/\/www.remonen.fi\/WP\/wp-content\/uploads\/2017\/11\/lansimetro-4-682x1024.jpg 682w, https:\/\/www.remonen.fi\/WP\/wp-content\/uploads\/2017\/11\/lansimetro-4-440x660.jpg 440w, https:\/\/www.remonen.fi\/WP\/wp-content\/uploads\/2017\/11\/lansimetro-4-300x450.jpg 300w\" sizes=\"(max-width: 586px) 100vw, 586px\" \/><\/a><p id=\"caption-attachment-8782\" class=\"wp-caption-text\">It\u00e4keskus &#8211; \u00d6stra Centrum<\/p><\/div>\n<div id=\"attachment_8783\" style=\"width: 890px\" class=\"wp-caption aligncenter\"><a href=\"https:\/\/www.remonen.fi\/WP\/wp-content\/uploads\/2017\/11\/lansimetro-5.jpg\"><img loading=\"lazy\" decoding=\"async\" aria-describedby=\"caption-attachment-8783\" class=\"wp-image-8783\" title=\"Taken: 18 marraskuun, 2017 | Copyright: (c) Matti Remonen | Keywords: Kulkuv\u00e4lineet, L\u00e4nsimetro, Metro | \" src=\"https:\/\/www.remonen.fi\/WP\/wp-content\/uploads\/2017\/11\/lansimetro-5.jpg\" alt=\"Metro Helsinki\" width=\"880\" height=\"586\" srcset=\"https:\/\/www.remonen.fi\/WP\/wp-content\/uploads\/2017\/11\/lansimetro-5.jpg 1280w, https:\/\/www.remonen.fi\/WP\/wp-content\/uploads\/2017\/11\/lansimetro-5-300x200.jpg 300w, https:\/\/www.remonen.fi\/WP\/wp-content\/uploads\/2017\/11\/lansimetro-5-680x453.jpg 680w, https:\/\/www.remonen.fi\/WP\/wp-content\/uploads\/2017\/11\/lansimetro-5-768x512.jpg 768w, https:\/\/www.remonen.fi\/WP\/wp-content\/uploads\/2017\/11\/lansimetro-5-1024x682.jpg 1024w, https:\/\/www.remonen.fi\/WP\/wp-content\/uploads\/2017\/11\/lansimetro-5-440x293.jpg 440w, https:\/\/www.remonen.fi\/WP\/wp-content\/uploads\/2017\/11\/lansimetro-5-960x640.jpg 960w\" sizes=\"(max-width: 880px) 100vw, 880px\" \/><\/a><p id=\"caption-attachment-8783\" class=\"wp-caption-text\">Siilitie &#8211; Igelkottsv\u00e4gen<\/p><\/div>\n<div id=\"attachment_8784\" style=\"width: 596px\" class=\"wp-caption aligncenter\"><a href=\"https:\/\/www.remonen.fi\/WP\/wp-content\/uploads\/2017\/11\/lansimetro-6.jpg\"><img loading=\"lazy\" decoding=\"async\" aria-describedby=\"caption-attachment-8784\" class=\"wp-image-8784\" title=\"Taken: 18 marraskuun, 2017 | Copyright: (c) Matti Remonen | Keywords: Kulkuv\u00e4lineet, L\u00e4nsimetro, Metro | \" src=\"https:\/\/www.remonen.fi\/WP\/wp-content\/uploads\/2017\/11\/lansimetro-6.jpg\" alt=\"Metro Helsinki\" width=\"586\" height=\"880\" srcset=\"https:\/\/www.remonen.fi\/WP\/wp-content\/uploads\/2017\/11\/lansimetro-6.jpg 853w, https:\/\/www.remonen.fi\/WP\/wp-content\/uploads\/2017\/11\/lansimetro-6-200x300.jpg 200w, https:\/\/www.remonen.fi\/WP\/wp-content\/uploads\/2017\/11\/lansimetro-6-453x680.jpg 453w, https:\/\/www.remonen.fi\/WP\/wp-content\/uploads\/2017\/11\/lansimetro-6-768x1152.jpg 768w, https:\/\/www.remonen.fi\/WP\/wp-content\/uploads\/2017\/11\/lansimetro-6-682x1024.jpg 682w, https:\/\/www.remonen.fi\/WP\/wp-content\/uploads\/2017\/11\/lansimetro-6-440x660.jpg 440w, https:\/\/www.remonen.fi\/WP\/wp-content\/uploads\/2017\/11\/lansimetro-6-300x450.jpg 300w\" sizes=\"(max-width: 586px) 100vw, 586px\" \/><\/a><p id=\"caption-attachment-8784\" class=\"wp-caption-text\">Herttoniemi &#8211; Herton\u00e4s<\/p><\/div>\n<p>&nbsp;<\/p>\n<div id=\"attachment_8787\" style=\"width: 596px\" class=\"wp-caption aligncenter\"><a href=\"https:\/\/www.remonen.fi\/WP\/wp-content\/uploads\/2017\/11\/lansimetro-9.jpg\"><img loading=\"lazy\" decoding=\"async\" aria-describedby=\"caption-attachment-8787\" class=\"wp-image-8787\" title=\"Taken: 18 marraskuun, 2017 | Copyright: (c) Matti Remonen | Keywords: Kulkuv\u00e4lineet, L\u00e4nsimetro, Metro | \" src=\"https:\/\/www.remonen.fi\/WP\/wp-content\/uploads\/2017\/11\/lansimetro-9.jpg\" alt=\"Metro Helsinki\" width=\"586\" height=\"880\" srcset=\"https:\/\/www.remonen.fi\/WP\/wp-content\/uploads\/2017\/11\/lansimetro-9.jpg 853w, https:\/\/www.remonen.fi\/WP\/wp-content\/uploads\/2017\/11\/lansimetro-9-200x300.jpg 200w, https:\/\/www.remonen.fi\/WP\/wp-content\/uploads\/2017\/11\/lansimetro-9-453x680.jpg 453w, https:\/\/www.remonen.fi\/WP\/wp-content\/uploads\/2017\/11\/lansimetro-9-768x1152.jpg 768w, https:\/\/www.remonen.fi\/WP\/wp-content\/uploads\/2017\/11\/lansimetro-9-682x1024.jpg 682w, https:\/\/www.remonen.fi\/WP\/wp-content\/uploads\/2017\/11\/lansimetro-9-440x660.jpg 440w, https:\/\/www.remonen.fi\/WP\/wp-content\/uploads\/2017\/11\/lansimetro-9-300x450.jpg 300w\" sizes=\"(max-width: 586px) 100vw, 586px\" \/><\/a><p id=\"caption-attachment-8787\" class=\"wp-caption-text\">Kalasatama &#8211; Fiskehamnen<\/p><\/div>\n<div id=\"attachment_8790\" style=\"width: 596px\" class=\"wp-caption aligncenter\"><a href=\"https:\/\/www.remonen.fi\/WP\/wp-content\/uploads\/2017\/11\/lansimetro-12.jpg\"><img loading=\"lazy\" decoding=\"async\" aria-describedby=\"caption-attachment-8790\" class=\"wp-image-8790\" title=\"Taken: 18 marraskuun, 2017 | Copyright: (c) Matti Remonen | Keywords: Kulkuv\u00e4lineet, L\u00e4nsimetro, Metro | \" src=\"https:\/\/www.remonen.fi\/WP\/wp-content\/uploads\/2017\/11\/lansimetro-12.jpg\" alt=\"Metro Helsinki\" width=\"586\" height=\"880\" srcset=\"https:\/\/www.remonen.fi\/WP\/wp-content\/uploads\/2017\/11\/lansimetro-12.jpg 853w, https:\/\/www.remonen.fi\/WP\/wp-content\/uploads\/2017\/11\/lansimetro-12-200x300.jpg 200w, https:\/\/www.remonen.fi\/WP\/wp-content\/uploads\/2017\/11\/lansimetro-12-453x680.jpg 453w, https:\/\/www.remonen.fi\/WP\/wp-content\/uploads\/2017\/11\/lansimetro-12-768x1152.jpg 768w, https:\/\/www.remonen.fi\/WP\/wp-content\/uploads\/2017\/11\/lansimetro-12-682x1024.jpg 682w, https:\/\/www.remonen.fi\/WP\/wp-content\/uploads\/2017\/11\/lansimetro-12-440x660.jpg 440w, https:\/\/www.remonen.fi\/WP\/wp-content\/uploads\/2017\/11\/lansimetro-12-300x450.jpg 300w\" sizes=\"(max-width: 586px) 100vw, 586px\" \/><\/a><p id=\"caption-attachment-8790\" class=\"wp-caption-text\">V\u00e4enpaljous ahdistaa<\/p><\/div>\n<div id=\"attachment_8788\" style=\"width: 596px\" class=\"wp-caption aligncenter\"><a href=\"https:\/\/www.remonen.fi\/WP\/wp-content\/uploads\/2017\/11\/lansimetro-10.jpg\"><img loading=\"lazy\" decoding=\"async\" aria-describedby=\"caption-attachment-8788\" class=\"wp-image-8788\" title=\"Taken: 18 marraskuun, 2017 | Copyright: (c) Matti Remonen | Keywords: Kulkuv\u00e4lineet, L\u00e4nsimetro, Metro | \" src=\"https:\/\/www.remonen.fi\/WP\/wp-content\/uploads\/2017\/11\/lansimetro-10.jpg\" alt=\"Metro Helsinki\" width=\"586\" height=\"880\" srcset=\"https:\/\/www.remonen.fi\/WP\/wp-content\/uploads\/2017\/11\/lansimetro-10.jpg 853w, https:\/\/www.remonen.fi\/WP\/wp-content\/uploads\/2017\/11\/lansimetro-10-200x300.jpg 200w, https:\/\/www.remonen.fi\/WP\/wp-content\/uploads\/2017\/11\/lansimetro-10-453x680.jpg 453w, https:\/\/www.remonen.fi\/WP\/wp-content\/uploads\/2017\/11\/lansimetro-10-768x1152.jpg 768w, https:\/\/www.remonen.fi\/WP\/wp-content\/uploads\/2017\/11\/lansimetro-10-682x1024.jpg 682w, https:\/\/www.remonen.fi\/WP\/wp-content\/uploads\/2017\/11\/lansimetro-10-440x660.jpg 440w, https:\/\/www.remonen.fi\/WP\/wp-content\/uploads\/2017\/11\/lansimetro-10-300x450.jpg 300w\" sizes=\"(max-width: 586px) 100vw, 586px\" \/><\/a><p id=\"caption-attachment-8788\" class=\"wp-caption-text\">S\u00f6rn\u00e4inen &#8211; S\u00f6rn\u00e4s<\/p><\/div>\n<div id=\"attachment_8789\" style=\"width: 890px\" class=\"wp-caption aligncenter\"><a href=\"https:\/\/www.remonen.fi\/WP\/wp-content\/uploads\/2017\/11\/lansimetro-11.jpg\"><img loading=\"lazy\" decoding=\"async\" aria-describedby=\"caption-attachment-8789\" class=\"wp-image-8789\" title=\"Taken: 18 marraskuun, 2017 | Copyright: (c) Matti Remonen | Keywords: Kulkuv\u00e4lineet, L\u00e4nsimetro, Metro | \" src=\"https:\/\/www.remonen.fi\/WP\/wp-content\/uploads\/2017\/11\/lansimetro-11.jpg\" alt=\"Metro Helsinki\" width=\"880\" height=\"586\" srcset=\"https:\/\/www.remonen.fi\/WP\/wp-content\/uploads\/2017\/11\/lansimetro-11.jpg 1280w, https:\/\/www.remonen.fi\/WP\/wp-content\/uploads\/2017\/11\/lansimetro-11-300x200.jpg 300w, https:\/\/www.remonen.fi\/WP\/wp-content\/uploads\/2017\/11\/lansimetro-11-680x453.jpg 680w, https:\/\/www.remonen.fi\/WP\/wp-content\/uploads\/2017\/11\/lansimetro-11-768x512.jpg 768w, https:\/\/www.remonen.fi\/WP\/wp-content\/uploads\/2017\/11\/lansimetro-11-1024x682.jpg 1024w, https:\/\/www.remonen.fi\/WP\/wp-content\/uploads\/2017\/11\/lansimetro-11-440x293.jpg 440w, https:\/\/www.remonen.fi\/WP\/wp-content\/uploads\/2017\/11\/lansimetro-11-960x640.jpg 960w\" sizes=\"(max-width: 880px) 100vw, 880px\" \/><\/a><p id=\"caption-attachment-8789\" class=\"wp-caption-text\">Hakaniemi &#8211; Hagn\u00e4s<\/p><\/div>\n<p><div id=\"attachment_8815\" style=\"width: 596px\" class=\"wp-caption aligncenter\"><a href=\"https:\/\/www.remonen.fi\/WP\/wp-content\/uploads\/2017\/11\/lansimetro-25.jpg\"><img loading=\"lazy\" decoding=\"async\" aria-describedby=\"caption-attachment-8815\" class=\"wp-image-8815\" title=\"Taken: 18 marraskuun, 2017 | Copyright: (c) Matti Remonen | Keywords: Kulkuv\u00e4lineet, L\u00e4nsimetro, Metro | \" src=\"https:\/\/www.remonen.fi\/WP\/wp-content\/uploads\/2017\/11\/lansimetro-25.jpg\" alt=\"Metro Helsinki\" width=\"586\" height=\"880\" srcset=\"https:\/\/www.remonen.fi\/WP\/wp-content\/uploads\/2017\/11\/lansimetro-25.jpg 853w, https:\/\/www.remonen.fi\/WP\/wp-content\/uploads\/2017\/11\/lansimetro-25-200x300.jpg 200w, https:\/\/www.remonen.fi\/WP\/wp-content\/uploads\/2017\/11\/lansimetro-25-453x680.jpg 453w, https:\/\/www.remonen.fi\/WP\/wp-content\/uploads\/2017\/11\/lansimetro-25-768x1152.jpg 768w, https:\/\/www.remonen.fi\/WP\/wp-content\/uploads\/2017\/11\/lansimetro-25-682x1024.jpg 682w, https:\/\/www.remonen.fi\/WP\/wp-content\/uploads\/2017\/11\/lansimetro-25-440x660.jpg 440w, https:\/\/www.remonen.fi\/WP\/wp-content\/uploads\/2017\/11\/lansimetro-25-300x450.jpg 300w\" sizes=\"(max-width: 586px) 100vw, 586px\" \/><\/a><p id=\"caption-attachment-8815\" class=\"wp-caption-text\">Ruoholahti &#8211; Gr\u00e4sviken<\/p><\/div>No, tuota. Ehk\u00e4 viel\u00e4 muutama olisi mukaan mahtunut. Joka tapauksessa aikansa ajeltuaan koitti se odotettu hetki ja seikkailijakaksikkomme siirtyi kohden tuntematonta.<\/p>\n<p><a href=\"https:\/\/www.remonen.fi\/WP\/wp-content\/uploads\/2017\/11\/lansimetro-13.jpg\"><img loading=\"lazy\" decoding=\"async\" class=\"aligncenter wp-image-8791\" title=\"Taken: 18 marraskuun, 2017 | Copyright: (c) Matti Remonen | Keywords: Kulkuv\u00e4lineet, L\u00e4nsimetro, Metro | \" src=\"https:\/\/www.remonen.fi\/WP\/wp-content\/uploads\/2017\/11\/lansimetro-13.jpg\" alt=\"L\u00e4nsimetro\" width=\"586\" height=\"880\" srcset=\"https:\/\/www.remonen.fi\/WP\/wp-content\/uploads\/2017\/11\/lansimetro-13.jpg 853w, https:\/\/www.remonen.fi\/WP\/wp-content\/uploads\/2017\/11\/lansimetro-13-200x300.jpg 200w, https:\/\/www.remonen.fi\/WP\/wp-content\/uploads\/2017\/11\/lansimetro-13-453x680.jpg 453w, https:\/\/www.remonen.fi\/WP\/wp-content\/uploads\/2017\/11\/lansimetro-13-768x1152.jpg 768w, https:\/\/www.remonen.fi\/WP\/wp-content\/uploads\/2017\/11\/lansimetro-13-682x1024.jpg 682w, https:\/\/www.remonen.fi\/WP\/wp-content\/uploads\/2017\/11\/lansimetro-13-440x660.jpg 440w, https:\/\/www.remonen.fi\/WP\/wp-content\/uploads\/2017\/11\/lansimetro-13-300x450.jpg 300w\" sizes=\"(max-width: 586px) 100vw, 586px\" \/><\/a><\/p>\n<p>Ja mik\u00e4 uusi ja ihmeellinen maailma sielt\u00e4 avautuikaan. Ei ollut turhaan asiasta puhuttu ja monilla suilla julistettu. Ei oltu rahoja s\u00e4\u00e4stetty, eik\u00e4 aikaa. Sill\u00e4 molempiahan on rajattomasti.<\/p>\n<p><div id=\"attachment_8793\" style=\"width: 890px\" class=\"wp-caption aligncenter\"><a href=\"https:\/\/www.remonen.fi\/WP\/wp-content\/uploads\/2017\/11\/lansimetro-15.jpg\"><img loading=\"lazy\" decoding=\"async\" aria-describedby=\"caption-attachment-8793\" class=\"wp-image-8793\" title=\"Taken: 18 marraskuun, 2017 | Copyright: (c) Matti Remonen | Keywords: Kulkuv\u00e4lineet, L\u00e4nsimetro, Metro | \" src=\"https:\/\/www.remonen.fi\/WP\/wp-content\/uploads\/2017\/11\/lansimetro-15.jpg\" alt=\"L\u00e4nsimetro - Tapiola\" width=\"880\" height=\"586\" srcset=\"https:\/\/www.remonen.fi\/WP\/wp-content\/uploads\/2017\/11\/lansimetro-15.jpg 1280w, https:\/\/www.remonen.fi\/WP\/wp-content\/uploads\/2017\/11\/lansimetro-15-300x200.jpg 300w, https:\/\/www.remonen.fi\/WP\/wp-content\/uploads\/2017\/11\/lansimetro-15-680x453.jpg 680w, https:\/\/www.remonen.fi\/WP\/wp-content\/uploads\/2017\/11\/lansimetro-15-768x512.jpg 768w, https:\/\/www.remonen.fi\/WP\/wp-content\/uploads\/2017\/11\/lansimetro-15-1024x682.jpg 1024w, https:\/\/www.remonen.fi\/WP\/wp-content\/uploads\/2017\/11\/lansimetro-15-440x293.jpg 440w, https:\/\/www.remonen.fi\/WP\/wp-content\/uploads\/2017\/11\/lansimetro-15-960x640.jpg 960w\" sizes=\"(max-width: 880px) 100vw, 880px\" \/><\/a><p id=\"caption-attachment-8793\" class=\"wp-caption-text\">Tapiola &#8211; Hagalund<\/p><\/div>Paikalliset olivat asemalla vastassa ja yst\u00e4v\u00e4llisesti k\u00e4si\u00e4\u00e4n heiluttivat he.<\/p>\n<p><div id=\"attachment_8792\" style=\"width: 596px\" class=\"wp-caption aligncenter\"><a href=\"https:\/\/www.remonen.fi\/WP\/wp-content\/uploads\/2017\/11\/lansimetro-14.jpg\"><img loading=\"lazy\" decoding=\"async\" aria-describedby=\"caption-attachment-8792\" class=\"wp-image-8792\" title=\"Taken: 18 marraskuun, 2017 | Copyright: (c) Matti Remonen | Keywords: Kulkuv\u00e4lineet, L\u00e4nsimetro, Metro | \" src=\"https:\/\/www.remonen.fi\/WP\/wp-content\/uploads\/2017\/11\/lansimetro-14.jpg\" alt=\"L\u00e4nsimetro - Tapiola\" width=\"586\" height=\"880\" srcset=\"https:\/\/www.remonen.fi\/WP\/wp-content\/uploads\/2017\/11\/lansimetro-14.jpg 853w, https:\/\/www.remonen.fi\/WP\/wp-content\/uploads\/2017\/11\/lansimetro-14-200x300.jpg 200w, https:\/\/www.remonen.fi\/WP\/wp-content\/uploads\/2017\/11\/lansimetro-14-453x680.jpg 453w, https:\/\/www.remonen.fi\/WP\/wp-content\/uploads\/2017\/11\/lansimetro-14-768x1152.jpg 768w, https:\/\/www.remonen.fi\/WP\/wp-content\/uploads\/2017\/11\/lansimetro-14-682x1024.jpg 682w, https:\/\/www.remonen.fi\/WP\/wp-content\/uploads\/2017\/11\/lansimetro-14-440x660.jpg 440w, https:\/\/www.remonen.fi\/WP\/wp-content\/uploads\/2017\/11\/lansimetro-14-300x450.jpg 300w\" sizes=\"(max-width: 586px) 100vw, 586px\" \/><\/a><p id=\"caption-attachment-8792\" class=\"wp-caption-text\">Tapiola &#8211; Hagalund<\/p><\/div>Kyll\u00e4 t\u00e4m\u00e4 marmorin, lasin ja arvometallien m\u00e4\u00e4r\u00e4 l\u00f6i katsojan \u00e4llik\u00e4ll\u00e4. Ei ole vaivoja ja resursseja s\u00e4\u00e4stetty t\u00e4\u00e4ll\u00e4, ei.<\/p>\n<div id=\"attachment_8800\" style=\"width: 1290px\" class=\"wp-caption aligncenter\"><a href=\"https:\/\/www.remonen.fi\/WP\/wp-content\/uploads\/2017\/11\/lansimetro-22.jpg\"><img loading=\"lazy\" decoding=\"async\" aria-describedby=\"caption-attachment-8800\" class=\"wp-image-8800 size-full\" title=\"Taken: 18 marraskuun, 2017 | Copyright: (c) Matti Remonen | Keywords: Kulkuv\u00e4lineet, L\u00e4nsimetro, Metro | \" src=\"https:\/\/www.remonen.fi\/WP\/wp-content\/uploads\/2017\/11\/lansimetro-22.jpg\" alt=\"L\u00e4nsimetro - Urheilupuisto\" width=\"1280\" height=\"853\" srcset=\"https:\/\/www.remonen.fi\/WP\/wp-content\/uploads\/2017\/11\/lansimetro-22.jpg 1280w, https:\/\/www.remonen.fi\/WP\/wp-content\/uploads\/2017\/11\/lansimetro-22-300x200.jpg 300w, https:\/\/www.remonen.fi\/WP\/wp-content\/uploads\/2017\/11\/lansimetro-22-680x453.jpg 680w, https:\/\/www.remonen.fi\/WP\/wp-content\/uploads\/2017\/11\/lansimetro-22-768x512.jpg 768w, https:\/\/www.remonen.fi\/WP\/wp-content\/uploads\/2017\/11\/lansimetro-22-1024x682.jpg 1024w, https:\/\/www.remonen.fi\/WP\/wp-content\/uploads\/2017\/11\/lansimetro-22-440x293.jpg 440w, https:\/\/www.remonen.fi\/WP\/wp-content\/uploads\/2017\/11\/lansimetro-22-960x640.jpg 960w\" sizes=\"(max-width: 1280px) 100vw, 1280px\" \/><\/a><p id=\"caption-attachment-8800\" class=\"wp-caption-text\">Urheilupuisto &#8211; Idrottsparken<\/p><\/div>\n<p><div id=\"attachment_8795\" style=\"width: 596px\" class=\"wp-caption aligncenter\"><a href=\"https:\/\/www.remonen.fi\/WP\/wp-content\/uploads\/2017\/11\/lansimetro-17.jpg\"><img loading=\"lazy\" decoding=\"async\" aria-describedby=\"caption-attachment-8795\" class=\"wp-image-8795\" title=\"Taken: 18 marraskuun, 2017 | Copyright: (c) Matti Remonen | Keywords: Kulkuv\u00e4lineet, L\u00e4nsimetro, Metro | \" src=\"https:\/\/www.remonen.fi\/WP\/wp-content\/uploads\/2017\/11\/lansimetro-17.jpg\" alt=\"L\u00e4nsimetro - Niittykumpu\" width=\"586\" height=\"880\" srcset=\"https:\/\/www.remonen.fi\/WP\/wp-content\/uploads\/2017\/11\/lansimetro-17.jpg 853w, https:\/\/www.remonen.fi\/WP\/wp-content\/uploads\/2017\/11\/lansimetro-17-200x300.jpg 200w, https:\/\/www.remonen.fi\/WP\/wp-content\/uploads\/2017\/11\/lansimetro-17-453x680.jpg 453w, https:\/\/www.remonen.fi\/WP\/wp-content\/uploads\/2017\/11\/lansimetro-17-768x1152.jpg 768w, https:\/\/www.remonen.fi\/WP\/wp-content\/uploads\/2017\/11\/lansimetro-17-682x1024.jpg 682w, https:\/\/www.remonen.fi\/WP\/wp-content\/uploads\/2017\/11\/lansimetro-17-440x660.jpg 440w, https:\/\/www.remonen.fi\/WP\/wp-content\/uploads\/2017\/11\/lansimetro-17-300x450.jpg 300w\" sizes=\"(max-width: 586px) 100vw, 586px\" \/><\/a><p id=\"caption-attachment-8795\" class=\"wp-caption-text\">Niittykumpu &#8211; \u00c4ngskulla<\/p><\/div>Aikanaan sitten saavuimme p\u00e4\u00e4teasemalle Matinkyl\u00e4\u00e4n lukuisten muiden matkaajien kanssa. Tosin oheisessa kuvassa olemme jo l\u00e4hd\u00f6ss\u00e4 v\u00e4kijoukkoja pakoon kohden sivistyst\u00e4.<\/p>\n<p><div id=\"attachment_8797\" style=\"width: 596px\" class=\"wp-caption aligncenter\"><a href=\"https:\/\/www.remonen.fi\/WP\/wp-content\/uploads\/2017\/11\/lansimetro-19.jpg\"><img loading=\"lazy\" decoding=\"async\" aria-describedby=\"caption-attachment-8797\" class=\"wp-image-8797\" title=\"Taken: 18 marraskuun, 2017 | Copyright: (c) Matti Remonen | Keywords: Kulkuv\u00e4lineet, L\u00e4nsimetro, Metro | \" src=\"https:\/\/www.remonen.fi\/WP\/wp-content\/uploads\/2017\/11\/lansimetro-19.jpg\" alt=\"L\u00e4nsimetro - Matinkyl\u00e4\" width=\"586\" height=\"880\" srcset=\"https:\/\/www.remonen.fi\/WP\/wp-content\/uploads\/2017\/11\/lansimetro-19.jpg 853w, https:\/\/www.remonen.fi\/WP\/wp-content\/uploads\/2017\/11\/lansimetro-19-200x300.jpg 200w, https:\/\/www.remonen.fi\/WP\/wp-content\/uploads\/2017\/11\/lansimetro-19-453x680.jpg 453w, https:\/\/www.remonen.fi\/WP\/wp-content\/uploads\/2017\/11\/lansimetro-19-768x1152.jpg 768w, https:\/\/www.remonen.fi\/WP\/wp-content\/uploads\/2017\/11\/lansimetro-19-682x1024.jpg 682w, https:\/\/www.remonen.fi\/WP\/wp-content\/uploads\/2017\/11\/lansimetro-19-440x660.jpg 440w, https:\/\/www.remonen.fi\/WP\/wp-content\/uploads\/2017\/11\/lansimetro-19-300x450.jpg 300w\" sizes=\"(max-width: 586px) 100vw, 586px\" \/><\/a><p id=\"caption-attachment-8797\" class=\"wp-caption-text\">Matinkyl\u00e4 &#8211; Mattby<\/p><\/div>V\u00e4lill\u00e4 nousimme maan alta ihmettelem\u00e4\u00e4n paikallisten el\u00e4m\u00e4\u00e4 ja olosuhteita t\u00e4\u00e4ll\u00e4 suuressa l\u00e4nness\u00e4.<\/p>\n<div id=\"attachment_8798\" style=\"width: 599px\" class=\"wp-caption aligncenter\"><a href=\"https:\/\/www.remonen.fi\/WP\/wp-content\/uploads\/2017\/11\/lansimetro-20.jpg\"><img loading=\"lazy\" decoding=\"async\" aria-describedby=\"caption-attachment-8798\" class=\"wp-image-8798\" title=\"Taken: 18 marraskuun, 2017 | Copyright: (c) Matti Remonen | Keywords: Kulkuv\u00e4lineet, L\u00e4nsimetro, Metro | \" src=\"https:\/\/www.remonen.fi\/WP\/wp-content\/uploads\/2017\/11\/lansimetro-20.jpg\" alt=\"L\u00e4nsimetro - Niittykumpu\" width=\"589\" height=\"880\" srcset=\"https:\/\/www.remonen.fi\/WP\/wp-content\/uploads\/2017\/11\/lansimetro-20.jpg 856w, https:\/\/www.remonen.fi\/WP\/wp-content\/uploads\/2017\/11\/lansimetro-20-201x300.jpg 201w, https:\/\/www.remonen.fi\/WP\/wp-content\/uploads\/2017\/11\/lansimetro-20-455x680.jpg 455w, https:\/\/www.remonen.fi\/WP\/wp-content\/uploads\/2017\/11\/lansimetro-20-768x1148.jpg 768w, https:\/\/www.remonen.fi\/WP\/wp-content\/uploads\/2017\/11\/lansimetro-20-685x1024.jpg 685w, https:\/\/www.remonen.fi\/WP\/wp-content\/uploads\/2017\/11\/lansimetro-20-440x658.jpg 440w, https:\/\/www.remonen.fi\/WP\/wp-content\/uploads\/2017\/11\/lansimetro-20-300x449.jpg 300w\" sizes=\"(max-width: 589px) 100vw, 589px\" \/><\/a><p id=\"caption-attachment-8798\" class=\"wp-caption-text\">Niittykumpu &#8211; \u00c4ngskulla<\/p><\/div>\n<div id=\"attachment_8796\" style=\"width: 890px\" class=\"wp-caption aligncenter\"><a href=\"https:\/\/www.remonen.fi\/WP\/wp-content\/uploads\/2017\/11\/lansimetro-18.jpg\"><img loading=\"lazy\" decoding=\"async\" aria-describedby=\"caption-attachment-8796\" class=\"wp-image-8796\" title=\"Taken: 18 marraskuun, 2017 | Copyright: (c) Matti Remonen | Keywords: Kulkuv\u00e4lineet, L\u00e4nsimetro, Metro | \" src=\"https:\/\/www.remonen.fi\/WP\/wp-content\/uploads\/2017\/11\/lansimetro-18.jpg\" alt=\"L\u00e4nsimetro - Urheilupuisto\" width=\"880\" height=\"586\" srcset=\"https:\/\/www.remonen.fi\/WP\/wp-content\/uploads\/2017\/11\/lansimetro-18.jpg 1280w, https:\/\/www.remonen.fi\/WP\/wp-content\/uploads\/2017\/11\/lansimetro-18-300x200.jpg 300w, https:\/\/www.remonen.fi\/WP\/wp-content\/uploads\/2017\/11\/lansimetro-18-680x453.jpg 680w, https:\/\/www.remonen.fi\/WP\/wp-content\/uploads\/2017\/11\/lansimetro-18-768x512.jpg 768w, https:\/\/www.remonen.fi\/WP\/wp-content\/uploads\/2017\/11\/lansimetro-18-1024x682.jpg 1024w, https:\/\/www.remonen.fi\/WP\/wp-content\/uploads\/2017\/11\/lansimetro-18-440x293.jpg 440w, https:\/\/www.remonen.fi\/WP\/wp-content\/uploads\/2017\/11\/lansimetro-18-960x640.jpg 960w\" sizes=\"(max-width: 880px) 100vw, 880px\" \/><\/a><p id=\"caption-attachment-8796\" class=\"wp-caption-text\">Urheilupuisto &#8211; Idrottsparken<\/p><\/div>\n<p><div id=\"attachment_8799\" style=\"width: 890px\" class=\"wp-caption aligncenter\"><a href=\"https:\/\/www.remonen.fi\/WP\/wp-content\/uploads\/2017\/11\/lansimetro-21.jpg\"><img loading=\"lazy\" decoding=\"async\" aria-describedby=\"caption-attachment-8799\" class=\"wp-image-8799\" title=\"Taken: 18 marraskuun, 2017 | Copyright: (c) Matti Remonen | Keywords: Kulkuv\u00e4lineet, L\u00e4nsimetro, Metro | \" src=\"https:\/\/www.remonen.fi\/WP\/wp-content\/uploads\/2017\/11\/lansimetro-21.jpg\" alt=\"L\u00e4nsimetro - Urheilupuisto\" width=\"880\" height=\"586\" srcset=\"https:\/\/www.remonen.fi\/WP\/wp-content\/uploads\/2017\/11\/lansimetro-21.jpg 1280w, https:\/\/www.remonen.fi\/WP\/wp-content\/uploads\/2017\/11\/lansimetro-21-300x200.jpg 300w, https:\/\/www.remonen.fi\/WP\/wp-content\/uploads\/2017\/11\/lansimetro-21-680x453.jpg 680w, https:\/\/www.remonen.fi\/WP\/wp-content\/uploads\/2017\/11\/lansimetro-21-768x512.jpg 768w, https:\/\/www.remonen.fi\/WP\/wp-content\/uploads\/2017\/11\/lansimetro-21-1024x682.jpg 1024w, https:\/\/www.remonen.fi\/WP\/wp-content\/uploads\/2017\/11\/lansimetro-21-440x293.jpg 440w, https:\/\/www.remonen.fi\/WP\/wp-content\/uploads\/2017\/11\/lansimetro-21-960x640.jpg 960w\" sizes=\"(max-width: 880px) 100vw, 880px\" \/><\/a><p id=\"caption-attachment-8799\" class=\"wp-caption-text\">Urheilupuisto &#8211; Idrottsparken<\/p><\/div><div id=\"attachment_8801\" style=\"width: 596px\" class=\"wp-caption aligncenter\"><a href=\"https:\/\/www.remonen.fi\/WP\/wp-content\/uploads\/2017\/11\/lansimetro-23.jpg\"><img loading=\"lazy\" decoding=\"async\" aria-describedby=\"caption-attachment-8801\" class=\"wp-image-8801\" title=\"Taken: 18 marraskuun, 2017 | Copyright: (c) Matti Remonen | Keywords: Kulkuv\u00e4lineet, L\u00e4nsimetro, Metro | \" src=\"https:\/\/www.remonen.fi\/WP\/wp-content\/uploads\/2017\/11\/lansimetro-23.jpg\" alt=\"L\u00e4nsimetro - Aalto-yliopisto\" width=\"586\" height=\"880\" srcset=\"https:\/\/www.remonen.fi\/WP\/wp-content\/uploads\/2017\/11\/lansimetro-23.jpg 853w, https:\/\/www.remonen.fi\/WP\/wp-content\/uploads\/2017\/11\/lansimetro-23-200x300.jpg 200w, https:\/\/www.remonen.fi\/WP\/wp-content\/uploads\/2017\/11\/lansimetro-23-453x680.jpg 453w, https:\/\/www.remonen.fi\/WP\/wp-content\/uploads\/2017\/11\/lansimetro-23-768x1152.jpg 768w, https:\/\/www.remonen.fi\/WP\/wp-content\/uploads\/2017\/11\/lansimetro-23-682x1024.jpg 682w, https:\/\/www.remonen.fi\/WP\/wp-content\/uploads\/2017\/11\/lansimetro-23-440x660.jpg 440w, https:\/\/www.remonen.fi\/WP\/wp-content\/uploads\/2017\/11\/lansimetro-23-300x450.jpg 300w\" sizes=\"(max-width: 586px) 100vw, 586px\" \/><\/a><p id=\"caption-attachment-8801\" class=\"wp-caption-text\">Aalto-yliopisto &#8211; Aalto-Universitetet<\/p><\/div>&nbsp;<\/p>\n<p><div id=\"attachment_8778\" style=\"width: 890px\" class=\"wp-caption aligncenter\"><a href=\"https:\/\/www.remonen.fi\/WP\/wp-content\/uploads\/2017\/11\/lansimetro-24.jpg\"><img loading=\"lazy\" decoding=\"async\" aria-describedby=\"caption-attachment-8778\" class=\"wp-image-8778\" title=\"Taken: 18 marraskuun, 2017 | Copyright: (c) Matti Remonen | Keywords: Kulkuv\u00e4lineet, L\u00e4nsimetro, Metro | \" src=\"https:\/\/www.remonen.fi\/WP\/wp-content\/uploads\/2017\/11\/lansimetro-24.jpg\" alt=\"L\u00e4nsimetro - Keilaniemi\" width=\"880\" height=\"586\" srcset=\"https:\/\/www.remonen.fi\/WP\/wp-content\/uploads\/2017\/11\/lansimetro-24.jpg 1280w, https:\/\/www.remonen.fi\/WP\/wp-content\/uploads\/2017\/11\/lansimetro-24-300x200.jpg 300w, https:\/\/www.remonen.fi\/WP\/wp-content\/uploads\/2017\/11\/lansimetro-24-680x453.jpg 680w, https:\/\/www.remonen.fi\/WP\/wp-content\/uploads\/2017\/11\/lansimetro-24-768x512.jpg 768w, https:\/\/www.remonen.fi\/WP\/wp-content\/uploads\/2017\/11\/lansimetro-24-1024x682.jpg 1024w, https:\/\/www.remonen.fi\/WP\/wp-content\/uploads\/2017\/11\/lansimetro-24-440x293.jpg 440w, https:\/\/www.remonen.fi\/WP\/wp-content\/uploads\/2017\/11\/lansimetro-24-960x640.jpg 960w\" sizes=\"(max-width: 880px) 100vw, 880px\" \/><\/a><p id=\"caption-attachment-8778\" class=\"wp-caption-text\">Keilaniemi &#8211; K\u00e4geludden<\/p><\/div>Ja lopulta reissumme oli ohi. Olimme ajaneet metrolinjan p\u00e4\u00e4st\u00e4 p\u00e4\u00e4h\u00e4n ja l\u00e4hes takaisin. Oli aika sulkea kannet t\u00e4lt\u00e4 kirjalta ja jatkaa tarinaa jossain toisessa paikassa ja toisella aikaa.<\/p>\n<p><a href=\"https:\/\/www.remonen.fi\/WP\/wp-content\/uploads\/2017\/11\/lansimetro-1-2.jpg\"><img loading=\"lazy\" decoding=\"async\" class=\"aligncenter wp-image-8810\" title=\"Taken: 18 marraskuun, 2017 | Copyright: (c) Matti Remonen | Keywords: Kulkuv\u00e4lineet, L\u00e4nsimetro, Metro | \" src=\"https:\/\/www.remonen.fi\/WP\/wp-content\/uploads\/2017\/11\/lansimetro-1-2.jpg\" alt=\"L\u00e4nsimetro\" width=\"880\" height=\"586\" srcset=\"https:\/\/www.remonen.fi\/WP\/wp-content\/uploads\/2017\/11\/lansimetro-1-2.jpg 1280w, https:\/\/www.remonen.fi\/WP\/wp-content\/uploads\/2017\/11\/lansimetro-1-2-300x200.jpg 300w, https:\/\/www.remonen.fi\/WP\/wp-content\/uploads\/2017\/11\/lansimetro-1-2-680x453.jpg 680w, https:\/\/www.remonen.fi\/WP\/wp-content\/uploads\/2017\/11\/lansimetro-1-2-768x512.jpg 768w, https:\/\/www.remonen.fi\/WP\/wp-content\/uploads\/2017\/11\/lansimetro-1-2-1024x682.jpg 1024w, https:\/\/www.remonen.fi\/WP\/wp-content\/uploads\/2017\/11\/lansimetro-1-2-440x293.jpg 440w, https:\/\/www.remonen.fi\/WP\/wp-content\/uploads\/2017\/11\/lansimetro-1-2-960x640.jpg 960w\" sizes=\"(max-width: 880px) 100vw, 880px\" \/><\/a><\/p>\n<p>Metrossa matkusti Sony a6000 + SEL1018<\/p>\n","protected":false},"excerpt":{"rendered":"<p>&#8221;\u00c4lk\u00e4\u00e4 pelj\u00e4tk\u00f6; sill\u00e4 katso, min\u00e4 ilmoitan teille suuren ilon, joka on tuleva kaikelle kansalle: L\u00e4nsimetro on valmis&#8221;. Ja katso, niin oli tosiaan tapahtunut. &#8221;Menk\u00e4\u00e4mme nyt Matinkyl\u00e4\u00e4n katsomaan sit\u00e4, mik\u00e4 on tapahtunut ja mink\u00e4 HSL meille ilmoitti&#8221;. Ja niin Matti ja Liisa (no, Susanna, mutta kuitenkin) l\u00e4htiv\u00e4t t\u00e4t\u00e4 suurta ihmett\u00e4 katsomaan ja L\u00e4nsimetroon tutustumaan. Aamusella vesisateessa [&hellip;]<\/p>\n","protected":false},"author":2,"featured_media":8785,"comment_status":"open","ping_status":"closed","sticky":false,"template":"","format":"standard","meta":{"footnotes":""},"categories":[16],"tags":[249,331,208],"yoast_head":"<!-- This site is optimized with the Yoast SEO plugin v24.5 - https:\/\/yoast.com\/wordpress\/plugins\/seo\/ -->\n<title>Orange County &#187; remonen.fi<\/title>\n<meta name=\"description\" content=\"L\u00e4nsimetro avatui l\u00e4hes pyyt\u00e4m\u00e4tt\u00e4 ja yll\u00e4tt\u00e4en. No, sit\u00e4 ihmett\u00e4h\u00e4n piti l\u00e4hte\u00e4 katsomaan ja kokemaan oikein ajan kanssa. Ja valokuviakin otettiin.\" \/>\n<meta name=\"robots\" content=\"index, follow, max-snippet:-1, max-image-preview:large, max-video-preview:-1\" \/>\n<link rel=\"canonical\" href=\"https:\/\/www.remonen.fi\/WP\/blogi\/orange-county\/\" \/>\n<meta property=\"og:locale\" content=\"fi_FI\" \/>\n<meta property=\"og:type\" content=\"article\" \/>\n<meta property=\"og:title\" content=\"Orange County &#187; remonen.fi\" \/>\n<meta property=\"og:description\" content=\"L\u00e4nsimetro avatui l\u00e4hes pyyt\u00e4m\u00e4tt\u00e4 ja yll\u00e4tt\u00e4en. No, sit\u00e4 ihmett\u00e4h\u00e4n piti l\u00e4hte\u00e4 katsomaan ja kokemaan oikein ajan kanssa. Ja valokuviakin otettiin.\" \/>\n<meta property=\"og:url\" content=\"https:\/\/www.remonen.fi\/WP\/blogi\/orange-county\/\" \/>\n<meta property=\"og:site_name\" content=\"remonen.fi\" \/>\n<meta property=\"article:published_time\" content=\"2017-11-19T14:15:44+00:00\" \/>\n<meta property=\"article:modified_time\" content=\"2017-11-19T14:26:05+00:00\" \/>\n<meta property=\"og:image\" content=\"https:\/\/www.remonen.fi\/WP\/wp-content\/uploads\/2017\/11\/lansimetro-7.jpg\" \/>\n\t<meta property=\"og:image:width\" content=\"1280\" \/>\n\t<meta property=\"og:image:height\" content=\"853\" \/>\n\t<meta property=\"og:image:type\" content=\"image\/jpeg\" \/>\n<meta name=\"author\" content=\"Matti Remonen\" \/>\n<meta name=\"twitter:label1\" content=\"Kirjoittanut\" \/>\n\t<meta name=\"twitter:data1\" content=\"Matti Remonen\" \/>\n\t<meta name=\"twitter:label2\" content=\"Arvioitu lukuaika\" \/>\n\t<meta name=\"twitter:data2\" content=\"3 minuuttia\" \/>\n<script type=\"application\/ld+json\" class=\"yoast-schema-graph\">{\"@context\":\"https:\/\/schema.org\",\"@graph\":[{\"@type\":\"Article\",\"@id\":\"https:\/\/www.remonen.fi\/WP\/blogi\/orange-county\/#article\",\"isPartOf\":{\"@id\":\"https:\/\/www.remonen.fi\/WP\/blogi\/orange-county\/\"},\"author\":{\"name\":\"Matti Remonen\",\"@id\":\"https:\/\/www.remonen.fi\/WP\/#\/schema\/person\/1803c23d1d4f6722054eb2ac7f7a97cd\"},\"headline\":\"Orange County\",\"datePublished\":\"2017-11-19T14:15:44+00:00\",\"dateModified\":\"2017-11-19T14:26:05+00:00\",\"mainEntityOfPage\":{\"@id\":\"https:\/\/www.remonen.fi\/WP\/blogi\/orange-county\/\"},\"wordCount\":519,\"commentCount\":0,\"publisher\":{\"@id\":\"https:\/\/www.remonen.fi\/WP\/#\/schema\/person\/1803c23d1d4f6722054eb2ac7f7a97cd\"},\"image\":{\"@id\":\"https:\/\/www.remonen.fi\/WP\/blogi\/orange-county\/#primaryimage\"},\"thumbnailUrl\":\"https:\/\/www.remonen.fi\/WP\/wp-content\/uploads\/2017\/11\/lansimetro-7.jpg\",\"keywords\":[\"Helsinki\",\"L\u00e4nsimetro\",\"Metro\"],\"articleSection\":[\"Blog\"],\"inLanguage\":\"fi\",\"potentialAction\":[{\"@type\":\"CommentAction\",\"name\":\"Comment\",\"target\":[\"https:\/\/www.remonen.fi\/WP\/blogi\/orange-county\/#respond\"]}]},{\"@type\":\"WebPage\",\"@id\":\"https:\/\/www.remonen.fi\/WP\/blogi\/orange-county\/\",\"url\":\"https:\/\/www.remonen.fi\/WP\/blogi\/orange-county\/\",\"name\":\"Orange County &#187; remonen.fi\",\"isPartOf\":{\"@id\":\"https:\/\/www.remonen.fi\/WP\/#website\"},\"primaryImageOfPage\":{\"@id\":\"https:\/\/www.remonen.fi\/WP\/blogi\/orange-county\/#primaryimage\"},\"image\":{\"@id\":\"https:\/\/www.remonen.fi\/WP\/blogi\/orange-county\/#primaryimage\"},\"thumbnailUrl\":\"https:\/\/www.remonen.fi\/WP\/wp-content\/uploads\/2017\/11\/lansimetro-7.jpg\",\"datePublished\":\"2017-11-19T14:15:44+00:00\",\"dateModified\":\"2017-11-19T14:26:05+00:00\",\"description\":\"L\u00e4nsimetro avatui l\u00e4hes pyyt\u00e4m\u00e4tt\u00e4 ja yll\u00e4tt\u00e4en. No, sit\u00e4 ihmett\u00e4h\u00e4n piti l\u00e4hte\u00e4 katsomaan ja kokemaan oikein ajan kanssa. Ja valokuviakin otettiin.\",\"breadcrumb\":{\"@id\":\"https:\/\/www.remonen.fi\/WP\/blogi\/orange-county\/#breadcrumb\"},\"inLanguage\":\"fi\",\"potentialAction\":[{\"@type\":\"ReadAction\",\"target\":[\"https:\/\/www.remonen.fi\/WP\/blogi\/orange-county\/\"]}]},{\"@type\":\"ImageObject\",\"inLanguage\":\"fi\",\"@id\":\"https:\/\/www.remonen.fi\/WP\/blogi\/orange-county\/#primaryimage\",\"url\":\"https:\/\/www.remonen.fi\/WP\/wp-content\/uploads\/2017\/11\/lansimetro-7.jpg\",\"contentUrl\":\"https:\/\/www.remonen.fi\/WP\/wp-content\/uploads\/2017\/11\/lansimetro-7.jpg\",\"width\":1280,\"height\":853,\"caption\":\"[exif id=\\\"8785\\\"]\"},{\"@type\":\"BreadcrumbList\",\"@id\":\"https:\/\/www.remonen.fi\/WP\/blogi\/orange-county\/#breadcrumb\",\"itemListElement\":[{\"@type\":\"ListItem\",\"position\":1,\"name\":\"Etusivu\",\"item\":\"https:\/\/www.remonen.fi\/WP\/\"},{\"@type\":\"ListItem\",\"position\":2,\"name\":\"Orange County\"}]},{\"@type\":\"WebSite\",\"@id\":\"https:\/\/www.remonen.fi\/WP\/#website\",\"url\":\"https:\/\/www.remonen.fi\/WP\/\",\"name\":\"remonen.fi\",\"description\":\"Valokuvia ja tarinaa laidasta laitaan\",\"publisher\":{\"@id\":\"https:\/\/www.remonen.fi\/WP\/#\/schema\/person\/1803c23d1d4f6722054eb2ac7f7a97cd\"},\"potentialAction\":[{\"@type\":\"SearchAction\",\"target\":{\"@type\":\"EntryPoint\",\"urlTemplate\":\"https:\/\/www.remonen.fi\/WP\/?s={search_term_string}\"},\"query-input\":{\"@type\":\"PropertyValueSpecification\",\"valueRequired\":true,\"valueName\":\"search_term_string\"}}],\"inLanguage\":\"fi\"},{\"@type\":[\"Person\",\"Organization\"],\"@id\":\"https:\/\/www.remonen.fi\/WP\/#\/schema\/person\/1803c23d1d4f6722054eb2ac7f7a97cd\",\"name\":\"Matti Remonen\",\"logo\":{\"@id\":\"https:\/\/www.remonen.fi\/WP\/#\/schema\/person\/image\/\"},\"url\":\"https:\/\/www.remonen.fi\/WP\/blogi\/author\/mre\/\"}]}<\/script>\n<!-- \/ Yoast SEO plugin. -->","yoast_head_json":{"title":"Orange County &#187; remonen.fi","description":"L\u00e4nsimetro avatui l\u00e4hes pyyt\u00e4m\u00e4tt\u00e4 ja yll\u00e4tt\u00e4en. No, sit\u00e4 ihmett\u00e4h\u00e4n piti l\u00e4hte\u00e4 katsomaan ja kokemaan oikein ajan kanssa. Ja valokuviakin otettiin.","robots":{"index":"index","follow":"follow","max-snippet":"max-snippet:-1","max-image-preview":"max-image-preview:large","max-video-preview":"max-video-preview:-1"},"canonical":"https:\/\/www.remonen.fi\/WP\/blogi\/orange-county\/","og_locale":"fi_FI","og_type":"article","og_title":"Orange County &#187; remonen.fi","og_description":"L\u00e4nsimetro avatui l\u00e4hes pyyt\u00e4m\u00e4tt\u00e4 ja yll\u00e4tt\u00e4en. No, sit\u00e4 ihmett\u00e4h\u00e4n piti l\u00e4hte\u00e4 katsomaan ja kokemaan oikein ajan kanssa. Ja valokuviakin otettiin.","og_url":"https:\/\/www.remonen.fi\/WP\/blogi\/orange-county\/","og_site_name":"remonen.fi","article_published_time":"2017-11-19T14:15:44+00:00","article_modified_time":"2017-11-19T14:26:05+00:00","og_image":[{"width":1280,"height":853,"url":"https:\/\/www.remonen.fi\/WP\/wp-content\/uploads\/2017\/11\/lansimetro-7.jpg","type":"image\/jpeg"}],"author":"Matti Remonen","twitter_misc":{"Kirjoittanut":"Matti Remonen","Arvioitu lukuaika":"3 minuuttia"},"schema":{"@context":"https:\/\/schema.org","@graph":[{"@type":"Article","@id":"https:\/\/www.remonen.fi\/WP\/blogi\/orange-county\/#article","isPartOf":{"@id":"https:\/\/www.remonen.fi\/WP\/blogi\/orange-county\/"},"author":{"name":"Matti Remonen","@id":"https:\/\/www.remonen.fi\/WP\/#\/schema\/person\/1803c23d1d4f6722054eb2ac7f7a97cd"},"headline":"Orange County","datePublished":"2017-11-19T14:15:44+00:00","dateModified":"2017-11-19T14:26:05+00:00","mainEntityOfPage":{"@id":"https:\/\/www.remonen.fi\/WP\/blogi\/orange-county\/"},"wordCount":519,"commentCount":0,"publisher":{"@id":"https:\/\/www.remonen.fi\/WP\/#\/schema\/person\/1803c23d1d4f6722054eb2ac7f7a97cd"},"image":{"@id":"https:\/\/www.remonen.fi\/WP\/blogi\/orange-county\/#primaryimage"},"thumbnailUrl":"https:\/\/www.remonen.fi\/WP\/wp-content\/uploads\/2017\/11\/lansimetro-7.jpg","keywords":["Helsinki","L\u00e4nsimetro","Metro"],"articleSection":["Blog"],"inLanguage":"fi","potentialAction":[{"@type":"CommentAction","name":"Comment","target":["https:\/\/www.remonen.fi\/WP\/blogi\/orange-county\/#respond"]}]},{"@type":"WebPage","@id":"https:\/\/www.remonen.fi\/WP\/blogi\/orange-county\/","url":"https:\/\/www.remonen.fi\/WP\/blogi\/orange-county\/","name":"Orange County &#187; remonen.fi","isPartOf":{"@id":"https:\/\/www.remonen.fi\/WP\/#website"},"primaryImageOfPage":{"@id":"https:\/\/www.remonen.fi\/WP\/blogi\/orange-county\/#primaryimage"},"image":{"@id":"https:\/\/www.remonen.fi\/WP\/blogi\/orange-county\/#primaryimage"},"thumbnailUrl":"https:\/\/www.remonen.fi\/WP\/wp-content\/uploads\/2017\/11\/lansimetro-7.jpg","datePublished":"2017-11-19T14:15:44+00:00","dateModified":"2017-11-19T14:26:05+00:00","description":"L\u00e4nsimetro avatui l\u00e4hes pyyt\u00e4m\u00e4tt\u00e4 ja yll\u00e4tt\u00e4en. No, sit\u00e4 ihmett\u00e4h\u00e4n piti l\u00e4hte\u00e4 katsomaan ja kokemaan oikein ajan kanssa. Ja valokuviakin otettiin.","breadcrumb":{"@id":"https:\/\/www.remonen.fi\/WP\/blogi\/orange-county\/#breadcrumb"},"inLanguage":"fi","potentialAction":[{"@type":"ReadAction","target":["https:\/\/www.remonen.fi\/WP\/blogi\/orange-county\/"]}]},{"@type":"ImageObject","inLanguage":"fi","@id":"https:\/\/www.remonen.fi\/WP\/blogi\/orange-county\/#primaryimage","url":"https:\/\/www.remonen.fi\/WP\/wp-content\/uploads\/2017\/11\/lansimetro-7.jpg","contentUrl":"https:\/\/www.remonen.fi\/WP\/wp-content\/uploads\/2017\/11\/lansimetro-7.jpg","width":1280,"height":853,"caption":"[exif id=\"8785\"]"},{"@type":"BreadcrumbList","@id":"https:\/\/www.remonen.fi\/WP\/blogi\/orange-county\/#breadcrumb","itemListElement":[{"@type":"ListItem","position":1,"name":"Etusivu","item":"https:\/\/www.remonen.fi\/WP\/"},{"@type":"ListItem","position":2,"name":"Orange County"}]},{"@type":"WebSite","@id":"https:\/\/www.remonen.fi\/WP\/#website","url":"https:\/\/www.remonen.fi\/WP\/","name":"remonen.fi","description":"Valokuvia ja tarinaa laidasta laitaan","publisher":{"@id":"https:\/\/www.remonen.fi\/WP\/#\/schema\/person\/1803c23d1d4f6722054eb2ac7f7a97cd"},"potentialAction":[{"@type":"SearchAction","target":{"@type":"EntryPoint","urlTemplate":"https:\/\/www.remonen.fi\/WP\/?s={search_term_string}"},"query-input":{"@type":"PropertyValueSpecification","valueRequired":true,"valueName":"search_term_string"}}],"inLanguage":"fi"},{"@type":["Person","Organization"],"@id":"https:\/\/www.remonen.fi\/WP\/#\/schema\/person\/1803c23d1d4f6722054eb2ac7f7a97cd","name":"Matti Remonen","logo":{"@id":"https:\/\/www.remonen.fi\/WP\/#\/schema\/person\/image\/"},"url":"https:\/\/www.remonen.fi\/WP\/blogi\/author\/mre\/"}]}},"_links":{"self":[{"href":"https:\/\/www.remonen.fi\/WP\/wp-json\/wp\/v2\/posts\/8777"}],"collection":[{"href":"https:\/\/www.remonen.fi\/WP\/wp-json\/wp\/v2\/posts"}],"about":[{"href":"https:\/\/www.remonen.fi\/WP\/wp-json\/wp\/v2\/types\/post"}],"author":[{"embeddable":true,"href":"https:\/\/www.remonen.fi\/WP\/wp-json\/wp\/v2\/users\/2"}],"replies":[{"embeddable":true,"href":"https:\/\/www.remonen.fi\/WP\/wp-json\/wp\/v2\/comments?post=8777"}],"version-history":[{"count":17,"href":"https:\/\/www.remonen.fi\/WP\/wp-json\/wp\/v2\/posts\/8777\/revisions"}],"predecessor-version":[{"id":8820,"href":"https:\/\/www.remonen.fi\/WP\/wp-json\/wp\/v2\/posts\/8777\/revisions\/8820"}],"wp:featuredmedia":[{"embeddable":true,"href":"https:\/\/www.remonen.fi\/WP\/wp-json\/wp\/v2\/media\/8785"}],"wp:attachment":[{"href":"https:\/\/www.remonen.fi\/WP\/wp-json\/wp\/v2\/media?parent=8777"}],"wp:term":[{"taxonomy":"category","embeddable":true,"href":"https:\/\/www.remonen.fi\/WP\/wp-json\/wp\/v2\/categories?post=8777"},{"taxonomy":"post_tag","embeddable":true,"href":"https:\/\/www.remonen.fi\/WP\/wp-json\/wp\/v2\/tags?post=8777"}],"curies":[{"name":"wp","href":"https:\/\/api.w.org\/{rel}","templated":true}]}}