{"id":8822,"date":"2017-12-06T19:05:37","date_gmt":"2017-12-06T17:05:37","guid":{"rendered":"http:\/\/www.remonen.fi\/?p=8822"},"modified":"2017-12-06T19:05:37","modified_gmt":"2017-12-06T17:05:37","slug":"sininen-hetki","status":"publish","type":"post","link":"https:\/\/www.remonen.fi\/WP\/blogi\/sininen-hetki\/","title":{"rendered":"Sininen hetki"},"content":{"rendered":"<p>Siin\u00e4 se ensimm\u00e4iset sata vuotta meni niin ett\u00e4 hujahti. Sen kunniaksi piti oikein l\u00e4hte\u00e4 isolle kirkolle katsastamaan, ett\u00e4 mit\u00e4 siell\u00e4 asiasta ajatellaan ja toimitaan.<\/p>\n<p><a href=\"http:\/\/www.remonen.fi\/WP\/wp-content\/uploads\/2017\/12\/sininen_hetki-1.jpg\"><img loading=\"lazy\" decoding=\"async\" class=\"aligncenter wp-image-8824\" title=\"Credit: Matti Remonen | Taken: 5 joulukuun, 2017 | Copyright: (c) Matti Remonen | \" src=\"http:\/\/www.remonen.fi\/WP\/wp-content\/uploads\/2017\/12\/sininen_hetki-1.jpg\" alt=\"Sininen hetki\" width=\"880\" height=\"586\" srcset=\"https:\/\/www.remonen.fi\/WP\/wp-content\/uploads\/2017\/12\/sininen_hetki-1.jpg 1280w, https:\/\/www.remonen.fi\/WP\/wp-content\/uploads\/2017\/12\/sininen_hetki-1-300x200.jpg 300w, https:\/\/www.remonen.fi\/WP\/wp-content\/uploads\/2017\/12\/sininen_hetki-1-680x453.jpg 680w, https:\/\/www.remonen.fi\/WP\/wp-content\/uploads\/2017\/12\/sininen_hetki-1-768x512.jpg 768w, https:\/\/www.remonen.fi\/WP\/wp-content\/uploads\/2017\/12\/sininen_hetki-1-1024x682.jpg 1024w, https:\/\/www.remonen.fi\/WP\/wp-content\/uploads\/2017\/12\/sininen_hetki-1-440x293.jpg 440w, https:\/\/www.remonen.fi\/WP\/wp-content\/uploads\/2017\/12\/sininen_hetki-1-960x640.jpg 960w\" sizes=\"(max-width: 880px) 100vw, 880px\" \/><\/a><\/p>\n<p>Ihan ei kuitenkaan mennyt niin kuin Str\u00f6ms\u00f6ss\u00e4, koska sininen poliisimme oli sulkenut Helsingin keskustan ilman ett\u00e4 siit\u00e4 oli ilmoitettu mit\u00e4\u00e4n etuk\u00e4teen. N\u00e4in onnistuimme missaamaan historiallisen lipunnostotilaisuuden Pressan linnan edustalla, johon oli pystytetty 100 lipputankoa lippuja odottamaan.<\/p>\n<p><a href=\"http:\/\/www.remonen.fi\/WP\/wp-content\/uploads\/2017\/12\/sininen_hetki-7.jpg\"><img loading=\"lazy\" decoding=\"async\" class=\"aligncenter wp-image-8830\" title=\"Credit: Matti Remonen | Taken: 5 joulukuun, 2017 | Copyright: (c) Matti Remonen | \" src=\"http:\/\/www.remonen.fi\/WP\/wp-content\/uploads\/2017\/12\/sininen_hetki-7.jpg\" alt=\"Suomi 100\" width=\"586\" height=\"880\" srcset=\"https:\/\/www.remonen.fi\/WP\/wp-content\/uploads\/2017\/12\/sininen_hetki-7.jpg 853w, https:\/\/www.remonen.fi\/WP\/wp-content\/uploads\/2017\/12\/sininen_hetki-7-200x300.jpg 200w, https:\/\/www.remonen.fi\/WP\/wp-content\/uploads\/2017\/12\/sininen_hetki-7-453x680.jpg 453w, https:\/\/www.remonen.fi\/WP\/wp-content\/uploads\/2017\/12\/sininen_hetki-7-768x1152.jpg 768w, https:\/\/www.remonen.fi\/WP\/wp-content\/uploads\/2017\/12\/sininen_hetki-7-682x1024.jpg 682w, https:\/\/www.remonen.fi\/WP\/wp-content\/uploads\/2017\/12\/sininen_hetki-7-440x660.jpg 440w, https:\/\/www.remonen.fi\/WP\/wp-content\/uploads\/2017\/12\/sininen_hetki-7-300x450.jpg 300w\" sizes=\"(max-width: 586px) 100vw, 586px\" \/><\/a><\/p>\n<p>Py\u00f6rimme sitten muuten keskustassa jonkun tovin ja kuvailimme l\u00e4hinn\u00e4 Kauppatorin ymp\u00e4rist\u00f6ss\u00e4 Suomi 100 -hengess\u00e4 siniseksi ja valkoiseksi valaistuja rakennuksia.<\/p>\n<p><a href=\"http:\/\/www.remonen.fi\/WP\/wp-content\/uploads\/2017\/12\/sininen_hetki-3.jpg\"><img loading=\"lazy\" decoding=\"async\" class=\"aligncenter wp-image-8831\" title=\"Credit: Matti Remonen | Taken: 5 joulukuun, 2017 | Copyright: (c) Matti Remonen | \" src=\"http:\/\/www.remonen.fi\/WP\/wp-content\/uploads\/2017\/12\/sininen_hetki-3.jpg\" alt=\"Suomi 100\" width=\"880\" height=\"586\" srcset=\"https:\/\/www.remonen.fi\/WP\/wp-content\/uploads\/2017\/12\/sininen_hetki-3.jpg 1280w, https:\/\/www.remonen.fi\/WP\/wp-content\/uploads\/2017\/12\/sininen_hetki-3-300x200.jpg 300w, https:\/\/www.remonen.fi\/WP\/wp-content\/uploads\/2017\/12\/sininen_hetki-3-680x453.jpg 680w, https:\/\/www.remonen.fi\/WP\/wp-content\/uploads\/2017\/12\/sininen_hetki-3-768x512.jpg 768w, https:\/\/www.remonen.fi\/WP\/wp-content\/uploads\/2017\/12\/sininen_hetki-3-1024x682.jpg 1024w, https:\/\/www.remonen.fi\/WP\/wp-content\/uploads\/2017\/12\/sininen_hetki-3-440x293.jpg 440w, https:\/\/www.remonen.fi\/WP\/wp-content\/uploads\/2017\/12\/sininen_hetki-3-960x640.jpg 960w\" sizes=\"(max-width: 880px) 100vw, 880px\" \/><\/a><\/p>\n<p><a href=\"http:\/\/www.remonen.fi\/WP\/wp-content\/uploads\/2017\/12\/sininen_hetki-5.jpg\"><img loading=\"lazy\" decoding=\"async\" class=\"aligncenter wp-image-8828\" title=\"Credit: Matti Remonen | Taken: 5 joulukuun, 2017 | Copyright: (c) Matti Remonen | \" src=\"http:\/\/www.remonen.fi\/WP\/wp-content\/uploads\/2017\/12\/sininen_hetki-5.jpg\" alt=\"Suomi 100\" width=\"880\" height=\"586\" srcset=\"https:\/\/www.remonen.fi\/WP\/wp-content\/uploads\/2017\/12\/sininen_hetki-5.jpg 1280w, https:\/\/www.remonen.fi\/WP\/wp-content\/uploads\/2017\/12\/sininen_hetki-5-300x200.jpg 300w, https:\/\/www.remonen.fi\/WP\/wp-content\/uploads\/2017\/12\/sininen_hetki-5-680x453.jpg 680w, https:\/\/www.remonen.fi\/WP\/wp-content\/uploads\/2017\/12\/sininen_hetki-5-768x512.jpg 768w, https:\/\/www.remonen.fi\/WP\/wp-content\/uploads\/2017\/12\/sininen_hetki-5-1024x682.jpg 1024w, https:\/\/www.remonen.fi\/WP\/wp-content\/uploads\/2017\/12\/sininen_hetki-5-440x293.jpg 440w, https:\/\/www.remonen.fi\/WP\/wp-content\/uploads\/2017\/12\/sininen_hetki-5-960x640.jpg 960w\" sizes=\"(max-width: 880px) 100vw, 880px\" \/><\/a><\/p>\n<p><a href=\"http:\/\/www.remonen.fi\/WP\/wp-content\/uploads\/2017\/12\/sininen_hetki-6.jpg\"><img loading=\"lazy\" decoding=\"async\" class=\"aligncenter wp-image-8829\" title=\"Credit: Matti Remonen | Taken: 5 joulukuun, 2017 | Copyright: (c) Matti Remonen | \" src=\"http:\/\/www.remonen.fi\/WP\/wp-content\/uploads\/2017\/12\/sininen_hetki-6.jpg\" alt=\"Suomi 100\" width=\"586\" height=\"880\" srcset=\"https:\/\/www.remonen.fi\/WP\/wp-content\/uploads\/2017\/12\/sininen_hetki-6.jpg 853w, https:\/\/www.remonen.fi\/WP\/wp-content\/uploads\/2017\/12\/sininen_hetki-6-200x300.jpg 200w, https:\/\/www.remonen.fi\/WP\/wp-content\/uploads\/2017\/12\/sininen_hetki-6-453x680.jpg 453w, https:\/\/www.remonen.fi\/WP\/wp-content\/uploads\/2017\/12\/sininen_hetki-6-768x1152.jpg 768w, https:\/\/www.remonen.fi\/WP\/wp-content\/uploads\/2017\/12\/sininen_hetki-6-682x1024.jpg 682w, https:\/\/www.remonen.fi\/WP\/wp-content\/uploads\/2017\/12\/sininen_hetki-6-440x660.jpg 440w, https:\/\/www.remonen.fi\/WP\/wp-content\/uploads\/2017\/12\/sininen_hetki-6-300x450.jpg 300w\" sizes=\"(max-width: 586px) 100vw, 586px\" \/><\/a><\/p>\n<p><a href=\"http:\/\/www.remonen.fi\/WP\/wp-content\/uploads\/2017\/12\/sininen_hetki-8.jpg\"><img loading=\"lazy\" decoding=\"async\" class=\"aligncenter size-full wp-image-8832\" src=\"http:\/\/www.remonen.fi\/WP\/wp-content\/uploads\/2017\/12\/sininen_hetki-8.jpg\" alt=\"Credit: Matti Remonen | Taken: 5 joulukuun, 2017 | Copyright: (c) Matti Remonen | \" width=\"1280\" height=\"853\" srcset=\"https:\/\/www.remonen.fi\/WP\/wp-content\/uploads\/2017\/12\/sininen_hetki-8.jpg 1280w, https:\/\/www.remonen.fi\/WP\/wp-content\/uploads\/2017\/12\/sininen_hetki-8-300x200.jpg 300w, https:\/\/www.remonen.fi\/WP\/wp-content\/uploads\/2017\/12\/sininen_hetki-8-680x453.jpg 680w, https:\/\/www.remonen.fi\/WP\/wp-content\/uploads\/2017\/12\/sininen_hetki-8-768x512.jpg 768w, https:\/\/www.remonen.fi\/WP\/wp-content\/uploads\/2017\/12\/sininen_hetki-8-1024x682.jpg 1024w, https:\/\/www.remonen.fi\/WP\/wp-content\/uploads\/2017\/12\/sininen_hetki-8-440x293.jpg 440w, https:\/\/www.remonen.fi\/WP\/wp-content\/uploads\/2017\/12\/sininen_hetki-8-960x640.jpg 960w\" sizes=\"(max-width: 1280px) 100vw, 1280px\" \/><\/a><\/p>\n<p>Altaalla piti k\u00e4yd\u00e4 ottamassa pakolliset gl\u00f6git ja tunnelmat.<\/p>\n<p><a href=\"http:\/\/www.remonen.fi\/WP\/wp-content\/uploads\/2017\/12\/sininen_hetki-4.jpg\"><img loading=\"lazy\" decoding=\"async\" class=\"aligncenter wp-image-8827\" src=\"http:\/\/www.remonen.fi\/WP\/wp-content\/uploads\/2017\/12\/sininen_hetki-4.jpg\" alt=\"Suomi 100\" width=\"880\" height=\"430\" srcset=\"https:\/\/www.remonen.fi\/WP\/wp-content\/uploads\/2017\/12\/sininen_hetki-4.jpg 1280w, https:\/\/www.remonen.fi\/WP\/wp-content\/uploads\/2017\/12\/sininen_hetki-4-300x146.jpg 300w, https:\/\/www.remonen.fi\/WP\/wp-content\/uploads\/2017\/12\/sininen_hetki-4-680x332.jpg 680w, https:\/\/www.remonen.fi\/WP\/wp-content\/uploads\/2017\/12\/sininen_hetki-4-768x375.jpg 768w, https:\/\/www.remonen.fi\/WP\/wp-content\/uploads\/2017\/12\/sininen_hetki-4-1024x500.jpg 1024w, https:\/\/www.remonen.fi\/WP\/wp-content\/uploads\/2017\/12\/sininen_hetki-4-440x215.jpg 440w, https:\/\/www.remonen.fi\/WP\/wp-content\/uploads\/2017\/12\/sininen_hetki-4-960x469.jpg 960w\" sizes=\"(max-width: 880px) 100vw, 880px\" \/><\/a><\/p>\n<p>Hienoahan se on kun on t\u00e4llainen merkkip\u00e4iv\u00e4 ja juhla. Ei kuitenkaan voi v\u00e4ltty\u00e4 ajattelemasta, ett\u00e4 olisiko meid\u00e4n itsen\u00e4isyysp\u00e4iv\u00e4mme niin harras ja sotamuistojen t\u00e4ytt\u00e4m\u00e4, jos viett\u00e4isimme itsen\u00e4isyytt\u00e4mme vaikkapa keskell\u00e4 elokuuta. Veikkaan, ett\u00e4 ei. Tosin voihan se olla ihan hyv\u00e4kin asia, ett\u00e4 edes yksi kansallinen juhlap\u00e4iv\u00e4 ei py\u00f6ri pelk\u00e4st\u00e4\u00e4n viinan ymp\u00e4rill\u00e4.<\/p>\n<p><a href=\"http:\/\/www.remonen.fi\/WP\/wp-content\/uploads\/2017\/12\/sininen_hetki-2.jpg\"><img loading=\"lazy\" decoding=\"async\" class=\"aligncenter wp-image-8825\" title=\"Credit: Matti Remonen | Taken: 5 joulukuun, 2017 | Copyright: (c) Matti Remonen | \" src=\"http:\/\/www.remonen.fi\/WP\/wp-content\/uploads\/2017\/12\/sininen_hetki-2.jpg\" alt=\"Suomi 100\" width=\"586\" height=\"880\" srcset=\"https:\/\/www.remonen.fi\/WP\/wp-content\/uploads\/2017\/12\/sininen_hetki-2.jpg 853w, https:\/\/www.remonen.fi\/WP\/wp-content\/uploads\/2017\/12\/sininen_hetki-2-200x300.jpg 200w, https:\/\/www.remonen.fi\/WP\/wp-content\/uploads\/2017\/12\/sininen_hetki-2-453x680.jpg 453w, https:\/\/www.remonen.fi\/WP\/wp-content\/uploads\/2017\/12\/sininen_hetki-2-768x1152.jpg 768w, https:\/\/www.remonen.fi\/WP\/wp-content\/uploads\/2017\/12\/sininen_hetki-2-682x1024.jpg 682w, https:\/\/www.remonen.fi\/WP\/wp-content\/uploads\/2017\/12\/sininen_hetki-2-440x660.jpg 440w, https:\/\/www.remonen.fi\/WP\/wp-content\/uploads\/2017\/12\/sininen_hetki-2-300x450.jpg 300w\" sizes=\"(max-width: 586px) 100vw, 586px\" \/><\/a><\/p>\n<p>Sadannen Itsen\u00e4isyysp\u00e4iv\u00e4n aattoa juhlisti D850 + AF-S 24-70\/2.8G<\/p>\n","protected":false},"excerpt":{"rendered":"<p>Siin\u00e4 se ensimm\u00e4iset sata vuotta meni niin ett\u00e4 hujahti. Sen kunniaksi piti oikein l\u00e4hte\u00e4 isolle kirkolle katsastamaan, ett\u00e4 mit\u00e4 siell\u00e4 asiasta ajatellaan ja toimitaan. Ihan ei kuitenkaan mennyt niin kuin Str\u00f6ms\u00f6ss\u00e4, koska sininen poliisimme oli sulkenut Helsingin keskustan ilman ett\u00e4 siit\u00e4 oli ilmoitettu mit\u00e4\u00e4n etuk\u00e4teen. N\u00e4in onnistuimme missaamaan historiallisen lipunnostotilaisuuden Pressan linnan edustalla, johon oli [&hellip;]<\/p>\n","protected":false},"author":1,"featured_media":8831,"comment_status":"open","ping_status":"closed","sticky":false,"template":"","format":"standard","meta":{"footnotes":""},"categories":[16],"tags":[332],"yoast_head":"<!-- This site is optimized with the Yoast SEO plugin v24.5 - https:\/\/yoast.com\/wordpress\/plugins\/seo\/ -->\n<title>Sininen hetki &#187; remonen.fi<\/title>\n<meta name=\"description\" content=\"Suomi 100, me vaan viiskyt. Tai jotain. Isolla kirkolla Itsen\u00e4isyysp\u00e4iv\u00e4n aattona h\u00e4mm\u00e4stelem\u00e4ss\u00e4 kuinka paljon sinist\u00e4 maailmaan mahtuu. Hyv\u00e4 Suomi!\" \/>\n<meta name=\"robots\" content=\"index, follow, max-snippet:-1, max-image-preview:large, max-video-preview:-1\" \/>\n<link rel=\"canonical\" href=\"https:\/\/www.remonen.fi\/WP\/blogi\/sininen-hetki\/\" \/>\n<meta property=\"og:locale\" content=\"fi_FI\" \/>\n<meta property=\"og:type\" content=\"article\" \/>\n<meta property=\"og:title\" content=\"Sininen hetki &#187; remonen.fi\" \/>\n<meta property=\"og:description\" content=\"Suomi 100, me vaan viiskyt. Tai jotain. Isolla kirkolla Itsen\u00e4isyysp\u00e4iv\u00e4n aattona h\u00e4mm\u00e4stelem\u00e4ss\u00e4 kuinka paljon sinist\u00e4 maailmaan mahtuu. Hyv\u00e4 Suomi!\" \/>\n<meta property=\"og:url\" content=\"https:\/\/www.remonen.fi\/WP\/blogi\/sininen-hetki\/\" \/>\n<meta property=\"og:site_name\" content=\"remonen.fi\" \/>\n<meta property=\"article:published_time\" content=\"2017-12-06T17:05:37+00:00\" \/>\n<meta property=\"og:image\" content=\"https:\/\/www.remonen.fi\/WP\/wp-content\/uploads\/2017\/12\/sininen_hetki-3.jpg\" \/>\n\t<meta property=\"og:image:width\" content=\"1280\" \/>\n\t<meta property=\"og:image:height\" content=\"853\" \/>\n\t<meta property=\"og:image:type\" content=\"image\/jpeg\" \/>\n<meta name=\"author\" content=\"admin\" \/>\n<meta name=\"twitter:label1\" content=\"Kirjoittanut\" \/>\n\t<meta name=\"twitter:data1\" content=\"admin\" \/>\n\t<meta name=\"twitter:label2\" content=\"Arvioitu lukuaika\" \/>\n\t<meta name=\"twitter:data2\" content=\"1 minuutti\" \/>\n<script type=\"application\/ld+json\" class=\"yoast-schema-graph\">{\"@context\":\"https:\/\/schema.org\",\"@graph\":[{\"@type\":\"Article\",\"@id\":\"https:\/\/www.remonen.fi\/WP\/blogi\/sininen-hetki\/#article\",\"isPartOf\":{\"@id\":\"https:\/\/www.remonen.fi\/WP\/blogi\/sininen-hetki\/\"},\"author\":{\"name\":\"admin\",\"@id\":\"https:\/\/www.remonen.fi\/WP\/#\/schema\/person\/d102313cc8355df709ac7ce94a09a9f7\"},\"headline\":\"Sininen hetki\",\"datePublished\":\"2017-12-06T17:05:37+00:00\",\"mainEntityOfPage\":{\"@id\":\"https:\/\/www.remonen.fi\/WP\/blogi\/sininen-hetki\/\"},\"wordCount\":178,\"commentCount\":0,\"publisher\":{\"@id\":\"https:\/\/www.remonen.fi\/WP\/#\/schema\/person\/1803c23d1d4f6722054eb2ac7f7a97cd\"},\"image\":{\"@id\":\"https:\/\/www.remonen.fi\/WP\/blogi\/sininen-hetki\/#primaryimage\"},\"thumbnailUrl\":\"https:\/\/www.remonen.fi\/WP\/wp-content\/uploads\/2017\/12\/sininen_hetki-3.jpg\",\"keywords\":[\"Suomi 100\"],\"articleSection\":[\"Blog\"],\"inLanguage\":\"fi\",\"potentialAction\":[{\"@type\":\"CommentAction\",\"name\":\"Comment\",\"target\":[\"https:\/\/www.remonen.fi\/WP\/blogi\/sininen-hetki\/#respond\"]}]},{\"@type\":\"WebPage\",\"@id\":\"https:\/\/www.remonen.fi\/WP\/blogi\/sininen-hetki\/\",\"url\":\"https:\/\/www.remonen.fi\/WP\/blogi\/sininen-hetki\/\",\"name\":\"Sininen hetki &#187; remonen.fi\",\"isPartOf\":{\"@id\":\"https:\/\/www.remonen.fi\/WP\/#website\"},\"primaryImageOfPage\":{\"@id\":\"https:\/\/www.remonen.fi\/WP\/blogi\/sininen-hetki\/#primaryimage\"},\"image\":{\"@id\":\"https:\/\/www.remonen.fi\/WP\/blogi\/sininen-hetki\/#primaryimage\"},\"thumbnailUrl\":\"https:\/\/www.remonen.fi\/WP\/wp-content\/uploads\/2017\/12\/sininen_hetki-3.jpg\",\"datePublished\":\"2017-12-06T17:05:37+00:00\",\"description\":\"Suomi 100, me vaan viiskyt. Tai jotain. Isolla kirkolla Itsen\u00e4isyysp\u00e4iv\u00e4n aattona h\u00e4mm\u00e4stelem\u00e4ss\u00e4 kuinka paljon sinist\u00e4 maailmaan mahtuu. Hyv\u00e4 Suomi!\",\"breadcrumb\":{\"@id\":\"https:\/\/www.remonen.fi\/WP\/blogi\/sininen-hetki\/#breadcrumb\"},\"inLanguage\":\"fi\",\"potentialAction\":[{\"@type\":\"ReadAction\",\"target\":[\"https:\/\/www.remonen.fi\/WP\/blogi\/sininen-hetki\/\"]}]},{\"@type\":\"ImageObject\",\"inLanguage\":\"fi\",\"@id\":\"https:\/\/www.remonen.fi\/WP\/blogi\/sininen-hetki\/#primaryimage\",\"url\":\"https:\/\/www.remonen.fi\/WP\/wp-content\/uploads\/2017\/12\/sininen_hetki-3.jpg\",\"contentUrl\":\"https:\/\/www.remonen.fi\/WP\/wp-content\/uploads\/2017\/12\/sininen_hetki-3.jpg\",\"width\":1280,\"height\":853,\"caption\":\"[exif id=\\\"8831\\\"]\"},{\"@type\":\"BreadcrumbList\",\"@id\":\"https:\/\/www.remonen.fi\/WP\/blogi\/sininen-hetki\/#breadcrumb\",\"itemListElement\":[{\"@type\":\"ListItem\",\"position\":1,\"name\":\"Etusivu\",\"item\":\"https:\/\/www.remonen.fi\/WP\/\"},{\"@type\":\"ListItem\",\"position\":2,\"name\":\"Sininen hetki\"}]},{\"@type\":\"WebSite\",\"@id\":\"https:\/\/www.remonen.fi\/WP\/#website\",\"url\":\"https:\/\/www.remonen.fi\/WP\/\",\"name\":\"remonen.fi\",\"description\":\"Valokuvia ja tarinaa laidasta laitaan\",\"publisher\":{\"@id\":\"https:\/\/www.remonen.fi\/WP\/#\/schema\/person\/1803c23d1d4f6722054eb2ac7f7a97cd\"},\"potentialAction\":[{\"@type\":\"SearchAction\",\"target\":{\"@type\":\"EntryPoint\",\"urlTemplate\":\"https:\/\/www.remonen.fi\/WP\/?s={search_term_string}\"},\"query-input\":{\"@type\":\"PropertyValueSpecification\",\"valueRequired\":true,\"valueName\":\"search_term_string\"}}],\"inLanguage\":\"fi\"},{\"@type\":[\"Person\",\"Organization\"],\"@id\":\"https:\/\/www.remonen.fi\/WP\/#\/schema\/person\/1803c23d1d4f6722054eb2ac7f7a97cd\",\"name\":\"Matti Remonen\",\"logo\":{\"@id\":\"https:\/\/www.remonen.fi\/WP\/#\/schema\/person\/image\/\"}},{\"@type\":\"Person\",\"@id\":\"https:\/\/www.remonen.fi\/WP\/#\/schema\/person\/d102313cc8355df709ac7ce94a09a9f7\",\"name\":\"admin\",\"url\":\"https:\/\/www.remonen.fi\/WP\/blogi\/author\/admin\/\"}]}<\/script>\n<!-- \/ Yoast SEO plugin. -->","yoast_head_json":{"title":"Sininen hetki &#187; remonen.fi","description":"Suomi 100, me vaan viiskyt. Tai jotain. Isolla kirkolla Itsen\u00e4isyysp\u00e4iv\u00e4n aattona h\u00e4mm\u00e4stelem\u00e4ss\u00e4 kuinka paljon sinist\u00e4 maailmaan mahtuu. Hyv\u00e4 Suomi!","robots":{"index":"index","follow":"follow","max-snippet":"max-snippet:-1","max-image-preview":"max-image-preview:large","max-video-preview":"max-video-preview:-1"},"canonical":"https:\/\/www.remonen.fi\/WP\/blogi\/sininen-hetki\/","og_locale":"fi_FI","og_type":"article","og_title":"Sininen hetki &#187; remonen.fi","og_description":"Suomi 100, me vaan viiskyt. Tai jotain. Isolla kirkolla Itsen\u00e4isyysp\u00e4iv\u00e4n aattona h\u00e4mm\u00e4stelem\u00e4ss\u00e4 kuinka paljon sinist\u00e4 maailmaan mahtuu. Hyv\u00e4 Suomi!","og_url":"https:\/\/www.remonen.fi\/WP\/blogi\/sininen-hetki\/","og_site_name":"remonen.fi","article_published_time":"2017-12-06T17:05:37+00:00","og_image":[{"width":1280,"height":853,"url":"https:\/\/www.remonen.fi\/WP\/wp-content\/uploads\/2017\/12\/sininen_hetki-3.jpg","type":"image\/jpeg"}],"author":"admin","twitter_misc":{"Kirjoittanut":"admin","Arvioitu lukuaika":"1 minuutti"},"schema":{"@context":"https:\/\/schema.org","@graph":[{"@type":"Article","@id":"https:\/\/www.remonen.fi\/WP\/blogi\/sininen-hetki\/#article","isPartOf":{"@id":"https:\/\/www.remonen.fi\/WP\/blogi\/sininen-hetki\/"},"author":{"name":"admin","@id":"https:\/\/www.remonen.fi\/WP\/#\/schema\/person\/d102313cc8355df709ac7ce94a09a9f7"},"headline":"Sininen hetki","datePublished":"2017-12-06T17:05:37+00:00","mainEntityOfPage":{"@id":"https:\/\/www.remonen.fi\/WP\/blogi\/sininen-hetki\/"},"wordCount":178,"commentCount":0,"publisher":{"@id":"https:\/\/www.remonen.fi\/WP\/#\/schema\/person\/1803c23d1d4f6722054eb2ac7f7a97cd"},"image":{"@id":"https:\/\/www.remonen.fi\/WP\/blogi\/sininen-hetki\/#primaryimage"},"thumbnailUrl":"https:\/\/www.remonen.fi\/WP\/wp-content\/uploads\/2017\/12\/sininen_hetki-3.jpg","keywords":["Suomi 100"],"articleSection":["Blog"],"inLanguage":"fi","potentialAction":[{"@type":"CommentAction","name":"Comment","target":["https:\/\/www.remonen.fi\/WP\/blogi\/sininen-hetki\/#respond"]}]},{"@type":"WebPage","@id":"https:\/\/www.remonen.fi\/WP\/blogi\/sininen-hetki\/","url":"https:\/\/www.remonen.fi\/WP\/blogi\/sininen-hetki\/","name":"Sininen hetki &#187; remonen.fi","isPartOf":{"@id":"https:\/\/www.remonen.fi\/WP\/#website"},"primaryImageOfPage":{"@id":"https:\/\/www.remonen.fi\/WP\/blogi\/sininen-hetki\/#primaryimage"},"image":{"@id":"https:\/\/www.remonen.fi\/WP\/blogi\/sininen-hetki\/#primaryimage"},"thumbnailUrl":"https:\/\/www.remonen.fi\/WP\/wp-content\/uploads\/2017\/12\/sininen_hetki-3.jpg","datePublished":"2017-12-06T17:05:37+00:00","description":"Suomi 100, me vaan viiskyt. Tai jotain. Isolla kirkolla Itsen\u00e4isyysp\u00e4iv\u00e4n aattona h\u00e4mm\u00e4stelem\u00e4ss\u00e4 kuinka paljon sinist\u00e4 maailmaan mahtuu. Hyv\u00e4 Suomi!","breadcrumb":{"@id":"https:\/\/www.remonen.fi\/WP\/blogi\/sininen-hetki\/#breadcrumb"},"inLanguage":"fi","potentialAction":[{"@type":"ReadAction","target":["https:\/\/www.remonen.fi\/WP\/blogi\/sininen-hetki\/"]}]},{"@type":"ImageObject","inLanguage":"fi","@id":"https:\/\/www.remonen.fi\/WP\/blogi\/sininen-hetki\/#primaryimage","url":"https:\/\/www.remonen.fi\/WP\/wp-content\/uploads\/2017\/12\/sininen_hetki-3.jpg","contentUrl":"https:\/\/www.remonen.fi\/WP\/wp-content\/uploads\/2017\/12\/sininen_hetki-3.jpg","width":1280,"height":853,"caption":"[exif id=\"8831\"]"},{"@type":"BreadcrumbList","@id":"https:\/\/www.remonen.fi\/WP\/blogi\/sininen-hetki\/#breadcrumb","itemListElement":[{"@type":"ListItem","position":1,"name":"Etusivu","item":"https:\/\/www.remonen.fi\/WP\/"},{"@type":"ListItem","position":2,"name":"Sininen hetki"}]},{"@type":"WebSite","@id":"https:\/\/www.remonen.fi\/WP\/#website","url":"https:\/\/www.remonen.fi\/WP\/","name":"remonen.fi","description":"Valokuvia ja tarinaa laidasta laitaan","publisher":{"@id":"https:\/\/www.remonen.fi\/WP\/#\/schema\/person\/1803c23d1d4f6722054eb2ac7f7a97cd"},"potentialAction":[{"@type":"SearchAction","target":{"@type":"EntryPoint","urlTemplate":"https:\/\/www.remonen.fi\/WP\/?s={search_term_string}"},"query-input":{"@type":"PropertyValueSpecification","valueRequired":true,"valueName":"search_term_string"}}],"inLanguage":"fi"},{"@type":["Person","Organization"],"@id":"https:\/\/www.remonen.fi\/WP\/#\/schema\/person\/1803c23d1d4f6722054eb2ac7f7a97cd","name":"Matti Remonen","logo":{"@id":"https:\/\/www.remonen.fi\/WP\/#\/schema\/person\/image\/"}},{"@type":"Person","@id":"https:\/\/www.remonen.fi\/WP\/#\/schema\/person\/d102313cc8355df709ac7ce94a09a9f7","name":"admin","url":"https:\/\/www.remonen.fi\/WP\/blogi\/author\/admin\/"}]}},"_links":{"self":[{"href":"https:\/\/www.remonen.fi\/WP\/wp-json\/wp\/v2\/posts\/8822"}],"collection":[{"href":"https:\/\/www.remonen.fi\/WP\/wp-json\/wp\/v2\/posts"}],"about":[{"href":"https:\/\/www.remonen.fi\/WP\/wp-json\/wp\/v2\/types\/post"}],"author":[{"embeddable":true,"href":"https:\/\/www.remonen.fi\/WP\/wp-json\/wp\/v2\/users\/1"}],"replies":[{"embeddable":true,"href":"https:\/\/www.remonen.fi\/WP\/wp-json\/wp\/v2\/comments?post=8822"}],"version-history":[{"count":3,"href":"https:\/\/www.remonen.fi\/WP\/wp-json\/wp\/v2\/posts\/8822\/revisions"}],"predecessor-version":[{"id":8835,"href":"https:\/\/www.remonen.fi\/WP\/wp-json\/wp\/v2\/posts\/8822\/revisions\/8835"}],"wp:featuredmedia":[{"embeddable":true,"href":"https:\/\/www.remonen.fi\/WP\/wp-json\/wp\/v2\/media\/8831"}],"wp:attachment":[{"href":"https:\/\/www.remonen.fi\/WP\/wp-json\/wp\/v2\/media?parent=8822"}],"wp:term":[{"taxonomy":"category","embeddable":true,"href":"https:\/\/www.remonen.fi\/WP\/wp-json\/wp\/v2\/categories?post=8822"},{"taxonomy":"post_tag","embeddable":true,"href":"https:\/\/www.remonen.fi\/WP\/wp-json\/wp\/v2\/tags?post=8822"}],"curies":[{"name":"wp","href":"https:\/\/api.w.org\/{rel}","templated":true}]}}