{"id":8844,"date":"2017-12-18T08:40:50","date_gmt":"2017-12-18T06:40:50","guid":{"rendered":"http:\/\/www.remonen.fi\/?p=8844"},"modified":"2017-12-18T08:40:50","modified_gmt":"2017-12-18T06:40:50","slug":"setamies-elliott","status":"publish","type":"post","link":"https:\/\/www.remonen.fi\/WP\/blogi\/setamies-elliott\/","title":{"rendered":"Set\u00e4mies Elliott"},"content":{"rendered":"<p><a href=\"http:\/\/www.salontaidemuseo.fi\/\" target=\"_blank\" rel=\"noopener\">Salon mainiossa taidemuseossa<\/a> on jo jonkun aikaa ollut menossa <a href=\"http:\/\/www.salontaidemuseo.fi\/nayttelyt\/tallahetkella\/elliotterwittretrospective\/default.aspx\" target=\"_blank\" rel=\"noopener\">Elliott Erwitt Retrospective<\/a> -valokuvan\u00e4yttely. Erwitt on todellinen vanhan koulukunnan kuvaaja, syntynyt 1928 ja edelleen menossa mukana. H\u00e4n on ollut my\u00f6s kuvatoimisto Magnumin kuvaajana jo vuodesta 1953 itsens\u00e4 Robert Capan kutsumana.<\/p>\n<p><a href=\"http:\/\/www.remonen.fi\/WP\/wp-content\/uploads\/2017\/12\/elliott_erwitt-4.jpg\"><img loading=\"lazy\" decoding=\"async\" class=\"aligncenter wp-image-8840\" title=\"Taken: 9 joulukuun, 2017 | Copyright: (c) Matti Remonen | \" src=\"http:\/\/www.remonen.fi\/WP\/wp-content\/uploads\/2017\/12\/elliott_erwitt-4.jpg\" alt=\"Elliott Erwitt\" width=\"880\" height=\"586\" srcset=\"https:\/\/www.remonen.fi\/WP\/wp-content\/uploads\/2017\/12\/elliott_erwitt-4.jpg 1280w, https:\/\/www.remonen.fi\/WP\/wp-content\/uploads\/2017\/12\/elliott_erwitt-4-300x200.jpg 300w, https:\/\/www.remonen.fi\/WP\/wp-content\/uploads\/2017\/12\/elliott_erwitt-4-680x453.jpg 680w, https:\/\/www.remonen.fi\/WP\/wp-content\/uploads\/2017\/12\/elliott_erwitt-4-768x512.jpg 768w, https:\/\/www.remonen.fi\/WP\/wp-content\/uploads\/2017\/12\/elliott_erwitt-4-1024x682.jpg 1024w, https:\/\/www.remonen.fi\/WP\/wp-content\/uploads\/2017\/12\/elliott_erwitt-4-440x293.jpg 440w, https:\/\/www.remonen.fi\/WP\/wp-content\/uploads\/2017\/12\/elliott_erwitt-4-960x640.jpg 960w\" sizes=\"(max-width: 880px) 100vw, 880px\" \/><\/a><\/p>\n<p>Minulle Erwitt on tullut tutuksi nimenomaan humoristisista katukuvistaan, joissa kaikissa on joku koukku joka ei aukea ihan ensimm\u00e4isell\u00e4 sekunnilla. V\u00e4h\u00e4n kuin valokuvauksen Fingerpori.<\/p>\n<p><a href=\"http:\/\/www.remonen.fi\/WP\/wp-content\/uploads\/2017\/12\/elliott_erwitt-2.jpg\"><img loading=\"lazy\" decoding=\"async\" class=\"aligncenter wp-image-8838\" title=\"Taken: 9 joulukuun, 2017 | Copyright: (c) Matti Remonen | \" src=\"http:\/\/www.remonen.fi\/WP\/wp-content\/uploads\/2017\/12\/elliott_erwitt-2.jpg\" alt=\"Elliott Erwitt\" width=\"880\" height=\"586\" srcset=\"https:\/\/www.remonen.fi\/WP\/wp-content\/uploads\/2017\/12\/elliott_erwitt-2.jpg 1280w, https:\/\/www.remonen.fi\/WP\/wp-content\/uploads\/2017\/12\/elliott_erwitt-2-300x200.jpg 300w, https:\/\/www.remonen.fi\/WP\/wp-content\/uploads\/2017\/12\/elliott_erwitt-2-680x453.jpg 680w, https:\/\/www.remonen.fi\/WP\/wp-content\/uploads\/2017\/12\/elliott_erwitt-2-768x512.jpg 768w, https:\/\/www.remonen.fi\/WP\/wp-content\/uploads\/2017\/12\/elliott_erwitt-2-1024x682.jpg 1024w, https:\/\/www.remonen.fi\/WP\/wp-content\/uploads\/2017\/12\/elliott_erwitt-2-440x293.jpg 440w, https:\/\/www.remonen.fi\/WP\/wp-content\/uploads\/2017\/12\/elliott_erwitt-2-960x640.jpg 960w\" sizes=\"(max-width: 880px) 100vw, 880px\" \/><\/a><\/p>\n<p>N\u00e4yttelyss\u00e4 on tosin mukana Erwittin tuotantoa laidasta laitaan, joten mukaan mahtuu my\u00f6s dokumentaarista ja henkil\u00f6kuvaakin, mutta ne eiv\u00e4t itse\u00e4 oikein jaksa syk\u00e4hdytt\u00e4\u00e4. Ihan hyvi\u00e4 ja n\u00e4in p\u00e4in pois, mutta eiv\u00e4t Salon matkan v\u00e4\u00e4rti. Sen sijaan Erwittin k\u00e4denj\u00e4lki n\u00e4kyy hetken ja tilanteen kuvaamisessa, on se sitten nudistileiri Englannissa tai tanssisali Suomessa.<\/p>\n<p><a href=\"http:\/\/www.remonen.fi\/WP\/wp-content\/uploads\/2017\/12\/elliott_erwitt-3.jpg\"><img loading=\"lazy\" decoding=\"async\" class=\"aligncenter wp-image-8839\" title=\"Taken: 9 joulukuun, 2017 | Copyright: (c) Matti Remonen | \" src=\"http:\/\/www.remonen.fi\/WP\/wp-content\/uploads\/2017\/12\/elliott_erwitt-3.jpg\" alt=\"Elliott Erwitt\" width=\"880\" height=\"586\" srcset=\"https:\/\/www.remonen.fi\/WP\/wp-content\/uploads\/2017\/12\/elliott_erwitt-3.jpg 1280w, https:\/\/www.remonen.fi\/WP\/wp-content\/uploads\/2017\/12\/elliott_erwitt-3-300x200.jpg 300w, https:\/\/www.remonen.fi\/WP\/wp-content\/uploads\/2017\/12\/elliott_erwitt-3-680x453.jpg 680w, https:\/\/www.remonen.fi\/WP\/wp-content\/uploads\/2017\/12\/elliott_erwitt-3-768x512.jpg 768w, https:\/\/www.remonen.fi\/WP\/wp-content\/uploads\/2017\/12\/elliott_erwitt-3-1024x682.jpg 1024w, https:\/\/www.remonen.fi\/WP\/wp-content\/uploads\/2017\/12\/elliott_erwitt-3-440x293.jpg 440w, https:\/\/www.remonen.fi\/WP\/wp-content\/uploads\/2017\/12\/elliott_erwitt-3-960x640.jpg 960w\" sizes=\"(max-width: 880px) 100vw, 880px\" \/><\/a><\/p>\n<p><a href=\"https:\/\/www.hs.fi\/kulttuuri\/art-2000005426462.html\" target=\"_blank\" rel=\"noopener\">Hesarin n\u00e4yttelyarvioinnissa<\/a> oli valiteltu sit\u00e4, ett\u00e4 n\u00e4yttelyss\u00e4 tulee hieman tirkistelyfiilis. Itselle ei moista tunnetta syntynyt, vaan kuvat olivat yksinkertaisesti hienoja.<\/p>\n<p><a href=\"http:\/\/www.remonen.fi\/WP\/wp-content\/uploads\/2017\/12\/elliott_erwitt-5.jpg\"><img loading=\"lazy\" decoding=\"async\" class=\"aligncenter wp-image-8841\" title=\"Taken: 9 joulukuun, 2017 | Copyright: (c) Matti Remonen | \" src=\"http:\/\/www.remonen.fi\/WP\/wp-content\/uploads\/2017\/12\/elliott_erwitt-5.jpg\" alt=\"Elliott Erwitt Salon Taidemuseo\" width=\"586\" height=\"880\" srcset=\"https:\/\/www.remonen.fi\/WP\/wp-content\/uploads\/2017\/12\/elliott_erwitt-5.jpg 853w, https:\/\/www.remonen.fi\/WP\/wp-content\/uploads\/2017\/12\/elliott_erwitt-5-200x300.jpg 200w, https:\/\/www.remonen.fi\/WP\/wp-content\/uploads\/2017\/12\/elliott_erwitt-5-453x680.jpg 453w, https:\/\/www.remonen.fi\/WP\/wp-content\/uploads\/2017\/12\/elliott_erwitt-5-768x1152.jpg 768w, https:\/\/www.remonen.fi\/WP\/wp-content\/uploads\/2017\/12\/elliott_erwitt-5-682x1024.jpg 682w, https:\/\/www.remonen.fi\/WP\/wp-content\/uploads\/2017\/12\/elliott_erwitt-5-440x660.jpg 440w, https:\/\/www.remonen.fi\/WP\/wp-content\/uploads\/2017\/12\/elliott_erwitt-5-300x450.jpg 300w\" sizes=\"(max-width: 586px) 100vw, 586px\" \/><\/a><\/p>\n<p>Aina sit\u00e4 jaksaa ihmetell\u00e4, kuinka Salon Taidemuseo saa kerta toisensa j\u00e4lkeen j\u00e4rjestett\u00e4v\u00e4kseen maailmanluokan retrospektiivej\u00e4. Veturitalli on t\u00e4ysin Tukholman Fotografiskaan verrattavissa oleva taidemuseo. Ja helpommin saavutettavissa. N\u00e4yttely on avoinna 4.2.2018 asti, joten viel\u00e4 ehtii hyvin k\u00e4ym\u00e4\u00e4n.<\/p>\n<p>Elliottia ihmetteli Sony a6000 + SEL28f18.<\/p>\n","protected":false},"excerpt":{"rendered":"<p>Salon mainiossa taidemuseossa on jo jonkun aikaa ollut menossa Elliott Erwitt Retrospective -valokuvan\u00e4yttely. Erwitt on todellinen vanhan koulukunnan kuvaaja, syntynyt 1928 ja edelleen menossa mukana. H\u00e4n on ollut my\u00f6s kuvatoimisto Magnumin kuvaajana jo vuodesta 1953 itsens\u00e4 Robert Capan kutsumana. Minulle Erwitt on tullut tutuksi nimenomaan humoristisista katukuvistaan, joissa kaikissa on joku koukku joka ei aukea [&hellip;]<\/p>\n","protected":false},"author":2,"featured_media":8842,"comment_status":"open","ping_status":"closed","sticky":false,"template":"","format":"standard","meta":{"footnotes":""},"categories":[16],"tags":[333,271],"yoast_head":"<!-- This site is optimized with the Yoast SEO plugin v24.5 - https:\/\/yoast.com\/wordpress\/plugins\/seo\/ -->\n<title>Set\u00e4mies Elliott &#187; remonen.fi<\/title>\n<meta name=\"description\" content=\"Elliot Erwitt -retrospektiivi Salon Taidemuseossa. Ehdottomasti suositeltava kohde jos on v\u00e4h\u00e4nk\u00e4\u00e4n valokuvauksesta kiinnostunut.\" \/>\n<meta name=\"robots\" content=\"index, follow, max-snippet:-1, max-image-preview:large, max-video-preview:-1\" \/>\n<link rel=\"canonical\" href=\"https:\/\/www.remonen.fi\/WP\/blogi\/setamies-elliott\/\" \/>\n<meta property=\"og:locale\" content=\"fi_FI\" \/>\n<meta property=\"og:type\" content=\"article\" \/>\n<meta property=\"og:title\" content=\"Set\u00e4mies Elliott &#187; remonen.fi\" \/>\n<meta property=\"og:description\" content=\"Elliot Erwitt -retrospektiivi Salon Taidemuseossa. Ehdottomasti suositeltava kohde jos on v\u00e4h\u00e4nk\u00e4\u00e4n valokuvauksesta kiinnostunut.\" \/>\n<meta property=\"og:url\" content=\"https:\/\/www.remonen.fi\/WP\/blogi\/setamies-elliott\/\" \/>\n<meta property=\"og:site_name\" content=\"remonen.fi\" \/>\n<meta property=\"article:published_time\" content=\"2017-12-18T06:40:50+00:00\" \/>\n<meta property=\"og:image\" content=\"https:\/\/www.remonen.fi\/WP\/wp-content\/uploads\/2017\/12\/elliott_erwitt-6.jpg\" \/>\n\t<meta property=\"og:image:width\" content=\"1280\" \/>\n\t<meta property=\"og:image:height\" content=\"853\" \/>\n\t<meta property=\"og:image:type\" content=\"image\/jpeg\" \/>\n<meta name=\"author\" content=\"Matti Remonen\" \/>\n<meta name=\"twitter:label1\" content=\"Kirjoittanut\" \/>\n\t<meta name=\"twitter:data1\" content=\"Matti Remonen\" \/>\n\t<meta name=\"twitter:label2\" content=\"Arvioitu lukuaika\" \/>\n\t<meta name=\"twitter:data2\" content=\"1 minuutti\" \/>\n<script type=\"application\/ld+json\" class=\"yoast-schema-graph\">{\"@context\":\"https:\/\/schema.org\",\"@graph\":[{\"@type\":\"Article\",\"@id\":\"https:\/\/www.remonen.fi\/WP\/blogi\/setamies-elliott\/#article\",\"isPartOf\":{\"@id\":\"https:\/\/www.remonen.fi\/WP\/blogi\/setamies-elliott\/\"},\"author\":{\"name\":\"Matti Remonen\",\"@id\":\"https:\/\/www.remonen.fi\/WP\/#\/schema\/person\/1803c23d1d4f6722054eb2ac7f7a97cd\"},\"headline\":\"Set\u00e4mies Elliott\",\"datePublished\":\"2017-12-18T06:40:50+00:00\",\"mainEntityOfPage\":{\"@id\":\"https:\/\/www.remonen.fi\/WP\/blogi\/setamies-elliott\/\"},\"wordCount\":201,\"commentCount\":0,\"publisher\":{\"@id\":\"https:\/\/www.remonen.fi\/WP\/#\/schema\/person\/1803c23d1d4f6722054eb2ac7f7a97cd\"},\"image\":{\"@id\":\"https:\/\/www.remonen.fi\/WP\/blogi\/setamies-elliott\/#primaryimage\"},\"thumbnailUrl\":\"https:\/\/www.remonen.fi\/WP\/wp-content\/uploads\/2017\/12\/elliott_erwitt-6.jpg\",\"keywords\":[\"Elliott Erwitt\",\"Salon Veturitalli\"],\"articleSection\":[\"Blog\"],\"inLanguage\":\"fi\",\"potentialAction\":[{\"@type\":\"CommentAction\",\"name\":\"Comment\",\"target\":[\"https:\/\/www.remonen.fi\/WP\/blogi\/setamies-elliott\/#respond\"]}]},{\"@type\":\"WebPage\",\"@id\":\"https:\/\/www.remonen.fi\/WP\/blogi\/setamies-elliott\/\",\"url\":\"https:\/\/www.remonen.fi\/WP\/blogi\/setamies-elliott\/\",\"name\":\"Set\u00e4mies Elliott &#187; remonen.fi\",\"isPartOf\":{\"@id\":\"https:\/\/www.remonen.fi\/WP\/#website\"},\"primaryImageOfPage\":{\"@id\":\"https:\/\/www.remonen.fi\/WP\/blogi\/setamies-elliott\/#primaryimage\"},\"image\":{\"@id\":\"https:\/\/www.remonen.fi\/WP\/blogi\/setamies-elliott\/#primaryimage\"},\"thumbnailUrl\":\"https:\/\/www.remonen.fi\/WP\/wp-content\/uploads\/2017\/12\/elliott_erwitt-6.jpg\",\"datePublished\":\"2017-12-18T06:40:50+00:00\",\"description\":\"Elliot Erwitt -retrospektiivi Salon Taidemuseossa. Ehdottomasti suositeltava kohde jos on v\u00e4h\u00e4nk\u00e4\u00e4n valokuvauksesta kiinnostunut.\",\"breadcrumb\":{\"@id\":\"https:\/\/www.remonen.fi\/WP\/blogi\/setamies-elliott\/#breadcrumb\"},\"inLanguage\":\"fi\",\"potentialAction\":[{\"@type\":\"ReadAction\",\"target\":[\"https:\/\/www.remonen.fi\/WP\/blogi\/setamies-elliott\/\"]}]},{\"@type\":\"ImageObject\",\"inLanguage\":\"fi\",\"@id\":\"https:\/\/www.remonen.fi\/WP\/blogi\/setamies-elliott\/#primaryimage\",\"url\":\"https:\/\/www.remonen.fi\/WP\/wp-content\/uploads\/2017\/12\/elliott_erwitt-6.jpg\",\"contentUrl\":\"https:\/\/www.remonen.fi\/WP\/wp-content\/uploads\/2017\/12\/elliott_erwitt-6.jpg\",\"width\":1280,\"height\":853},{\"@type\":\"BreadcrumbList\",\"@id\":\"https:\/\/www.remonen.fi\/WP\/blogi\/setamies-elliott\/#breadcrumb\",\"itemListElement\":[{\"@type\":\"ListItem\",\"position\":1,\"name\":\"Etusivu\",\"item\":\"https:\/\/www.remonen.fi\/WP\/\"},{\"@type\":\"ListItem\",\"position\":2,\"name\":\"Set\u00e4mies Elliott\"}]},{\"@type\":\"WebSite\",\"@id\":\"https:\/\/www.remonen.fi\/WP\/#website\",\"url\":\"https:\/\/www.remonen.fi\/WP\/\",\"name\":\"remonen.fi\",\"description\":\"Valokuvia ja tarinaa laidasta laitaan\",\"publisher\":{\"@id\":\"https:\/\/www.remonen.fi\/WP\/#\/schema\/person\/1803c23d1d4f6722054eb2ac7f7a97cd\"},\"potentialAction\":[{\"@type\":\"SearchAction\",\"target\":{\"@type\":\"EntryPoint\",\"urlTemplate\":\"https:\/\/www.remonen.fi\/WP\/?s={search_term_string}\"},\"query-input\":{\"@type\":\"PropertyValueSpecification\",\"valueRequired\":true,\"valueName\":\"search_term_string\"}}],\"inLanguage\":\"fi\"},{\"@type\":[\"Person\",\"Organization\"],\"@id\":\"https:\/\/www.remonen.fi\/WP\/#\/schema\/person\/1803c23d1d4f6722054eb2ac7f7a97cd\",\"name\":\"Matti Remonen\",\"logo\":{\"@id\":\"https:\/\/www.remonen.fi\/WP\/#\/schema\/person\/image\/\"},\"url\":\"https:\/\/www.remonen.fi\/WP\/blogi\/author\/mre\/\"}]}<\/script>\n<!-- \/ Yoast SEO plugin. -->","yoast_head_json":{"title":"Set\u00e4mies Elliott &#187; remonen.fi","description":"Elliot Erwitt -retrospektiivi Salon Taidemuseossa. Ehdottomasti suositeltava kohde jos on v\u00e4h\u00e4nk\u00e4\u00e4n valokuvauksesta kiinnostunut.","robots":{"index":"index","follow":"follow","max-snippet":"max-snippet:-1","max-image-preview":"max-image-preview:large","max-video-preview":"max-video-preview:-1"},"canonical":"https:\/\/www.remonen.fi\/WP\/blogi\/setamies-elliott\/","og_locale":"fi_FI","og_type":"article","og_title":"Set\u00e4mies Elliott &#187; remonen.fi","og_description":"Elliot Erwitt -retrospektiivi Salon Taidemuseossa. Ehdottomasti suositeltava kohde jos on v\u00e4h\u00e4nk\u00e4\u00e4n valokuvauksesta kiinnostunut.","og_url":"https:\/\/www.remonen.fi\/WP\/blogi\/setamies-elliott\/","og_site_name":"remonen.fi","article_published_time":"2017-12-18T06:40:50+00:00","og_image":[{"width":1280,"height":853,"url":"https:\/\/www.remonen.fi\/WP\/wp-content\/uploads\/2017\/12\/elliott_erwitt-6.jpg","type":"image\/jpeg"}],"author":"Matti Remonen","twitter_misc":{"Kirjoittanut":"Matti Remonen","Arvioitu lukuaika":"1 minuutti"},"schema":{"@context":"https:\/\/schema.org","@graph":[{"@type":"Article","@id":"https:\/\/www.remonen.fi\/WP\/blogi\/setamies-elliott\/#article","isPartOf":{"@id":"https:\/\/www.remonen.fi\/WP\/blogi\/setamies-elliott\/"},"author":{"name":"Matti Remonen","@id":"https:\/\/www.remonen.fi\/WP\/#\/schema\/person\/1803c23d1d4f6722054eb2ac7f7a97cd"},"headline":"Set\u00e4mies Elliott","datePublished":"2017-12-18T06:40:50+00:00","mainEntityOfPage":{"@id":"https:\/\/www.remonen.fi\/WP\/blogi\/setamies-elliott\/"},"wordCount":201,"commentCount":0,"publisher":{"@id":"https:\/\/www.remonen.fi\/WP\/#\/schema\/person\/1803c23d1d4f6722054eb2ac7f7a97cd"},"image":{"@id":"https:\/\/www.remonen.fi\/WP\/blogi\/setamies-elliott\/#primaryimage"},"thumbnailUrl":"https:\/\/www.remonen.fi\/WP\/wp-content\/uploads\/2017\/12\/elliott_erwitt-6.jpg","keywords":["Elliott Erwitt","Salon Veturitalli"],"articleSection":["Blog"],"inLanguage":"fi","potentialAction":[{"@type":"CommentAction","name":"Comment","target":["https:\/\/www.remonen.fi\/WP\/blogi\/setamies-elliott\/#respond"]}]},{"@type":"WebPage","@id":"https:\/\/www.remonen.fi\/WP\/blogi\/setamies-elliott\/","url":"https:\/\/www.remonen.fi\/WP\/blogi\/setamies-elliott\/","name":"Set\u00e4mies Elliott &#187; remonen.fi","isPartOf":{"@id":"https:\/\/www.remonen.fi\/WP\/#website"},"primaryImageOfPage":{"@id":"https:\/\/www.remonen.fi\/WP\/blogi\/setamies-elliott\/#primaryimage"},"image":{"@id":"https:\/\/www.remonen.fi\/WP\/blogi\/setamies-elliott\/#primaryimage"},"thumbnailUrl":"https:\/\/www.remonen.fi\/WP\/wp-content\/uploads\/2017\/12\/elliott_erwitt-6.jpg","datePublished":"2017-12-18T06:40:50+00:00","description":"Elliot Erwitt -retrospektiivi Salon Taidemuseossa. Ehdottomasti suositeltava kohde jos on v\u00e4h\u00e4nk\u00e4\u00e4n valokuvauksesta kiinnostunut.","breadcrumb":{"@id":"https:\/\/www.remonen.fi\/WP\/blogi\/setamies-elliott\/#breadcrumb"},"inLanguage":"fi","potentialAction":[{"@type":"ReadAction","target":["https:\/\/www.remonen.fi\/WP\/blogi\/setamies-elliott\/"]}]},{"@type":"ImageObject","inLanguage":"fi","@id":"https:\/\/www.remonen.fi\/WP\/blogi\/setamies-elliott\/#primaryimage","url":"https:\/\/www.remonen.fi\/WP\/wp-content\/uploads\/2017\/12\/elliott_erwitt-6.jpg","contentUrl":"https:\/\/www.remonen.fi\/WP\/wp-content\/uploads\/2017\/12\/elliott_erwitt-6.jpg","width":1280,"height":853},{"@type":"BreadcrumbList","@id":"https:\/\/www.remonen.fi\/WP\/blogi\/setamies-elliott\/#breadcrumb","itemListElement":[{"@type":"ListItem","position":1,"name":"Etusivu","item":"https:\/\/www.remonen.fi\/WP\/"},{"@type":"ListItem","position":2,"name":"Set\u00e4mies Elliott"}]},{"@type":"WebSite","@id":"https:\/\/www.remonen.fi\/WP\/#website","url":"https:\/\/www.remonen.fi\/WP\/","name":"remonen.fi","description":"Valokuvia ja tarinaa laidasta laitaan","publisher":{"@id":"https:\/\/www.remonen.fi\/WP\/#\/schema\/person\/1803c23d1d4f6722054eb2ac7f7a97cd"},"potentialAction":[{"@type":"SearchAction","target":{"@type":"EntryPoint","urlTemplate":"https:\/\/www.remonen.fi\/WP\/?s={search_term_string}"},"query-input":{"@type":"PropertyValueSpecification","valueRequired":true,"valueName":"search_term_string"}}],"inLanguage":"fi"},{"@type":["Person","Organization"],"@id":"https:\/\/www.remonen.fi\/WP\/#\/schema\/person\/1803c23d1d4f6722054eb2ac7f7a97cd","name":"Matti Remonen","logo":{"@id":"https:\/\/www.remonen.fi\/WP\/#\/schema\/person\/image\/"},"url":"https:\/\/www.remonen.fi\/WP\/blogi\/author\/mre\/"}]}},"_links":{"self":[{"href":"https:\/\/www.remonen.fi\/WP\/wp-json\/wp\/v2\/posts\/8844"}],"collection":[{"href":"https:\/\/www.remonen.fi\/WP\/wp-json\/wp\/v2\/posts"}],"about":[{"href":"https:\/\/www.remonen.fi\/WP\/wp-json\/wp\/v2\/types\/post"}],"author":[{"embeddable":true,"href":"https:\/\/www.remonen.fi\/WP\/wp-json\/wp\/v2\/users\/2"}],"replies":[{"embeddable":true,"href":"https:\/\/www.remonen.fi\/WP\/wp-json\/wp\/v2\/comments?post=8844"}],"version-history":[{"count":2,"href":"https:\/\/www.remonen.fi\/WP\/wp-json\/wp\/v2\/posts\/8844\/revisions"}],"predecessor-version":[{"id":8846,"href":"https:\/\/www.remonen.fi\/WP\/wp-json\/wp\/v2\/posts\/8844\/revisions\/8846"}],"wp:featuredmedia":[{"embeddable":true,"href":"https:\/\/www.remonen.fi\/WP\/wp-json\/wp\/v2\/media\/8842"}],"wp:attachment":[{"href":"https:\/\/www.remonen.fi\/WP\/wp-json\/wp\/v2\/media?parent=8844"}],"wp:term":[{"taxonomy":"category","embeddable":true,"href":"https:\/\/www.remonen.fi\/WP\/wp-json\/wp\/v2\/categories?post=8844"},{"taxonomy":"post_tag","embeddable":true,"href":"https:\/\/www.remonen.fi\/WP\/wp-json\/wp\/v2\/tags?post=8844"}],"curies":[{"name":"wp","href":"https:\/\/api.w.org\/{rel}","templated":true}]}}