{"id":8849,"date":"2017-12-31T15:04:48","date_gmt":"2017-12-31T13:04:48","guid":{"rendered":"http:\/\/www.remonen.fi\/?p=8849"},"modified":"2017-12-31T15:04:48","modified_gmt":"2017-12-31T13:04:48","slug":"ja-kohti-seuraavaa-vuotta","status":"publish","type":"post","link":"https:\/\/www.remonen.fi\/WP\/blogi\/ja-kohti-seuraavaa-vuotta\/","title":{"rendered":"Ja kohti seuraavaa vuotta"},"content":{"rendered":"<p>Niin se meni se Suomi 100v-vuosikin. Seuraava onkin sitten sis\u00e4llissodan muistovuosi. Saas n\u00e4hd\u00e4 montako nimikkomoppia, -leivosta ja k\u00e4ns\u00e4voidetta se oikein saakaan. Aina ajatonhan on toki joukkohaudankaivamislapio. Notta Fiskarsille pient\u00e4 vinkki\u00e4.<\/p>\n<p><a href=\"http:\/\/www.remonen.fi\/WP\/wp-content\/uploads\/2017\/12\/uutta_pukkaa_2018-6.jpg\"><img loading=\"lazy\" decoding=\"async\" class=\"aligncenter wp-image-8850\" title=\"Taken: 31 joulukuun, 2017 | Copyright: (c) Matti Remonen | \" src=\"http:\/\/www.remonen.fi\/WP\/wp-content\/uploads\/2017\/12\/uutta_pukkaa_2018-6.jpg\" alt=\"Kallvik\" width=\"880\" height=\"585\" srcset=\"https:\/\/www.remonen.fi\/WP\/wp-content\/uploads\/2017\/12\/uutta_pukkaa_2018-6.jpg 1280w, https:\/\/www.remonen.fi\/WP\/wp-content\/uploads\/2017\/12\/uutta_pukkaa_2018-6-300x199.jpg 300w, https:\/\/www.remonen.fi\/WP\/wp-content\/uploads\/2017\/12\/uutta_pukkaa_2018-6-680x452.jpg 680w, https:\/\/www.remonen.fi\/WP\/wp-content\/uploads\/2017\/12\/uutta_pukkaa_2018-6-768x511.jpg 768w, https:\/\/www.remonen.fi\/WP\/wp-content\/uploads\/2017\/12\/uutta_pukkaa_2018-6-1024x681.jpg 1024w, https:\/\/www.remonen.fi\/WP\/wp-content\/uploads\/2017\/12\/uutta_pukkaa_2018-6-440x293.jpg 440w, https:\/\/www.remonen.fi\/WP\/wp-content\/uploads\/2017\/12\/uutta_pukkaa_2018-6-960x638.jpg 960w\" sizes=\"(max-width: 880px) 100vw, 880px\" \/><\/a><\/p>\n<p>Vuoden viimeisen p\u00e4iv\u00e4n (ja samalla vuoden ehk\u00e4 ensimm\u00e4isen aurinkoisen p\u00e4iv\u00e4n) kunniaksi l\u00e4ksimme Kallvikissa k\u00e4ym\u00e4\u00e4n. Ett\u00e4 milt\u00e4 siell\u00e4 n\u00e4ytt\u00e4isi n\u00e4in vuoden k\u00e4\u00e4nteess\u00e4.<\/p>\n<p><a href=\"http:\/\/www.remonen.fi\/WP\/wp-content\/uploads\/2017\/12\/uutta_pukkaa_2018-1-2.jpg\"><img loading=\"lazy\" decoding=\"async\" class=\"aligncenter wp-image-8856\" title=\"Taken: 31 joulukuun, 2017 | Copyright: (c) Matti Remonen | \" src=\"http:\/\/www.remonen.fi\/WP\/wp-content\/uploads\/2017\/12\/uutta_pukkaa_2018-1-2.jpg\" alt=\"\" width=\"585\" height=\"880\" srcset=\"https:\/\/www.remonen.fi\/WP\/wp-content\/uploads\/2017\/12\/uutta_pukkaa_2018-1-2.jpg 851w, https:\/\/www.remonen.fi\/WP\/wp-content\/uploads\/2017\/12\/uutta_pukkaa_2018-1-2-199x300.jpg 199w, https:\/\/www.remonen.fi\/WP\/wp-content\/uploads\/2017\/12\/uutta_pukkaa_2018-1-2-452x680.jpg 452w, https:\/\/www.remonen.fi\/WP\/wp-content\/uploads\/2017\/12\/uutta_pukkaa_2018-1-2-768x1155.jpg 768w, https:\/\/www.remonen.fi\/WP\/wp-content\/uploads\/2017\/12\/uutta_pukkaa_2018-1-2-681x1024.jpg 681w, https:\/\/www.remonen.fi\/WP\/wp-content\/uploads\/2017\/12\/uutta_pukkaa_2018-1-2-440x662.jpg 440w, https:\/\/www.remonen.fi\/WP\/wp-content\/uploads\/2017\/12\/uutta_pukkaa_2018-1-2-300x451.jpg 300w\" sizes=\"(max-width: 585px) 100vw, 585px\" \/><\/a><\/p>\n<p><a href=\"http:\/\/www.remonen.fi\/WP\/wp-content\/uploads\/2017\/12\/uutta_pukkaa_2018-2.jpg\"><img loading=\"lazy\" decoding=\"async\" class=\"aligncenter wp-image-8852\" title=\"Taken: 31 joulukuun, 2017 | Copyright: (c) Matti Remonen | \" src=\"http:\/\/www.remonen.fi\/WP\/wp-content\/uploads\/2017\/12\/uutta_pukkaa_2018-2.jpg\" alt=\"Kallvik\" width=\"880\" height=\"585\" srcset=\"https:\/\/www.remonen.fi\/WP\/wp-content\/uploads\/2017\/12\/uutta_pukkaa_2018-2.jpg 1280w, https:\/\/www.remonen.fi\/WP\/wp-content\/uploads\/2017\/12\/uutta_pukkaa_2018-2-300x199.jpg 300w, https:\/\/www.remonen.fi\/WP\/wp-content\/uploads\/2017\/12\/uutta_pukkaa_2018-2-680x452.jpg 680w, https:\/\/www.remonen.fi\/WP\/wp-content\/uploads\/2017\/12\/uutta_pukkaa_2018-2-768x511.jpg 768w, https:\/\/www.remonen.fi\/WP\/wp-content\/uploads\/2017\/12\/uutta_pukkaa_2018-2-1024x681.jpg 1024w, https:\/\/www.remonen.fi\/WP\/wp-content\/uploads\/2017\/12\/uutta_pukkaa_2018-2-440x293.jpg 440w, https:\/\/www.remonen.fi\/WP\/wp-content\/uploads\/2017\/12\/uutta_pukkaa_2018-2-960x638.jpg 960w\" sizes=\"(max-width: 880px) 100vw, 880px\" \/><\/a><\/p>\n<p>Aika hiljaiseltahan tuo ranta vaikutti. Mutta s\u00e4\u00e4 oli kaunis, vaikka kovin tuulinen.<\/p>\n<p><a href=\"http:\/\/www.remonen.fi\/WP\/wp-content\/uploads\/2017\/12\/uutta_pukkaa_2018-4.jpg\"><img loading=\"lazy\" decoding=\"async\" class=\"aligncenter wp-image-8854\" title=\"Taken: 31 joulukuun, 2017 | Copyright: (c) Matti Remonen | \" src=\"http:\/\/www.remonen.fi\/WP\/wp-content\/uploads\/2017\/12\/uutta_pukkaa_2018-4.jpg\" alt=\"Kallvik\" width=\"880\" height=\"585\" srcset=\"https:\/\/www.remonen.fi\/WP\/wp-content\/uploads\/2017\/12\/uutta_pukkaa_2018-4.jpg 1280w, https:\/\/www.remonen.fi\/WP\/wp-content\/uploads\/2017\/12\/uutta_pukkaa_2018-4-300x199.jpg 300w, https:\/\/www.remonen.fi\/WP\/wp-content\/uploads\/2017\/12\/uutta_pukkaa_2018-4-680x452.jpg 680w, https:\/\/www.remonen.fi\/WP\/wp-content\/uploads\/2017\/12\/uutta_pukkaa_2018-4-768x511.jpg 768w, https:\/\/www.remonen.fi\/WP\/wp-content\/uploads\/2017\/12\/uutta_pukkaa_2018-4-1024x681.jpg 1024w, https:\/\/www.remonen.fi\/WP\/wp-content\/uploads\/2017\/12\/uutta_pukkaa_2018-4-440x293.jpg 440w, https:\/\/www.remonen.fi\/WP\/wp-content\/uploads\/2017\/12\/uutta_pukkaa_2018-4-960x638.jpg 960w\" sizes=\"(max-width: 880px) 100vw, 880px\" \/><\/a><\/p>\n<p>Meid\u00e4n lis\u00e4ksi rantaa oli kiert\u00e4m\u00e4ss\u00e4 yll\u00e4tt\u00e4v\u00e4nkin paljon muuta porukkaa ja ihan kameroiden kanssa. Itse tunsin j\u00e4\u00e4v\u00e4ni kalustokilpailussa hieman toiseksi Sonyn NEX-5N:n kanssa, kun vastapuoli roikutti Canon 5Ds:\u00e4\u00e4 ja jotain 300-millist\u00e4 rantakanuunaa. Mutta ei se koko, vaan se taito.<\/p>\n<p><a href=\"http:\/\/www.remonen.fi\/WP\/wp-content\/uploads\/2017\/12\/uutta_pukkaa_2018-3.jpg\"><img loading=\"lazy\" decoding=\"async\" class=\"aligncenter wp-image-8853\" title=\"Taken: 31 joulukuun, 2017 | Copyright: (c) Matti Remonen | \" src=\"http:\/\/www.remonen.fi\/WP\/wp-content\/uploads\/2017\/12\/uutta_pukkaa_2018-3.jpg\" alt=\"Kallvik\" width=\"585\" height=\"880\" srcset=\"https:\/\/www.remonen.fi\/WP\/wp-content\/uploads\/2017\/12\/uutta_pukkaa_2018-3.jpg 851w, https:\/\/www.remonen.fi\/WP\/wp-content\/uploads\/2017\/12\/uutta_pukkaa_2018-3-199x300.jpg 199w, https:\/\/www.remonen.fi\/WP\/wp-content\/uploads\/2017\/12\/uutta_pukkaa_2018-3-452x680.jpg 452w, https:\/\/www.remonen.fi\/WP\/wp-content\/uploads\/2017\/12\/uutta_pukkaa_2018-3-768x1155.jpg 768w, https:\/\/www.remonen.fi\/WP\/wp-content\/uploads\/2017\/12\/uutta_pukkaa_2018-3-681x1024.jpg 681w, https:\/\/www.remonen.fi\/WP\/wp-content\/uploads\/2017\/12\/uutta_pukkaa_2018-3-440x662.jpg 440w, https:\/\/www.remonen.fi\/WP\/wp-content\/uploads\/2017\/12\/uutta_pukkaa_2018-3-300x451.jpg 300w\" sizes=\"(max-width: 585px) 100vw, 585px\" \/><\/a><\/p>\n<p>Joku oli ahkeroinut ja rakentanut rantakivikkoon kivist\u00e4 taidokkaita torneja. Toivottavasti ne saavat olla siell\u00e4 rauhassa ja vaikkapa j\u00e4\u00e4tyisiv\u00e4t kiinni, jotta niit\u00e4 voisi kuvata my\u00f6hemminkin.<\/p>\n<p><a href=\"http:\/\/www.remonen.fi\/WP\/wp-content\/uploads\/2017\/12\/uutta_pukkaa_2018-5.jpg\"><img loading=\"lazy\" decoding=\"async\" class=\"aligncenter wp-image-8855\" title=\"Taken: 31 joulukuun, 2017 | Copyright: (c) Matti Remonen | \" src=\"http:\/\/www.remonen.fi\/WP\/wp-content\/uploads\/2017\/12\/uutta_pukkaa_2018-5.jpg\" alt=\"Kallvik\" width=\"880\" height=\"585\" srcset=\"https:\/\/www.remonen.fi\/WP\/wp-content\/uploads\/2017\/12\/uutta_pukkaa_2018-5.jpg 1280w, https:\/\/www.remonen.fi\/WP\/wp-content\/uploads\/2017\/12\/uutta_pukkaa_2018-5-300x199.jpg 300w, https:\/\/www.remonen.fi\/WP\/wp-content\/uploads\/2017\/12\/uutta_pukkaa_2018-5-680x452.jpg 680w, https:\/\/www.remonen.fi\/WP\/wp-content\/uploads\/2017\/12\/uutta_pukkaa_2018-5-768x511.jpg 768w, https:\/\/www.remonen.fi\/WP\/wp-content\/uploads\/2017\/12\/uutta_pukkaa_2018-5-1024x681.jpg 1024w, https:\/\/www.remonen.fi\/WP\/wp-content\/uploads\/2017\/12\/uutta_pukkaa_2018-5-440x293.jpg 440w, https:\/\/www.remonen.fi\/WP\/wp-content\/uploads\/2017\/12\/uutta_pukkaa_2018-5-960x638.jpg 960w\" sizes=\"(max-width: 880px) 100vw, 880px\" \/><\/a><\/p>\n<p>Vuotta vaihtoi ja rantaa kiersi Sony NEX-5N + SEL1855 (720 nm IR-konversio)<\/p>\n","protected":false},"excerpt":{"rendered":"<p>Niin se meni se Suomi 100v-vuosikin. Seuraava onkin sitten sis\u00e4llissodan muistovuosi. Saas n\u00e4hd\u00e4 montako nimikkomoppia, -leivosta ja k\u00e4ns\u00e4voidetta se oikein saakaan. Aina ajatonhan on toki joukkohaudankaivamislapio. Notta Fiskarsille pient\u00e4 vinkki\u00e4. Vuoden viimeisen p\u00e4iv\u00e4n (ja samalla vuoden ehk\u00e4 ensimm\u00e4isen aurinkoisen p\u00e4iv\u00e4n) kunniaksi l\u00e4ksimme Kallvikissa k\u00e4ym\u00e4\u00e4n. Ett\u00e4 milt\u00e4 siell\u00e4 n\u00e4ytt\u00e4isi n\u00e4in vuoden k\u00e4\u00e4nteess\u00e4. Aika hiljaiseltahan tuo ranta [&hellip;]<\/p>\n","protected":false},"author":2,"featured_media":8851,"comment_status":"open","ping_status":"closed","sticky":false,"template":"","format":"standard","meta":{"footnotes":""},"categories":[16],"tags":[113],"yoast_head":"<!-- This site is optimized with the Yoast SEO plugin v24.5 - https:\/\/yoast.com\/wordpress\/plugins\/seo\/ -->\n<title>Ja kohti seuraavaa vuotta &#187; remonen.fi<\/title>\n<meta name=\"description\" content=\"Vuoden viimeisen\u00e4 ja yhten\u00e4 harvoista kauniista p\u00e4ivist\u00e4 k\u00e4vimme katsomassa mit\u00e4 Kallvik tarjoaa. No, tuulta, raitista ilmaa ja avointa merta. Kannatti k\u00e4yd\u00e4.\" \/>\n<meta name=\"robots\" content=\"index, follow, max-snippet:-1, max-image-preview:large, max-video-preview:-1\" \/>\n<link rel=\"canonical\" href=\"https:\/\/www.remonen.fi\/WP\/blogi\/ja-kohti-seuraavaa-vuotta\/\" \/>\n<meta property=\"og:locale\" content=\"fi_FI\" \/>\n<meta property=\"og:type\" content=\"article\" \/>\n<meta property=\"og:title\" content=\"Ja kohti seuraavaa vuotta &#187; remonen.fi\" \/>\n<meta property=\"og:description\" content=\"Vuoden viimeisen\u00e4 ja yhten\u00e4 harvoista kauniista p\u00e4ivist\u00e4 k\u00e4vimme katsomassa mit\u00e4 Kallvik tarjoaa. No, tuulta, raitista ilmaa ja avointa merta. Kannatti k\u00e4yd\u00e4.\" \/>\n<meta property=\"og:url\" content=\"https:\/\/www.remonen.fi\/WP\/blogi\/ja-kohti-seuraavaa-vuotta\/\" \/>\n<meta property=\"og:site_name\" content=\"remonen.fi\" \/>\n<meta property=\"article:published_time\" content=\"2017-12-31T13:04:48+00:00\" \/>\n<meta property=\"og:image\" content=\"https:\/\/www.remonen.fi\/WP\/wp-content\/uploads\/2017\/12\/uutta_pukkaa_2018-1.jpg\" \/>\n\t<meta property=\"og:image:width\" content=\"1280\" \/>\n\t<meta property=\"og:image:height\" content=\"851\" \/>\n\t<meta property=\"og:image:type\" content=\"image\/jpeg\" \/>\n<meta name=\"author\" content=\"Matti Remonen\" \/>\n<meta name=\"twitter:label1\" content=\"Kirjoittanut\" \/>\n\t<meta name=\"twitter:data1\" content=\"Matti Remonen\" \/>\n\t<meta name=\"twitter:label2\" content=\"Arvioitu lukuaika\" \/>\n\t<meta name=\"twitter:data2\" content=\"1 minuutti\" \/>\n<script type=\"application\/ld+json\" class=\"yoast-schema-graph\">{\"@context\":\"https:\/\/schema.org\",\"@graph\":[{\"@type\":\"Article\",\"@id\":\"https:\/\/www.remonen.fi\/WP\/blogi\/ja-kohti-seuraavaa-vuotta\/#article\",\"isPartOf\":{\"@id\":\"https:\/\/www.remonen.fi\/WP\/blogi\/ja-kohti-seuraavaa-vuotta\/\"},\"author\":{\"name\":\"Matti Remonen\",\"@id\":\"https:\/\/www.remonen.fi\/WP\/#\/schema\/person\/1803c23d1d4f6722054eb2ac7f7a97cd\"},\"headline\":\"Ja kohti seuraavaa vuotta\",\"datePublished\":\"2017-12-31T13:04:48+00:00\",\"mainEntityOfPage\":{\"@id\":\"https:\/\/www.remonen.fi\/WP\/blogi\/ja-kohti-seuraavaa-vuotta\/\"},\"wordCount\":170,\"commentCount\":0,\"publisher\":{\"@id\":\"https:\/\/www.remonen.fi\/WP\/#\/schema\/person\/1803c23d1d4f6722054eb2ac7f7a97cd\"},\"image\":{\"@id\":\"https:\/\/www.remonen.fi\/WP\/blogi\/ja-kohti-seuraavaa-vuotta\/#primaryimage\"},\"thumbnailUrl\":\"https:\/\/www.remonen.fi\/WP\/wp-content\/uploads\/2017\/12\/uutta_pukkaa_2018-1.jpg\",\"keywords\":[\"Kallvik\"],\"articleSection\":[\"Blog\"],\"inLanguage\":\"fi\",\"potentialAction\":[{\"@type\":\"CommentAction\",\"name\":\"Comment\",\"target\":[\"https:\/\/www.remonen.fi\/WP\/blogi\/ja-kohti-seuraavaa-vuotta\/#respond\"]}]},{\"@type\":\"WebPage\",\"@id\":\"https:\/\/www.remonen.fi\/WP\/blogi\/ja-kohti-seuraavaa-vuotta\/\",\"url\":\"https:\/\/www.remonen.fi\/WP\/blogi\/ja-kohti-seuraavaa-vuotta\/\",\"name\":\"Ja kohti seuraavaa vuotta &#187; remonen.fi\",\"isPartOf\":{\"@id\":\"https:\/\/www.remonen.fi\/WP\/#website\"},\"primaryImageOfPage\":{\"@id\":\"https:\/\/www.remonen.fi\/WP\/blogi\/ja-kohti-seuraavaa-vuotta\/#primaryimage\"},\"image\":{\"@id\":\"https:\/\/www.remonen.fi\/WP\/blogi\/ja-kohti-seuraavaa-vuotta\/#primaryimage\"},\"thumbnailUrl\":\"https:\/\/www.remonen.fi\/WP\/wp-content\/uploads\/2017\/12\/uutta_pukkaa_2018-1.jpg\",\"datePublished\":\"2017-12-31T13:04:48+00:00\",\"description\":\"Vuoden viimeisen\u00e4 ja yhten\u00e4 harvoista kauniista p\u00e4ivist\u00e4 k\u00e4vimme katsomassa mit\u00e4 Kallvik tarjoaa. No, tuulta, raitista ilmaa ja avointa merta. Kannatti k\u00e4yd\u00e4.\",\"breadcrumb\":{\"@id\":\"https:\/\/www.remonen.fi\/WP\/blogi\/ja-kohti-seuraavaa-vuotta\/#breadcrumb\"},\"inLanguage\":\"fi\",\"potentialAction\":[{\"@type\":\"ReadAction\",\"target\":[\"https:\/\/www.remonen.fi\/WP\/blogi\/ja-kohti-seuraavaa-vuotta\/\"]}]},{\"@type\":\"ImageObject\",\"inLanguage\":\"fi\",\"@id\":\"https:\/\/www.remonen.fi\/WP\/blogi\/ja-kohti-seuraavaa-vuotta\/#primaryimage\",\"url\":\"https:\/\/www.remonen.fi\/WP\/wp-content\/uploads\/2017\/12\/uutta_pukkaa_2018-1.jpg\",\"contentUrl\":\"https:\/\/www.remonen.fi\/WP\/wp-content\/uploads\/2017\/12\/uutta_pukkaa_2018-1.jpg\",\"width\":1280,\"height\":851},{\"@type\":\"BreadcrumbList\",\"@id\":\"https:\/\/www.remonen.fi\/WP\/blogi\/ja-kohti-seuraavaa-vuotta\/#breadcrumb\",\"itemListElement\":[{\"@type\":\"ListItem\",\"position\":1,\"name\":\"Etusivu\",\"item\":\"https:\/\/www.remonen.fi\/WP\/\"},{\"@type\":\"ListItem\",\"position\":2,\"name\":\"Ja kohti seuraavaa vuotta\"}]},{\"@type\":\"WebSite\",\"@id\":\"https:\/\/www.remonen.fi\/WP\/#website\",\"url\":\"https:\/\/www.remonen.fi\/WP\/\",\"name\":\"remonen.fi\",\"description\":\"Valokuvia ja tarinaa laidasta laitaan\",\"publisher\":{\"@id\":\"https:\/\/www.remonen.fi\/WP\/#\/schema\/person\/1803c23d1d4f6722054eb2ac7f7a97cd\"},\"potentialAction\":[{\"@type\":\"SearchAction\",\"target\":{\"@type\":\"EntryPoint\",\"urlTemplate\":\"https:\/\/www.remonen.fi\/WP\/?s={search_term_string}\"},\"query-input\":{\"@type\":\"PropertyValueSpecification\",\"valueRequired\":true,\"valueName\":\"search_term_string\"}}],\"inLanguage\":\"fi\"},{\"@type\":[\"Person\",\"Organization\"],\"@id\":\"https:\/\/www.remonen.fi\/WP\/#\/schema\/person\/1803c23d1d4f6722054eb2ac7f7a97cd\",\"name\":\"Matti Remonen\",\"logo\":{\"@id\":\"https:\/\/www.remonen.fi\/WP\/#\/schema\/person\/image\/\"},\"url\":\"https:\/\/www.remonen.fi\/WP\/blogi\/author\/mre\/\"}]}<\/script>\n<!-- \/ Yoast SEO plugin. -->","yoast_head_json":{"title":"Ja kohti seuraavaa vuotta &#187; remonen.fi","description":"Vuoden viimeisen\u00e4 ja yhten\u00e4 harvoista kauniista p\u00e4ivist\u00e4 k\u00e4vimme katsomassa mit\u00e4 Kallvik tarjoaa. No, tuulta, raitista ilmaa ja avointa merta. Kannatti k\u00e4yd\u00e4.","robots":{"index":"index","follow":"follow","max-snippet":"max-snippet:-1","max-image-preview":"max-image-preview:large","max-video-preview":"max-video-preview:-1"},"canonical":"https:\/\/www.remonen.fi\/WP\/blogi\/ja-kohti-seuraavaa-vuotta\/","og_locale":"fi_FI","og_type":"article","og_title":"Ja kohti seuraavaa vuotta &#187; remonen.fi","og_description":"Vuoden viimeisen\u00e4 ja yhten\u00e4 harvoista kauniista p\u00e4ivist\u00e4 k\u00e4vimme katsomassa mit\u00e4 Kallvik tarjoaa. No, tuulta, raitista ilmaa ja avointa merta. Kannatti k\u00e4yd\u00e4.","og_url":"https:\/\/www.remonen.fi\/WP\/blogi\/ja-kohti-seuraavaa-vuotta\/","og_site_name":"remonen.fi","article_published_time":"2017-12-31T13:04:48+00:00","og_image":[{"width":1280,"height":851,"url":"https:\/\/www.remonen.fi\/WP\/wp-content\/uploads\/2017\/12\/uutta_pukkaa_2018-1.jpg","type":"image\/jpeg"}],"author":"Matti Remonen","twitter_misc":{"Kirjoittanut":"Matti Remonen","Arvioitu lukuaika":"1 minuutti"},"schema":{"@context":"https:\/\/schema.org","@graph":[{"@type":"Article","@id":"https:\/\/www.remonen.fi\/WP\/blogi\/ja-kohti-seuraavaa-vuotta\/#article","isPartOf":{"@id":"https:\/\/www.remonen.fi\/WP\/blogi\/ja-kohti-seuraavaa-vuotta\/"},"author":{"name":"Matti Remonen","@id":"https:\/\/www.remonen.fi\/WP\/#\/schema\/person\/1803c23d1d4f6722054eb2ac7f7a97cd"},"headline":"Ja kohti seuraavaa vuotta","datePublished":"2017-12-31T13:04:48+00:00","mainEntityOfPage":{"@id":"https:\/\/www.remonen.fi\/WP\/blogi\/ja-kohti-seuraavaa-vuotta\/"},"wordCount":170,"commentCount":0,"publisher":{"@id":"https:\/\/www.remonen.fi\/WP\/#\/schema\/person\/1803c23d1d4f6722054eb2ac7f7a97cd"},"image":{"@id":"https:\/\/www.remonen.fi\/WP\/blogi\/ja-kohti-seuraavaa-vuotta\/#primaryimage"},"thumbnailUrl":"https:\/\/www.remonen.fi\/WP\/wp-content\/uploads\/2017\/12\/uutta_pukkaa_2018-1.jpg","keywords":["Kallvik"],"articleSection":["Blog"],"inLanguage":"fi","potentialAction":[{"@type":"CommentAction","name":"Comment","target":["https:\/\/www.remonen.fi\/WP\/blogi\/ja-kohti-seuraavaa-vuotta\/#respond"]}]},{"@type":"WebPage","@id":"https:\/\/www.remonen.fi\/WP\/blogi\/ja-kohti-seuraavaa-vuotta\/","url":"https:\/\/www.remonen.fi\/WP\/blogi\/ja-kohti-seuraavaa-vuotta\/","name":"Ja kohti seuraavaa vuotta &#187; remonen.fi","isPartOf":{"@id":"https:\/\/www.remonen.fi\/WP\/#website"},"primaryImageOfPage":{"@id":"https:\/\/www.remonen.fi\/WP\/blogi\/ja-kohti-seuraavaa-vuotta\/#primaryimage"},"image":{"@id":"https:\/\/www.remonen.fi\/WP\/blogi\/ja-kohti-seuraavaa-vuotta\/#primaryimage"},"thumbnailUrl":"https:\/\/www.remonen.fi\/WP\/wp-content\/uploads\/2017\/12\/uutta_pukkaa_2018-1.jpg","datePublished":"2017-12-31T13:04:48+00:00","description":"Vuoden viimeisen\u00e4 ja yhten\u00e4 harvoista kauniista p\u00e4ivist\u00e4 k\u00e4vimme katsomassa mit\u00e4 Kallvik tarjoaa. No, tuulta, raitista ilmaa ja avointa merta. Kannatti k\u00e4yd\u00e4.","breadcrumb":{"@id":"https:\/\/www.remonen.fi\/WP\/blogi\/ja-kohti-seuraavaa-vuotta\/#breadcrumb"},"inLanguage":"fi","potentialAction":[{"@type":"ReadAction","target":["https:\/\/www.remonen.fi\/WP\/blogi\/ja-kohti-seuraavaa-vuotta\/"]}]},{"@type":"ImageObject","inLanguage":"fi","@id":"https:\/\/www.remonen.fi\/WP\/blogi\/ja-kohti-seuraavaa-vuotta\/#primaryimage","url":"https:\/\/www.remonen.fi\/WP\/wp-content\/uploads\/2017\/12\/uutta_pukkaa_2018-1.jpg","contentUrl":"https:\/\/www.remonen.fi\/WP\/wp-content\/uploads\/2017\/12\/uutta_pukkaa_2018-1.jpg","width":1280,"height":851},{"@type":"BreadcrumbList","@id":"https:\/\/www.remonen.fi\/WP\/blogi\/ja-kohti-seuraavaa-vuotta\/#breadcrumb","itemListElement":[{"@type":"ListItem","position":1,"name":"Etusivu","item":"https:\/\/www.remonen.fi\/WP\/"},{"@type":"ListItem","position":2,"name":"Ja kohti seuraavaa vuotta"}]},{"@type":"WebSite","@id":"https:\/\/www.remonen.fi\/WP\/#website","url":"https:\/\/www.remonen.fi\/WP\/","name":"remonen.fi","description":"Valokuvia ja tarinaa laidasta laitaan","publisher":{"@id":"https:\/\/www.remonen.fi\/WP\/#\/schema\/person\/1803c23d1d4f6722054eb2ac7f7a97cd"},"potentialAction":[{"@type":"SearchAction","target":{"@type":"EntryPoint","urlTemplate":"https:\/\/www.remonen.fi\/WP\/?s={search_term_string}"},"query-input":{"@type":"PropertyValueSpecification","valueRequired":true,"valueName":"search_term_string"}}],"inLanguage":"fi"},{"@type":["Person","Organization"],"@id":"https:\/\/www.remonen.fi\/WP\/#\/schema\/person\/1803c23d1d4f6722054eb2ac7f7a97cd","name":"Matti Remonen","logo":{"@id":"https:\/\/www.remonen.fi\/WP\/#\/schema\/person\/image\/"},"url":"https:\/\/www.remonen.fi\/WP\/blogi\/author\/mre\/"}]}},"_links":{"self":[{"href":"https:\/\/www.remonen.fi\/WP\/wp-json\/wp\/v2\/posts\/8849"}],"collection":[{"href":"https:\/\/www.remonen.fi\/WP\/wp-json\/wp\/v2\/posts"}],"about":[{"href":"https:\/\/www.remonen.fi\/WP\/wp-json\/wp\/v2\/types\/post"}],"author":[{"embeddable":true,"href":"https:\/\/www.remonen.fi\/WP\/wp-json\/wp\/v2\/users\/2"}],"replies":[{"embeddable":true,"href":"https:\/\/www.remonen.fi\/WP\/wp-json\/wp\/v2\/comments?post=8849"}],"version-history":[{"count":3,"href":"https:\/\/www.remonen.fi\/WP\/wp-json\/wp\/v2\/posts\/8849\/revisions"}],"predecessor-version":[{"id":8859,"href":"https:\/\/www.remonen.fi\/WP\/wp-json\/wp\/v2\/posts\/8849\/revisions\/8859"}],"wp:featuredmedia":[{"embeddable":true,"href":"https:\/\/www.remonen.fi\/WP\/wp-json\/wp\/v2\/media\/8851"}],"wp:attachment":[{"href":"https:\/\/www.remonen.fi\/WP\/wp-json\/wp\/v2\/media?parent=8849"}],"wp:term":[{"taxonomy":"category","embeddable":true,"href":"https:\/\/www.remonen.fi\/WP\/wp-json\/wp\/v2\/categories?post=8849"},{"taxonomy":"post_tag","embeddable":true,"href":"https:\/\/www.remonen.fi\/WP\/wp-json\/wp\/v2\/tags?post=8849"}],"curies":[{"name":"wp","href":"https:\/\/api.w.org\/{rel}","templated":true}]}}