{"id":8862,"date":"2018-01-09T18:48:59","date_gmt":"2018-01-09T16:48:59","guid":{"rendered":"http:\/\/www.remonen.fi\/?p=8862"},"modified":"2018-01-09T18:48:59","modified_gmt":"2018-01-09T16:48:59","slug":"luxusta-pimeyteen","status":"publish","type":"post","link":"https:\/\/www.remonen.fi\/WP\/blogi\/luxusta-pimeyteen\/","title":{"rendered":"Luxusta pimeyteen"},"content":{"rendered":"<p>Taas koitti se aika vuodesta, kun Helsingiss\u00e4 k\u00e4ynnistyiv\u00e4t nyt jo ties kuinka monennetta kertaa valofestivaalit, Lux Helsinki 2018. Joten isolle kirkolle oli suunnistettava viel\u00e4 kun s\u00e4\u00e4kin alkoi pikkuhiljaa muistuttamaan enemm\u00e4n tammi- kuin marraskuuta.<\/p>\n<p><a href=\"http:\/\/www.remonen.fi\/WP\/wp-content\/uploads\/2018\/01\/lux_helsinki_2018-7.jpg\"><img loading=\"lazy\" decoding=\"async\" class=\"aligncenter wp-image-8870\" title=\"Credit: Matti Remonen | Taken: 7 tammikuun, 2018 | Copyright: (c) Matti Remonen | Keywords: Lux Helsinki 2018, Tapahtumat | \" src=\"http:\/\/www.remonen.fi\/WP\/wp-content\/uploads\/2018\/01\/lux_helsinki_2018-7.jpg\" alt=\"Lux Helsinki 2018\" width=\"586\" height=\"880\" srcset=\"https:\/\/www.remonen.fi\/WP\/wp-content\/uploads\/2018\/01\/lux_helsinki_2018-7.jpg 853w, https:\/\/www.remonen.fi\/WP\/wp-content\/uploads\/2018\/01\/lux_helsinki_2018-7-200x300.jpg 200w, https:\/\/www.remonen.fi\/WP\/wp-content\/uploads\/2018\/01\/lux_helsinki_2018-7-453x680.jpg 453w, https:\/\/www.remonen.fi\/WP\/wp-content\/uploads\/2018\/01\/lux_helsinki_2018-7-768x1152.jpg 768w, https:\/\/www.remonen.fi\/WP\/wp-content\/uploads\/2018\/01\/lux_helsinki_2018-7-682x1024.jpg 682w, https:\/\/www.remonen.fi\/WP\/wp-content\/uploads\/2018\/01\/lux_helsinki_2018-7-440x660.jpg 440w, https:\/\/www.remonen.fi\/WP\/wp-content\/uploads\/2018\/01\/lux_helsinki_2018-7-300x450.jpg 300w\" sizes=\"(max-width: 586px) 100vw, 586px\" \/><\/a><\/p>\n<p>T\u00e4n\u00e4 vuonna valofestari oli levitt\u00e4ytynyt Esplanadin etel\u00e4puolelle Kaartinkaupungin alueelle. Ilmeisesti nyt sitten joka vuosi pyrit\u00e4\u00e4n vaihtamaan maisemaa hieman. Aiemminhan t\u00e4m\u00e4 spektaakkeli oli hyvinkin tiukasti T\u00f6\u00f6l\u00f6nlahden ymp\u00e4rist\u00f6ss\u00e4, mutta tosiaan parina viime vuonna on oltu hieman muuallakin.<\/p>\n<p><a href=\"http:\/\/www.remonen.fi\/WP\/wp-content\/uploads\/2018\/01\/lux_helsinki_2018-2.jpg\"><img loading=\"lazy\" decoding=\"async\" class=\"aligncenter wp-image-8865\" title=\"Credit: Matti Remonen | Taken: 7 tammikuun, 2018 | Copyright: (c) Matti Remonen | Keywords: Lux Helsinki 2018, Tapahtumat | \" src=\"http:\/\/www.remonen.fi\/WP\/wp-content\/uploads\/2018\/01\/lux_helsinki_2018-2.jpg\" alt=\"Lux Helsinki 2018\" width=\"880\" height=\"586\" srcset=\"https:\/\/www.remonen.fi\/WP\/wp-content\/uploads\/2018\/01\/lux_helsinki_2018-2.jpg 1280w, https:\/\/www.remonen.fi\/WP\/wp-content\/uploads\/2018\/01\/lux_helsinki_2018-2-300x200.jpg 300w, https:\/\/www.remonen.fi\/WP\/wp-content\/uploads\/2018\/01\/lux_helsinki_2018-2-680x453.jpg 680w, https:\/\/www.remonen.fi\/WP\/wp-content\/uploads\/2018\/01\/lux_helsinki_2018-2-768x512.jpg 768w, https:\/\/www.remonen.fi\/WP\/wp-content\/uploads\/2018\/01\/lux_helsinki_2018-2-1024x682.jpg 1024w, https:\/\/www.remonen.fi\/WP\/wp-content\/uploads\/2018\/01\/lux_helsinki_2018-2-440x293.jpg 440w, https:\/\/www.remonen.fi\/WP\/wp-content\/uploads\/2018\/01\/lux_helsinki_2018-2-960x640.jpg 960w\" sizes=\"(max-width: 880px) 100vw, 880px\" \/><\/a><\/p>\n<p><a href=\"http:\/\/www.remonen.fi\/WP\/wp-content\/uploads\/2018\/01\/lux_helsinki_2018-10.jpg\"><img loading=\"lazy\" decoding=\"async\" class=\"aligncenter wp-image-8873\" title=\"Credit: Matti Remonen | Taken: 7 tammikuun, 2018 | Copyright: (c) Matti Remonen | Keywords: Lux Helsinki 2018, Tapahtumat | \" src=\"http:\/\/www.remonen.fi\/WP\/wp-content\/uploads\/2018\/01\/lux_helsinki_2018-10.jpg\" alt=\"Lux Helsinki 2018\" width=\"586\" height=\"880\" srcset=\"https:\/\/www.remonen.fi\/WP\/wp-content\/uploads\/2018\/01\/lux_helsinki_2018-10.jpg 853w, https:\/\/www.remonen.fi\/WP\/wp-content\/uploads\/2018\/01\/lux_helsinki_2018-10-200x300.jpg 200w, https:\/\/www.remonen.fi\/WP\/wp-content\/uploads\/2018\/01\/lux_helsinki_2018-10-453x680.jpg 453w, https:\/\/www.remonen.fi\/WP\/wp-content\/uploads\/2018\/01\/lux_helsinki_2018-10-768x1152.jpg 768w, https:\/\/www.remonen.fi\/WP\/wp-content\/uploads\/2018\/01\/lux_helsinki_2018-10-682x1024.jpg 682w, https:\/\/www.remonen.fi\/WP\/wp-content\/uploads\/2018\/01\/lux_helsinki_2018-10-440x660.jpg 440w, https:\/\/www.remonen.fi\/WP\/wp-content\/uploads\/2018\/01\/lux_helsinki_2018-10-300x450.jpg 300w\" sizes=\"(max-width: 586px) 100vw, 586px\" \/><\/a><\/p>\n<p><a href=\"http:\/\/www.remonen.fi\/WP\/wp-content\/uploads\/2018\/01\/lux_helsinki_2018-9.jpg\"><img loading=\"lazy\" decoding=\"async\" class=\"aligncenter wp-image-8872\" title=\"Credit: Matti Remonen | Taken: 7 tammikuun, 2018 | Copyright: (c) Matti Remonen | Keywords: Lux Helsinki 2018, Tapahtumat | \" src=\"http:\/\/www.remonen.fi\/WP\/wp-content\/uploads\/2018\/01\/lux_helsinki_2018-9.jpg\" alt=\"Lux Helsinki 2018\" width=\"880\" height=\"586\" srcset=\"https:\/\/www.remonen.fi\/WP\/wp-content\/uploads\/2018\/01\/lux_helsinki_2018-9.jpg 1280w, https:\/\/www.remonen.fi\/WP\/wp-content\/uploads\/2018\/01\/lux_helsinki_2018-9-300x200.jpg 300w, https:\/\/www.remonen.fi\/WP\/wp-content\/uploads\/2018\/01\/lux_helsinki_2018-9-680x453.jpg 680w, https:\/\/www.remonen.fi\/WP\/wp-content\/uploads\/2018\/01\/lux_helsinki_2018-9-768x512.jpg 768w, https:\/\/www.remonen.fi\/WP\/wp-content\/uploads\/2018\/01\/lux_helsinki_2018-9-1024x682.jpg 1024w, https:\/\/www.remonen.fi\/WP\/wp-content\/uploads\/2018\/01\/lux_helsinki_2018-9-440x293.jpg 440w, https:\/\/www.remonen.fi\/WP\/wp-content\/uploads\/2018\/01\/lux_helsinki_2018-9-960x640.jpg 960w\" sizes=\"(max-width: 880px) 100vw, 880px\" \/><\/a><\/p>\n<p>Sin\u00e4ns\u00e4 paikan vaihtaminen on virkist\u00e4v\u00e4\u00e4, mutta Kaartinkaupungin suhteellisen kapeat kadut eiv\u00e4t oikein ved\u00e4 t\u00e4llaisia v\u00e4kimassoja. Semminkin kun Erottajan paloaseman kohdalla oli perustellusta syyst\u00e4 toinen ajokaista pit\u00e4nyt j\u00e4tt\u00e4\u00e4 vapaaksi. Sanoisin, ett\u00e4 t\u00e4n\u00e4 vuonna eritoten t\u00e4m\u00e4 ei sopinut v\u00e4kijoukkoja kaihtaville.<\/p>\n<p><a href=\"http:\/\/www.remonen.fi\/WP\/wp-content\/uploads\/2018\/01\/lux_helsinki_2018-11.jpg\"><img loading=\"lazy\" decoding=\"async\" class=\"aligncenter wp-image-8874\" title=\"Credit: Matti Remonen | Taken: 7 tammikuun, 2018 | Copyright: (c) Matti Remonen | Keywords: Lux Helsinki 2018, Tapahtumat | \" src=\"http:\/\/www.remonen.fi\/WP\/wp-content\/uploads\/2018\/01\/lux_helsinki_2018-11.jpg\" alt=\"Lux Helsinki 2018\" width=\"586\" height=\"880\" srcset=\"https:\/\/www.remonen.fi\/WP\/wp-content\/uploads\/2018\/01\/lux_helsinki_2018-11.jpg 853w, https:\/\/www.remonen.fi\/WP\/wp-content\/uploads\/2018\/01\/lux_helsinki_2018-11-200x300.jpg 200w, https:\/\/www.remonen.fi\/WP\/wp-content\/uploads\/2018\/01\/lux_helsinki_2018-11-453x680.jpg 453w, https:\/\/www.remonen.fi\/WP\/wp-content\/uploads\/2018\/01\/lux_helsinki_2018-11-768x1152.jpg 768w, https:\/\/www.remonen.fi\/WP\/wp-content\/uploads\/2018\/01\/lux_helsinki_2018-11-682x1024.jpg 682w, https:\/\/www.remonen.fi\/WP\/wp-content\/uploads\/2018\/01\/lux_helsinki_2018-11-440x660.jpg 440w, https:\/\/www.remonen.fi\/WP\/wp-content\/uploads\/2018\/01\/lux_helsinki_2018-11-300x450.jpg 300w\" sizes=\"(max-width: 586px) 100vw, 586px\" \/><\/a><\/p>\n<p><a href=\"http:\/\/www.remonen.fi\/WP\/wp-content\/uploads\/2018\/01\/lux_helsinki_2018-3.jpg\"><img loading=\"lazy\" decoding=\"async\" class=\"aligncenter wp-image-8866\" title=\"Credit: Matti Remonen | Taken: 7 tammikuun, 2018 | Copyright: (c) Matti Remonen | Keywords: Lux Helsinki 2018, Tapahtumat | \" src=\"http:\/\/www.remonen.fi\/WP\/wp-content\/uploads\/2018\/01\/lux_helsinki_2018-3.jpg\" alt=\"Lux Helsinki 2018\" width=\"880\" height=\"586\" srcset=\"https:\/\/www.remonen.fi\/WP\/wp-content\/uploads\/2018\/01\/lux_helsinki_2018-3.jpg 1280w, https:\/\/www.remonen.fi\/WP\/wp-content\/uploads\/2018\/01\/lux_helsinki_2018-3-300x200.jpg 300w, https:\/\/www.remonen.fi\/WP\/wp-content\/uploads\/2018\/01\/lux_helsinki_2018-3-680x453.jpg 680w, https:\/\/www.remonen.fi\/WP\/wp-content\/uploads\/2018\/01\/lux_helsinki_2018-3-768x512.jpg 768w, https:\/\/www.remonen.fi\/WP\/wp-content\/uploads\/2018\/01\/lux_helsinki_2018-3-1024x682.jpg 1024w, https:\/\/www.remonen.fi\/WP\/wp-content\/uploads\/2018\/01\/lux_helsinki_2018-3-440x293.jpg 440w, https:\/\/www.remonen.fi\/WP\/wp-content\/uploads\/2018\/01\/lux_helsinki_2018-3-960x640.jpg 960w\" sizes=\"(max-width: 880px) 100vw, 880px\" \/><\/a><\/p>\n<p>Muuten show oli pitk\u00e4lti samankaltainen kuin edellisin\u00e4 vuosina. Ehk\u00e4 nyt oli yritetty ja haluttu osallistaa my\u00f6s yleis\u00f6\u00e4 enemmin ja mm. Senaatintorilla oli kontteja, joissa p\u00e4\u00e4si osallistumaan valomaalaukseen. Muuten sitten oli lampunvarjostinpuistoa ja valaistuja rakennuksia. Sek\u00e4 tietysti p\u00e4\u00e4spektaakkelina valaistu Tuomiokirkko, kuten aina ennenkin.<\/p>\n<p><a href=\"http:\/\/www.remonen.fi\/WP\/wp-content\/uploads\/2018\/01\/lux_helsinki_2018-8.jpg\"><img loading=\"lazy\" decoding=\"async\" class=\"aligncenter wp-image-8871\" title=\"Credit: Matti Remonen | Taken: 7 tammikuun, 2018 | Copyright: (c) Matti Remonen | Keywords: Lux Helsinki 2018, Tapahtumat | \" src=\"http:\/\/www.remonen.fi\/WP\/wp-content\/uploads\/2018\/01\/lux_helsinki_2018-8.jpg\" alt=\"Lux Helsinki 2018\" width=\"530\" height=\"530\" srcset=\"https:\/\/www.remonen.fi\/WP\/wp-content\/uploads\/2018\/01\/lux_helsinki_2018-8.jpg 1280w, https:\/\/www.remonen.fi\/WP\/wp-content\/uploads\/2018\/01\/lux_helsinki_2018-8-300x300.jpg 300w, https:\/\/www.remonen.fi\/WP\/wp-content\/uploads\/2018\/01\/lux_helsinki_2018-8-680x680.jpg 680w, https:\/\/www.remonen.fi\/WP\/wp-content\/uploads\/2018\/01\/lux_helsinki_2018-8-768x768.jpg 768w, https:\/\/www.remonen.fi\/WP\/wp-content\/uploads\/2018\/01\/lux_helsinki_2018-8-1024x1024.jpg 1024w, https:\/\/www.remonen.fi\/WP\/wp-content\/uploads\/2018\/01\/lux_helsinki_2018-8-440x440.jpg 440w, https:\/\/www.remonen.fi\/WP\/wp-content\/uploads\/2018\/01\/lux_helsinki_2018-8-960x960.jpg 960w, https:\/\/www.remonen.fi\/WP\/wp-content\/uploads\/2018\/01\/lux_helsinki_2018-8-109x109.jpg 109w, https:\/\/www.remonen.fi\/WP\/wp-content\/uploads\/2018\/01\/lux_helsinki_2018-8-100x100.jpg 100w\" sizes=\"(max-width: 530px) 100vw, 530px\" \/><\/a><\/p>\n<p><a href=\"http:\/\/www.remonen.fi\/WP\/wp-content\/uploads\/2018\/01\/lux_helsinki_2018-6.jpg\"><img loading=\"lazy\" decoding=\"async\" class=\"aligncenter wp-image-8869\" title=\"Credit: Matti Remonen | Taken: 7 tammikuun, 2018 | Copyright: (c) Matti Remonen | Keywords: Lux Helsinki 2018, Tapahtumat | \" src=\"http:\/\/www.remonen.fi\/WP\/wp-content\/uploads\/2018\/01\/lux_helsinki_2018-6.jpg\" alt=\"Lux Helsinki 2018\" width=\"586\" height=\"880\" srcset=\"https:\/\/www.remonen.fi\/WP\/wp-content\/uploads\/2018\/01\/lux_helsinki_2018-6.jpg 853w, https:\/\/www.remonen.fi\/WP\/wp-content\/uploads\/2018\/01\/lux_helsinki_2018-6-200x300.jpg 200w, https:\/\/www.remonen.fi\/WP\/wp-content\/uploads\/2018\/01\/lux_helsinki_2018-6-453x680.jpg 453w, https:\/\/www.remonen.fi\/WP\/wp-content\/uploads\/2018\/01\/lux_helsinki_2018-6-768x1152.jpg 768w, https:\/\/www.remonen.fi\/WP\/wp-content\/uploads\/2018\/01\/lux_helsinki_2018-6-682x1024.jpg 682w, https:\/\/www.remonen.fi\/WP\/wp-content\/uploads\/2018\/01\/lux_helsinki_2018-6-440x660.jpg 440w, https:\/\/www.remonen.fi\/WP\/wp-content\/uploads\/2018\/01\/lux_helsinki_2018-6-300x450.jpg 300w\" sizes=\"(max-width: 586px) 100vw, 586px\" \/><\/a><\/p>\n<p>Tuomiokirkolle asti p\u00e4\u00e4sty\u00e4mme taivas olikin mennyt pilveen ja alkoi sataa lunta. No, rikinkeltainen taivas pirist\u00e4\u00e4 aina.<\/p>\n<p><a href=\"http:\/\/www.remonen.fi\/WP\/wp-content\/uploads\/2018\/01\/lux_helsinki_2018-14.jpg\"><img loading=\"lazy\" decoding=\"async\" class=\"aligncenter wp-image-8877\" title=\"Credit: Matti Remonen | Taken: 7 tammikuun, 2018 | Copyright: (c) Matti Remonen | Keywords: Lux Helsinki 2018, Tapahtumat | \" src=\"http:\/\/www.remonen.fi\/WP\/wp-content\/uploads\/2018\/01\/lux_helsinki_2018-14.jpg\" alt=\"Lux Helsinki 2018\" width=\"880\" height=\"586\" srcset=\"https:\/\/www.remonen.fi\/WP\/wp-content\/uploads\/2018\/01\/lux_helsinki_2018-14.jpg 1280w, https:\/\/www.remonen.fi\/WP\/wp-content\/uploads\/2018\/01\/lux_helsinki_2018-14-300x200.jpg 300w, https:\/\/www.remonen.fi\/WP\/wp-content\/uploads\/2018\/01\/lux_helsinki_2018-14-680x453.jpg 680w, https:\/\/www.remonen.fi\/WP\/wp-content\/uploads\/2018\/01\/lux_helsinki_2018-14-768x512.jpg 768w, https:\/\/www.remonen.fi\/WP\/wp-content\/uploads\/2018\/01\/lux_helsinki_2018-14-1024x682.jpg 1024w, https:\/\/www.remonen.fi\/WP\/wp-content\/uploads\/2018\/01\/lux_helsinki_2018-14-440x293.jpg 440w, https:\/\/www.remonen.fi\/WP\/wp-content\/uploads\/2018\/01\/lux_helsinki_2018-14-960x640.jpg 960w\" sizes=\"(max-width: 880px) 100vw, 880px\" \/><\/a><\/p>\n<p>Pari tuntia tuolla sitten vier\u00e4hti, mutta k\u00e4teen ei nyt oikein j\u00e4\u00e4nyt valokuvia. Eli sellaista omintakeista materiaalia, mutta tulipahan k\u00e4yty\u00e4.<\/p>\n<p><a href=\"http:\/\/www.remonen.fi\/WP\/wp-content\/uploads\/2018\/01\/lux_helsinki_2018-12.jpg\"><img loading=\"lazy\" decoding=\"async\" class=\"aligncenter wp-image-8875\" title=\"Credit: Matti Remonen | Taken: 7 tammikuun, 2018 | Copyright: (c) Matti Remonen | Keywords: Lux Helsinki 2018, Tapahtumat | \" src=\"http:\/\/www.remonen.fi\/WP\/wp-content\/uploads\/2018\/01\/lux_helsinki_2018-12.jpg\" alt=\"Lux Helsinki 2018\" width=\"586\" height=\"880\" srcset=\"https:\/\/www.remonen.fi\/WP\/wp-content\/uploads\/2018\/01\/lux_helsinki_2018-12.jpg 853w, https:\/\/www.remonen.fi\/WP\/wp-content\/uploads\/2018\/01\/lux_helsinki_2018-12-200x300.jpg 200w, https:\/\/www.remonen.fi\/WP\/wp-content\/uploads\/2018\/01\/lux_helsinki_2018-12-453x680.jpg 453w, https:\/\/www.remonen.fi\/WP\/wp-content\/uploads\/2018\/01\/lux_helsinki_2018-12-768x1152.jpg 768w, https:\/\/www.remonen.fi\/WP\/wp-content\/uploads\/2018\/01\/lux_helsinki_2018-12-682x1024.jpg 682w, https:\/\/www.remonen.fi\/WP\/wp-content\/uploads\/2018\/01\/lux_helsinki_2018-12-440x660.jpg 440w, https:\/\/www.remonen.fi\/WP\/wp-content\/uploads\/2018\/01\/lux_helsinki_2018-12-300x450.jpg 300w\" sizes=\"(max-width: 586px) 100vw, 586px\" \/><\/a><\/p>\n<p><a href=\"http:\/\/www.remonen.fi\/WP\/wp-content\/uploads\/2018\/01\/lux_helsinki_2018-1.jpg\"><img loading=\"lazy\" decoding=\"async\" class=\"aligncenter wp-image-8864\" title=\"Credit: Matti Remonen | Taken: 7 tammikuun, 2018 | Copyright: (c) Matti Remonen | Keywords: Lux Helsinki 2018, Tapahtumat | \" src=\"http:\/\/www.remonen.fi\/WP\/wp-content\/uploads\/2018\/01\/lux_helsinki_2018-1.jpg\" alt=\"Lux Helsinki 2018\" width=\"880\" height=\"586\" srcset=\"https:\/\/www.remonen.fi\/WP\/wp-content\/uploads\/2018\/01\/lux_helsinki_2018-1.jpg 1280w, https:\/\/www.remonen.fi\/WP\/wp-content\/uploads\/2018\/01\/lux_helsinki_2018-1-300x200.jpg 300w, https:\/\/www.remonen.fi\/WP\/wp-content\/uploads\/2018\/01\/lux_helsinki_2018-1-680x453.jpg 680w, https:\/\/www.remonen.fi\/WP\/wp-content\/uploads\/2018\/01\/lux_helsinki_2018-1-768x512.jpg 768w, https:\/\/www.remonen.fi\/WP\/wp-content\/uploads\/2018\/01\/lux_helsinki_2018-1-1024x682.jpg 1024w, https:\/\/www.remonen.fi\/WP\/wp-content\/uploads\/2018\/01\/lux_helsinki_2018-1-440x293.jpg 440w, https:\/\/www.remonen.fi\/WP\/wp-content\/uploads\/2018\/01\/lux_helsinki_2018-1-960x640.jpg 960w\" sizes=\"(max-width: 880px) 100vw, 880px\" \/><\/a><\/p>\n<p>Valoja tutki Nikon D850 + Nikkor AF-S 24-70\/2.8G<\/p>\n","protected":false},"excerpt":{"rendered":"<p>Taas koitti se aika vuodesta, kun Helsingiss\u00e4 k\u00e4ynnistyiv\u00e4t nyt jo ties kuinka monennetta kertaa valofestivaalit, Lux Helsinki 2018. Joten isolle kirkolle oli suunnistettava viel\u00e4 kun s\u00e4\u00e4kin alkoi pikkuhiljaa muistuttamaan enemm\u00e4n tammi- kuin marraskuuta. T\u00e4n\u00e4 vuonna valofestari oli levitt\u00e4ytynyt Esplanadin etel\u00e4puolelle Kaartinkaupungin alueelle. Ilmeisesti nyt sitten joka vuosi pyrit\u00e4\u00e4n vaihtamaan maisemaa hieman. Aiemminhan t\u00e4m\u00e4 spektaakkeli oli [&hellip;]<\/p>\n","protected":false},"author":2,"featured_media":8863,"comment_status":"open","ping_status":"closed","sticky":false,"template":"","format":"standard","meta":{"footnotes":""},"categories":[16],"tags":[121],"yoast_head":"<!-- This site is optimized with the Yoast SEO plugin v24.5 - https:\/\/yoast.com\/wordpress\/plugins\/seo\/ -->\n<title>Luxusta pimeyteen &#187; remonen.fi<\/title>\n<meta name=\"description\" content=\"Lux Helsinki 2018. Isolla kirkolla vaimon kanssa valoja ihmettelem\u00e4ss\u00e4. Viel\u00e4 ehtii huomenna, mutta ei klaustrofobisille.\" \/>\n<meta name=\"robots\" content=\"index, follow, max-snippet:-1, max-image-preview:large, max-video-preview:-1\" \/>\n<link rel=\"canonical\" href=\"https:\/\/www.remonen.fi\/WP\/blogi\/luxusta-pimeyteen\/\" \/>\n<meta property=\"og:locale\" content=\"fi_FI\" \/>\n<meta property=\"og:type\" content=\"article\" \/>\n<meta property=\"og:title\" content=\"Luxusta pimeyteen &#187; remonen.fi\" \/>\n<meta property=\"og:description\" content=\"Lux Helsinki 2018. Isolla kirkolla vaimon kanssa valoja ihmettelem\u00e4ss\u00e4. Viel\u00e4 ehtii huomenna, mutta ei klaustrofobisille.\" \/>\n<meta property=\"og:url\" content=\"https:\/\/www.remonen.fi\/WP\/blogi\/luxusta-pimeyteen\/\" \/>\n<meta property=\"og:site_name\" content=\"remonen.fi\" \/>\n<meta property=\"article:published_time\" content=\"2018-01-09T16:48:59+00:00\" \/>\n<meta property=\"og:image\" content=\"https:\/\/www.remonen.fi\/WP\/wp-content\/uploads\/2018\/01\/lux_helsinki_2018-15.jpg\" \/>\n\t<meta property=\"og:image:width\" content=\"1280\" \/>\n\t<meta property=\"og:image:height\" content=\"853\" \/>\n\t<meta property=\"og:image:type\" content=\"image\/jpeg\" \/>\n<meta name=\"author\" content=\"Matti Remonen\" \/>\n<meta name=\"twitter:label1\" content=\"Kirjoittanut\" \/>\n\t<meta name=\"twitter:data1\" content=\"Matti Remonen\" \/>\n\t<meta name=\"twitter:label2\" content=\"Arvioitu lukuaika\" \/>\n\t<meta name=\"twitter:data2\" content=\"1 minuutti\" \/>\n<script type=\"application\/ld+json\" class=\"yoast-schema-graph\">{\"@context\":\"https:\/\/schema.org\",\"@graph\":[{\"@type\":\"Article\",\"@id\":\"https:\/\/www.remonen.fi\/WP\/blogi\/luxusta-pimeyteen\/#article\",\"isPartOf\":{\"@id\":\"https:\/\/www.remonen.fi\/WP\/blogi\/luxusta-pimeyteen\/\"},\"author\":{\"name\":\"Matti Remonen\",\"@id\":\"https:\/\/www.remonen.fi\/WP\/#\/schema\/person\/1803c23d1d4f6722054eb2ac7f7a97cd\"},\"headline\":\"Luxusta pimeyteen\",\"datePublished\":\"2018-01-09T16:48:59+00:00\",\"mainEntityOfPage\":{\"@id\":\"https:\/\/www.remonen.fi\/WP\/blogi\/luxusta-pimeyteen\/\"},\"wordCount\":225,\"commentCount\":0,\"publisher\":{\"@id\":\"https:\/\/www.remonen.fi\/WP\/#\/schema\/person\/1803c23d1d4f6722054eb2ac7f7a97cd\"},\"image\":{\"@id\":\"https:\/\/www.remonen.fi\/WP\/blogi\/luxusta-pimeyteen\/#primaryimage\"},\"thumbnailUrl\":\"https:\/\/www.remonen.fi\/WP\/wp-content\/uploads\/2018\/01\/lux_helsinki_2018-15.jpg\",\"keywords\":[\"LUX Helsinki\"],\"articleSection\":[\"Blog\"],\"inLanguage\":\"fi\",\"potentialAction\":[{\"@type\":\"CommentAction\",\"name\":\"Comment\",\"target\":[\"https:\/\/www.remonen.fi\/WP\/blogi\/luxusta-pimeyteen\/#respond\"]}]},{\"@type\":\"WebPage\",\"@id\":\"https:\/\/www.remonen.fi\/WP\/blogi\/luxusta-pimeyteen\/\",\"url\":\"https:\/\/www.remonen.fi\/WP\/blogi\/luxusta-pimeyteen\/\",\"name\":\"Luxusta pimeyteen &#187; remonen.fi\",\"isPartOf\":{\"@id\":\"https:\/\/www.remonen.fi\/WP\/#website\"},\"primaryImageOfPage\":{\"@id\":\"https:\/\/www.remonen.fi\/WP\/blogi\/luxusta-pimeyteen\/#primaryimage\"},\"image\":{\"@id\":\"https:\/\/www.remonen.fi\/WP\/blogi\/luxusta-pimeyteen\/#primaryimage\"},\"thumbnailUrl\":\"https:\/\/www.remonen.fi\/WP\/wp-content\/uploads\/2018\/01\/lux_helsinki_2018-15.jpg\",\"datePublished\":\"2018-01-09T16:48:59+00:00\",\"description\":\"Lux Helsinki 2018. Isolla kirkolla vaimon kanssa valoja ihmettelem\u00e4ss\u00e4. Viel\u00e4 ehtii huomenna, mutta ei klaustrofobisille.\",\"breadcrumb\":{\"@id\":\"https:\/\/www.remonen.fi\/WP\/blogi\/luxusta-pimeyteen\/#breadcrumb\"},\"inLanguage\":\"fi\",\"potentialAction\":[{\"@type\":\"ReadAction\",\"target\":[\"https:\/\/www.remonen.fi\/WP\/blogi\/luxusta-pimeyteen\/\"]}]},{\"@type\":\"ImageObject\",\"inLanguage\":\"fi\",\"@id\":\"https:\/\/www.remonen.fi\/WP\/blogi\/luxusta-pimeyteen\/#primaryimage\",\"url\":\"https:\/\/www.remonen.fi\/WP\/wp-content\/uploads\/2018\/01\/lux_helsinki_2018-15.jpg\",\"contentUrl\":\"https:\/\/www.remonen.fi\/WP\/wp-content\/uploads\/2018\/01\/lux_helsinki_2018-15.jpg\",\"width\":1280,\"height\":853},{\"@type\":\"BreadcrumbList\",\"@id\":\"https:\/\/www.remonen.fi\/WP\/blogi\/luxusta-pimeyteen\/#breadcrumb\",\"itemListElement\":[{\"@type\":\"ListItem\",\"position\":1,\"name\":\"Etusivu\",\"item\":\"https:\/\/www.remonen.fi\/WP\/\"},{\"@type\":\"ListItem\",\"position\":2,\"name\":\"Luxusta pimeyteen\"}]},{\"@type\":\"WebSite\",\"@id\":\"https:\/\/www.remonen.fi\/WP\/#website\",\"url\":\"https:\/\/www.remonen.fi\/WP\/\",\"name\":\"remonen.fi\",\"description\":\"Valokuvia ja tarinaa laidasta laitaan\",\"publisher\":{\"@id\":\"https:\/\/www.remonen.fi\/WP\/#\/schema\/person\/1803c23d1d4f6722054eb2ac7f7a97cd\"},\"potentialAction\":[{\"@type\":\"SearchAction\",\"target\":{\"@type\":\"EntryPoint\",\"urlTemplate\":\"https:\/\/www.remonen.fi\/WP\/?s={search_term_string}\"},\"query-input\":{\"@type\":\"PropertyValueSpecification\",\"valueRequired\":true,\"valueName\":\"search_term_string\"}}],\"inLanguage\":\"fi\"},{\"@type\":[\"Person\",\"Organization\"],\"@id\":\"https:\/\/www.remonen.fi\/WP\/#\/schema\/person\/1803c23d1d4f6722054eb2ac7f7a97cd\",\"name\":\"Matti Remonen\",\"logo\":{\"@id\":\"https:\/\/www.remonen.fi\/WP\/#\/schema\/person\/image\/\"},\"url\":\"https:\/\/www.remonen.fi\/WP\/blogi\/author\/mre\/\"}]}<\/script>\n<!-- \/ Yoast SEO plugin. -->","yoast_head_json":{"title":"Luxusta pimeyteen &#187; remonen.fi","description":"Lux Helsinki 2018. Isolla kirkolla vaimon kanssa valoja ihmettelem\u00e4ss\u00e4. Viel\u00e4 ehtii huomenna, mutta ei klaustrofobisille.","robots":{"index":"index","follow":"follow","max-snippet":"max-snippet:-1","max-image-preview":"max-image-preview:large","max-video-preview":"max-video-preview:-1"},"canonical":"https:\/\/www.remonen.fi\/WP\/blogi\/luxusta-pimeyteen\/","og_locale":"fi_FI","og_type":"article","og_title":"Luxusta pimeyteen &#187; remonen.fi","og_description":"Lux Helsinki 2018. Isolla kirkolla vaimon kanssa valoja ihmettelem\u00e4ss\u00e4. Viel\u00e4 ehtii huomenna, mutta ei klaustrofobisille.","og_url":"https:\/\/www.remonen.fi\/WP\/blogi\/luxusta-pimeyteen\/","og_site_name":"remonen.fi","article_published_time":"2018-01-09T16:48:59+00:00","og_image":[{"width":1280,"height":853,"url":"https:\/\/www.remonen.fi\/WP\/wp-content\/uploads\/2018\/01\/lux_helsinki_2018-15.jpg","type":"image\/jpeg"}],"author":"Matti Remonen","twitter_misc":{"Kirjoittanut":"Matti Remonen","Arvioitu lukuaika":"1 minuutti"},"schema":{"@context":"https:\/\/schema.org","@graph":[{"@type":"Article","@id":"https:\/\/www.remonen.fi\/WP\/blogi\/luxusta-pimeyteen\/#article","isPartOf":{"@id":"https:\/\/www.remonen.fi\/WP\/blogi\/luxusta-pimeyteen\/"},"author":{"name":"Matti Remonen","@id":"https:\/\/www.remonen.fi\/WP\/#\/schema\/person\/1803c23d1d4f6722054eb2ac7f7a97cd"},"headline":"Luxusta pimeyteen","datePublished":"2018-01-09T16:48:59+00:00","mainEntityOfPage":{"@id":"https:\/\/www.remonen.fi\/WP\/blogi\/luxusta-pimeyteen\/"},"wordCount":225,"commentCount":0,"publisher":{"@id":"https:\/\/www.remonen.fi\/WP\/#\/schema\/person\/1803c23d1d4f6722054eb2ac7f7a97cd"},"image":{"@id":"https:\/\/www.remonen.fi\/WP\/blogi\/luxusta-pimeyteen\/#primaryimage"},"thumbnailUrl":"https:\/\/www.remonen.fi\/WP\/wp-content\/uploads\/2018\/01\/lux_helsinki_2018-15.jpg","keywords":["LUX Helsinki"],"articleSection":["Blog"],"inLanguage":"fi","potentialAction":[{"@type":"CommentAction","name":"Comment","target":["https:\/\/www.remonen.fi\/WP\/blogi\/luxusta-pimeyteen\/#respond"]}]},{"@type":"WebPage","@id":"https:\/\/www.remonen.fi\/WP\/blogi\/luxusta-pimeyteen\/","url":"https:\/\/www.remonen.fi\/WP\/blogi\/luxusta-pimeyteen\/","name":"Luxusta pimeyteen &#187; remonen.fi","isPartOf":{"@id":"https:\/\/www.remonen.fi\/WP\/#website"},"primaryImageOfPage":{"@id":"https:\/\/www.remonen.fi\/WP\/blogi\/luxusta-pimeyteen\/#primaryimage"},"image":{"@id":"https:\/\/www.remonen.fi\/WP\/blogi\/luxusta-pimeyteen\/#primaryimage"},"thumbnailUrl":"https:\/\/www.remonen.fi\/WP\/wp-content\/uploads\/2018\/01\/lux_helsinki_2018-15.jpg","datePublished":"2018-01-09T16:48:59+00:00","description":"Lux Helsinki 2018. Isolla kirkolla vaimon kanssa valoja ihmettelem\u00e4ss\u00e4. Viel\u00e4 ehtii huomenna, mutta ei klaustrofobisille.","breadcrumb":{"@id":"https:\/\/www.remonen.fi\/WP\/blogi\/luxusta-pimeyteen\/#breadcrumb"},"inLanguage":"fi","potentialAction":[{"@type":"ReadAction","target":["https:\/\/www.remonen.fi\/WP\/blogi\/luxusta-pimeyteen\/"]}]},{"@type":"ImageObject","inLanguage":"fi","@id":"https:\/\/www.remonen.fi\/WP\/blogi\/luxusta-pimeyteen\/#primaryimage","url":"https:\/\/www.remonen.fi\/WP\/wp-content\/uploads\/2018\/01\/lux_helsinki_2018-15.jpg","contentUrl":"https:\/\/www.remonen.fi\/WP\/wp-content\/uploads\/2018\/01\/lux_helsinki_2018-15.jpg","width":1280,"height":853},{"@type":"BreadcrumbList","@id":"https:\/\/www.remonen.fi\/WP\/blogi\/luxusta-pimeyteen\/#breadcrumb","itemListElement":[{"@type":"ListItem","position":1,"name":"Etusivu","item":"https:\/\/www.remonen.fi\/WP\/"},{"@type":"ListItem","position":2,"name":"Luxusta pimeyteen"}]},{"@type":"WebSite","@id":"https:\/\/www.remonen.fi\/WP\/#website","url":"https:\/\/www.remonen.fi\/WP\/","name":"remonen.fi","description":"Valokuvia ja tarinaa laidasta laitaan","publisher":{"@id":"https:\/\/www.remonen.fi\/WP\/#\/schema\/person\/1803c23d1d4f6722054eb2ac7f7a97cd"},"potentialAction":[{"@type":"SearchAction","target":{"@type":"EntryPoint","urlTemplate":"https:\/\/www.remonen.fi\/WP\/?s={search_term_string}"},"query-input":{"@type":"PropertyValueSpecification","valueRequired":true,"valueName":"search_term_string"}}],"inLanguage":"fi"},{"@type":["Person","Organization"],"@id":"https:\/\/www.remonen.fi\/WP\/#\/schema\/person\/1803c23d1d4f6722054eb2ac7f7a97cd","name":"Matti Remonen","logo":{"@id":"https:\/\/www.remonen.fi\/WP\/#\/schema\/person\/image\/"},"url":"https:\/\/www.remonen.fi\/WP\/blogi\/author\/mre\/"}]}},"_links":{"self":[{"href":"https:\/\/www.remonen.fi\/WP\/wp-json\/wp\/v2\/posts\/8862"}],"collection":[{"href":"https:\/\/www.remonen.fi\/WP\/wp-json\/wp\/v2\/posts"}],"about":[{"href":"https:\/\/www.remonen.fi\/WP\/wp-json\/wp\/v2\/types\/post"}],"author":[{"embeddable":true,"href":"https:\/\/www.remonen.fi\/WP\/wp-json\/wp\/v2\/users\/2"}],"replies":[{"embeddable":true,"href":"https:\/\/www.remonen.fi\/WP\/wp-json\/wp\/v2\/comments?post=8862"}],"version-history":[{"count":3,"href":"https:\/\/www.remonen.fi\/WP\/wp-json\/wp\/v2\/posts\/8862\/revisions"}],"predecessor-version":[{"id":8880,"href":"https:\/\/www.remonen.fi\/WP\/wp-json\/wp\/v2\/posts\/8862\/revisions\/8880"}],"wp:featuredmedia":[{"embeddable":true,"href":"https:\/\/www.remonen.fi\/WP\/wp-json\/wp\/v2\/media\/8863"}],"wp:attachment":[{"href":"https:\/\/www.remonen.fi\/WP\/wp-json\/wp\/v2\/media?parent=8862"}],"wp:term":[{"taxonomy":"category","embeddable":true,"href":"https:\/\/www.remonen.fi\/WP\/wp-json\/wp\/v2\/categories?post=8862"},{"taxonomy":"post_tag","embeddable":true,"href":"https:\/\/www.remonen.fi\/WP\/wp-json\/wp\/v2\/tags?post=8862"}],"curies":[{"name":"wp","href":"https:\/\/api.w.org\/{rel}","templated":true}]}}