{"id":8881,"date":"2018-01-13T19:43:00","date_gmt":"2018-01-13T17:43:00","guid":{"rendered":"http:\/\/www.remonen.fi\/?p=8881"},"modified":"2018-01-13T19:43:00","modified_gmt":"2018-01-13T17:43:00","slug":"bremer-vanhempi","status":"publish","type":"post","link":"https:\/\/www.remonen.fi\/WP\/blogi\/bremer-vanhempi\/","title":{"rendered":"Bremer vanhempi"},"content":{"rendered":"<p>Sipoon Gumbostrandissa on ollut jo jonkin aikaa <a href=\"https:\/\/fi.wikipedia.org\/wiki\/Caj_Bremer\" target=\"_blank\" rel=\"noopener\">Caj Bremerin<\/a> n\u00e4yttely &#8221;noin 100 kuvaa Suomesta&#8221; ja vaikka Sipoo alkaa tuosta meid\u00e4n takapihalta, en ole sinne itse\u00e4ni saanut kuljetettua. Nyt kuitenkin, kun n\u00e4yttely l\u00e4henee loppuaan, oli sinne pakko menn\u00e4.<\/p>\n<p><a href=\"http:\/\/www.remonen.fi\/WP\/wp-content\/uploads\/2018\/01\/caj_bremer_2018-6.jpg\"><img loading=\"lazy\" decoding=\"async\" class=\"aligncenter wp-image-8882\" title=\"Taken: 13 tammikuun, 2018 | Copyright: (c) Matti Remonen | \" src=\"http:\/\/www.remonen.fi\/WP\/wp-content\/uploads\/2018\/01\/caj_bremer_2018-6.jpg\" alt=\"Caj Bremer\" width=\"880\" height=\"586\" srcset=\"https:\/\/www.remonen.fi\/WP\/wp-content\/uploads\/2018\/01\/caj_bremer_2018-6.jpg 1280w, https:\/\/www.remonen.fi\/WP\/wp-content\/uploads\/2018\/01\/caj_bremer_2018-6-300x200.jpg 300w, https:\/\/www.remonen.fi\/WP\/wp-content\/uploads\/2018\/01\/caj_bremer_2018-6-680x453.jpg 680w, https:\/\/www.remonen.fi\/WP\/wp-content\/uploads\/2018\/01\/caj_bremer_2018-6-768x512.jpg 768w, https:\/\/www.remonen.fi\/WP\/wp-content\/uploads\/2018\/01\/caj_bremer_2018-6-1024x682.jpg 1024w, https:\/\/www.remonen.fi\/WP\/wp-content\/uploads\/2018\/01\/caj_bremer_2018-6-440x293.jpg 440w, https:\/\/www.remonen.fi\/WP\/wp-content\/uploads\/2018\/01\/caj_bremer_2018-6-960x640.jpg 960w\" sizes=\"(max-width: 880px) 100vw, 880px\" \/><\/a><\/p>\n<p><a href=\"https:\/\/konstoform.fi\/\" target=\"_blank\" rel=\"noopener\">Gumbostrand Konst &amp; Form<\/a> on vieh\u00e4tt\u00e4v\u00e4 taide- ja tapahtumakeskus meren rannalla, sinne kannattaa menn\u00e4 vaikkapa sunnuntaisin brunssille. T\u00e4ll\u00e4 kertaa tosiaan syyn\u00e4 oli Caj Bremerin ikoniset valokuvat ja mik\u00e4 parasta, akateemikko itse oli paikalla kertomassa kuvistaan.<\/p>\n<p><a href=\"http:\/\/www.remonen.fi\/WP\/wp-content\/uploads\/2018\/01\/caj_bremer_2018-4.jpg\"><img loading=\"lazy\" decoding=\"async\" class=\"aligncenter wp-image-8886\" title=\"Taken: 13 tammikuun, 2018 | Copyright: (c) Matti Remonen | \" src=\"http:\/\/www.remonen.fi\/WP\/wp-content\/uploads\/2018\/01\/caj_bremer_2018-4.jpg\" alt=\"Caj Bremer\" width=\"586\" height=\"880\" srcset=\"https:\/\/www.remonen.fi\/WP\/wp-content\/uploads\/2018\/01\/caj_bremer_2018-4.jpg 853w, https:\/\/www.remonen.fi\/WP\/wp-content\/uploads\/2018\/01\/caj_bremer_2018-4-200x300.jpg 200w, https:\/\/www.remonen.fi\/WP\/wp-content\/uploads\/2018\/01\/caj_bremer_2018-4-453x680.jpg 453w, https:\/\/www.remonen.fi\/WP\/wp-content\/uploads\/2018\/01\/caj_bremer_2018-4-768x1152.jpg 768w, https:\/\/www.remonen.fi\/WP\/wp-content\/uploads\/2018\/01\/caj_bremer_2018-4-682x1024.jpg 682w, https:\/\/www.remonen.fi\/WP\/wp-content\/uploads\/2018\/01\/caj_bremer_2018-4-440x660.jpg 440w, https:\/\/www.remonen.fi\/WP\/wp-content\/uploads\/2018\/01\/caj_bremer_2018-4-300x450.jpg 300w\" sizes=\"(max-width: 586px) 100vw, 586px\" \/><\/a><\/p>\n<p>Aikanaan uraansa aloitellessaan Caj Bremer on ymm\u00e4rt\u00e4nyt vaatia valokuviensa oikeudet itselleen, t\u00e4n\u00e4 p\u00e4iv\u00e4n\u00e4h\u00e4n moinen ei onnistuisi. No, joka tapauksessa t\u00e4st\u00e4 johtuen h\u00e4nell\u00e4 on kotonaan 10 000 vedoksen kokoelma, josta n\u00e4yttely on koottu. Kuvien osalta on jouduttu tekem\u00e4\u00e4n melkoista karsintaa, kun ajatellaan ett\u00e4 vain 1% valmiista vedoksista on nyt sein\u00e4ll\u00e4. Ja kaikki kuvat ovat Bremerin itsens\u00e4 aikanaan vedostamia. H\u00e4n kertoi olevansa perfektionisti ja aikanaan vedokset on tehty huolella. No se kyll\u00e4 n\u00e4kyi lopputuloksessa.<\/p>\n<p><a href=\"http:\/\/www.remonen.fi\/WP\/wp-content\/uploads\/2018\/01\/caj_bremer_2018-3.jpg\"><img loading=\"lazy\" decoding=\"async\" class=\"aligncenter wp-image-8885\" title=\"Taken: 13 tammikuun, 2018 | Copyright: (c) Matti Remonen | \" src=\"http:\/\/www.remonen.fi\/WP\/wp-content\/uploads\/2018\/01\/caj_bremer_2018-3.jpg\" alt=\"\" width=\"880\" height=\"586\" srcset=\"https:\/\/www.remonen.fi\/WP\/wp-content\/uploads\/2018\/01\/caj_bremer_2018-3.jpg 1280w, https:\/\/www.remonen.fi\/WP\/wp-content\/uploads\/2018\/01\/caj_bremer_2018-3-300x200.jpg 300w, https:\/\/www.remonen.fi\/WP\/wp-content\/uploads\/2018\/01\/caj_bremer_2018-3-680x453.jpg 680w, https:\/\/www.remonen.fi\/WP\/wp-content\/uploads\/2018\/01\/caj_bremer_2018-3-768x512.jpg 768w, https:\/\/www.remonen.fi\/WP\/wp-content\/uploads\/2018\/01\/caj_bremer_2018-3-1024x682.jpg 1024w, https:\/\/www.remonen.fi\/WP\/wp-content\/uploads\/2018\/01\/caj_bremer_2018-3-440x293.jpg 440w, https:\/\/www.remonen.fi\/WP\/wp-content\/uploads\/2018\/01\/caj_bremer_2018-3-960x640.jpg 960w\" sizes=\"(max-width: 880px) 100vw, 880px\" \/><\/a><\/p>\n<p>Sen mit\u00e4 me tuolla vietimme parisen tuntia, Bremer kierteli koko ajan katsojien joukossa ja kertoili anekdootteja kuvistaan. Yksi ehk\u00e4 tunnetuimmista kuvista on osa &#8221;Savupirtti&#8221;-sarjaa, se jossa pikku tytt\u00f6 istuu ilman housuja p\u00f6yd\u00e4n \u00e4\u00e4ress\u00e4. Caj kertoi, ett\u00e4 kun he aikanaan meniv\u00e4t kuvaamaan sarjaa, niin h\u00e4nelle oli j\u00e4rkytys kuinka k\u00f6yhiss\u00e4 oloissa ihmiset viel\u00e4 silloin saattoivat asua.<\/p>\n<p><a href=\"http:\/\/www.remonen.fi\/WP\/wp-content\/uploads\/2018\/01\/caj_bremer_2018-5.jpg\"><img loading=\"lazy\" decoding=\"async\" class=\"aligncenter wp-image-8887\" title=\"Taken: 13 tammikuun, 2018 | Copyright: (c) Matti Remonen | \" src=\"http:\/\/www.remonen.fi\/WP\/wp-content\/uploads\/2018\/01\/caj_bremer_2018-5.jpg\" alt=\"Caj Bremer\" width=\"586\" height=\"880\" srcset=\"https:\/\/www.remonen.fi\/WP\/wp-content\/uploads\/2018\/01\/caj_bremer_2018-5.jpg 853w, https:\/\/www.remonen.fi\/WP\/wp-content\/uploads\/2018\/01\/caj_bremer_2018-5-200x300.jpg 200w, https:\/\/www.remonen.fi\/WP\/wp-content\/uploads\/2018\/01\/caj_bremer_2018-5-453x680.jpg 453w, https:\/\/www.remonen.fi\/WP\/wp-content\/uploads\/2018\/01\/caj_bremer_2018-5-768x1152.jpg 768w, https:\/\/www.remonen.fi\/WP\/wp-content\/uploads\/2018\/01\/caj_bremer_2018-5-682x1024.jpg 682w, https:\/\/www.remonen.fi\/WP\/wp-content\/uploads\/2018\/01\/caj_bremer_2018-5-440x660.jpg 440w, https:\/\/www.remonen.fi\/WP\/wp-content\/uploads\/2018\/01\/caj_bremer_2018-5-300x450.jpg 300w\" sizes=\"(max-width: 586px) 100vw, 586px\" \/><\/a><\/p>\n<p>Eik\u00e4 h\u00e4n ollut my\u00f6sk\u00e4\u00e4n varautunut siihen, ett\u00e4 pirtiss\u00e4 olisi lapsia, joten heill\u00e4 ei ollut mit\u00e4\u00e4n tuliaisia viet\u00e4v\u00e4ksi. Caj oli sitten kaivanut jostain omista varastoistaan paperiarkin ja kyn\u00e4n tyt\u00f6lle. Ja t\u00e4ss\u00e4 kuuluisassa kuvassa tytt\u00f6 on p\u00f6yd\u00e4n \u00e4\u00e4ress\u00e4 piirt\u00e4m\u00e4ss\u00e4.<\/p>\n<p><a href=\"http:\/\/www.remonen.fi\/WP\/wp-content\/uploads\/2018\/01\/caj_bremer_2018-2.jpg\"><img loading=\"lazy\" decoding=\"async\" class=\"aligncenter wp-image-8884\" title=\"Taken: 13 tammikuun, 2018 | Copyright: (c) Matti Remonen | \" src=\"http:\/\/www.remonen.fi\/WP\/wp-content\/uploads\/2018\/01\/caj_bremer_2018-2.jpg\" alt=\"Caj Bremer\" width=\"880\" height=\"586\" srcset=\"https:\/\/www.remonen.fi\/WP\/wp-content\/uploads\/2018\/01\/caj_bremer_2018-2.jpg 1280w, https:\/\/www.remonen.fi\/WP\/wp-content\/uploads\/2018\/01\/caj_bremer_2018-2-300x200.jpg 300w, https:\/\/www.remonen.fi\/WP\/wp-content\/uploads\/2018\/01\/caj_bremer_2018-2-680x453.jpg 680w, https:\/\/www.remonen.fi\/WP\/wp-content\/uploads\/2018\/01\/caj_bremer_2018-2-768x512.jpg 768w, https:\/\/www.remonen.fi\/WP\/wp-content\/uploads\/2018\/01\/caj_bremer_2018-2-1024x682.jpg 1024w, https:\/\/www.remonen.fi\/WP\/wp-content\/uploads\/2018\/01\/caj_bremer_2018-2-440x293.jpg 440w, https:\/\/www.remonen.fi\/WP\/wp-content\/uploads\/2018\/01\/caj_bremer_2018-2-960x640.jpg 960w\" sizes=\"(max-width: 880px) 100vw, 880px\" \/><\/a><\/p>\n<p>Caj vaikutti varsin tyytyv\u00e4iselt\u00e4 n\u00e4yttelyyn ja sen kuratointiin. Ilmeisesti kaikki rakkaimmat kuvat oli saatu n\u00e4ytille. My\u00f6s se Kekkonen Napoleonin kotitalossa&#8230; joka on varsinainen nappiotos. Itse asiassa sen kuvan tekninen laatu ei v\u00e4ltt\u00e4m\u00e4tt\u00e4 ole muiden kuvien tasolla, n\u00e4kee ett\u00e4 se on napattu lennosta.<\/p>\n<p><div id=\"attachment_8883\" style=\"width: 596px\" class=\"wp-caption aligncenter\"><a href=\"http:\/\/www.remonen.fi\/WP\/wp-content\/uploads\/2018\/01\/caj_bremer_2018-1.jpg\"><img loading=\"lazy\" decoding=\"async\" aria-describedby=\"caption-attachment-8883\" class=\"wp-image-8883\" title=\"Taken: 13 tammikuun, 2018 | Copyright: (c) Matti Remonen | \" src=\"http:\/\/www.remonen.fi\/WP\/wp-content\/uploads\/2018\/01\/caj_bremer_2018-1.jpg\" alt=\"Caj Bremer\" width=\"586\" height=\"880\" srcset=\"https:\/\/www.remonen.fi\/WP\/wp-content\/uploads\/2018\/01\/caj_bremer_2018-1.jpg 853w, https:\/\/www.remonen.fi\/WP\/wp-content\/uploads\/2018\/01\/caj_bremer_2018-1-200x300.jpg 200w, https:\/\/www.remonen.fi\/WP\/wp-content\/uploads\/2018\/01\/caj_bremer_2018-1-453x680.jpg 453w, https:\/\/www.remonen.fi\/WP\/wp-content\/uploads\/2018\/01\/caj_bremer_2018-1-768x1152.jpg 768w, https:\/\/www.remonen.fi\/WP\/wp-content\/uploads\/2018\/01\/caj_bremer_2018-1-682x1024.jpg 682w, https:\/\/www.remonen.fi\/WP\/wp-content\/uploads\/2018\/01\/caj_bremer_2018-1-440x660.jpg 440w, https:\/\/www.remonen.fi\/WP\/wp-content\/uploads\/2018\/01\/caj_bremer_2018-1-300x450.jpg 300w\" sizes=\"(max-width: 586px) 100vw, 586px\" \/><\/a><p id=\"caption-attachment-8883\" class=\"wp-caption-text\">Maestron jakkara<\/p><\/div>Sen verran p\u00e4\u00e4sin akateemikon kanssa vaihtamaan ajatuksia, ett\u00e4 h\u00e4n kuvaa nyky\u00e4\u00e4n digille, mutta p\u00e4\u00e4asiassa luontoa. Haave olisi saada kameraksi Leica, mutta harmitteli niiden kovaa hintaa. Luulisi Suomen maahantuojalta yksi kamera liikenev\u00e4n&#8230;<\/p>\n<p>Ikoneja dokumentoi Sony a6000 + SEL24f18<\/p>\n","protected":false},"excerpt":{"rendered":"<p>Sipoon Gumbostrandissa on ollut jo jonkin aikaa Caj Bremerin n\u00e4yttely &#8221;noin 100 kuvaa Suomesta&#8221; ja vaikka Sipoo alkaa tuosta meid\u00e4n takapihalta, en ole sinne itse\u00e4ni saanut kuljetettua. Nyt kuitenkin, kun n\u00e4yttely l\u00e4henee loppuaan, oli sinne pakko menn\u00e4. Gumbostrand Konst &amp; Form on vieh\u00e4tt\u00e4v\u00e4 taide- ja tapahtumakeskus meren rannalla, sinne kannattaa menn\u00e4 vaikkapa sunnuntaisin brunssille. T\u00e4ll\u00e4 [&hellip;]<\/p>\n","protected":false},"author":2,"featured_media":8882,"comment_status":"open","ping_status":"closed","sticky":false,"template":"","format":"standard","meta":{"footnotes":""},"categories":[16],"tags":[334,335],"yoast_head":"<!-- This site is optimized with the Yoast SEO plugin v24.5 - https:\/\/yoast.com\/wordpress\/plugins\/seo\/ -->\n<title>Bremer vanhempi &#187; remonen.fi<\/title>\n<meta name=\"description\" content=\"Sipoon Gumbostrandissa Caj Bremer: noin 100 kuvaa Suomesta - n\u00e4yttely\u00e4 katsomassa ja akateemikkoa jututtamassa.\" \/>\n<meta name=\"robots\" content=\"index, follow, max-snippet:-1, max-image-preview:large, max-video-preview:-1\" \/>\n<link rel=\"canonical\" href=\"https:\/\/www.remonen.fi\/WP\/blogi\/bremer-vanhempi\/\" \/>\n<meta property=\"og:locale\" content=\"fi_FI\" \/>\n<meta property=\"og:type\" content=\"article\" \/>\n<meta property=\"og:title\" content=\"Bremer vanhempi &#187; remonen.fi\" \/>\n<meta property=\"og:description\" content=\"Sipoon Gumbostrandissa Caj Bremer: noin 100 kuvaa Suomesta - n\u00e4yttely\u00e4 katsomassa ja akateemikkoa jututtamassa.\" \/>\n<meta property=\"og:url\" content=\"https:\/\/www.remonen.fi\/WP\/blogi\/bremer-vanhempi\/\" \/>\n<meta property=\"og:site_name\" content=\"remonen.fi\" \/>\n<meta property=\"article:published_time\" content=\"2018-01-13T17:43:00+00:00\" \/>\n<meta property=\"og:image\" content=\"https:\/\/www.remonen.fi\/WP\/wp-content\/uploads\/2018\/01\/caj_bremer_2018-6.jpg\" \/>\n\t<meta property=\"og:image:width\" content=\"1280\" \/>\n\t<meta property=\"og:image:height\" content=\"853\" \/>\n\t<meta property=\"og:image:type\" content=\"image\/jpeg\" \/>\n<meta name=\"author\" content=\"Matti Remonen\" \/>\n<meta name=\"twitter:label1\" content=\"Kirjoittanut\" \/>\n\t<meta name=\"twitter:data1\" content=\"Matti Remonen\" \/>\n\t<meta name=\"twitter:label2\" content=\"Arvioitu lukuaika\" \/>\n\t<meta name=\"twitter:data2\" content=\"2 minuuttia\" \/>\n<script type=\"application\/ld+json\" class=\"yoast-schema-graph\">{\"@context\":\"https:\/\/schema.org\",\"@graph\":[{\"@type\":\"Article\",\"@id\":\"https:\/\/www.remonen.fi\/WP\/blogi\/bremer-vanhempi\/#article\",\"isPartOf\":{\"@id\":\"https:\/\/www.remonen.fi\/WP\/blogi\/bremer-vanhempi\/\"},\"author\":{\"name\":\"Matti Remonen\",\"@id\":\"https:\/\/www.remonen.fi\/WP\/#\/schema\/person\/1803c23d1d4f6722054eb2ac7f7a97cd\"},\"headline\":\"Bremer vanhempi\",\"datePublished\":\"2018-01-13T17:43:00+00:00\",\"mainEntityOfPage\":{\"@id\":\"https:\/\/www.remonen.fi\/WP\/blogi\/bremer-vanhempi\/\"},\"wordCount\":376,\"commentCount\":0,\"publisher\":{\"@id\":\"https:\/\/www.remonen.fi\/WP\/#\/schema\/person\/1803c23d1d4f6722054eb2ac7f7a97cd\"},\"image\":{\"@id\":\"https:\/\/www.remonen.fi\/WP\/blogi\/bremer-vanhempi\/#primaryimage\"},\"thumbnailUrl\":\"https:\/\/www.remonen.fi\/WP\/wp-content\/uploads\/2018\/01\/caj_bremer_2018-6.jpg\",\"keywords\":[\"Caj Bremer\",\"Gumbostrand\"],\"articleSection\":[\"Blog\"],\"inLanguage\":\"fi\",\"potentialAction\":[{\"@type\":\"CommentAction\",\"name\":\"Comment\",\"target\":[\"https:\/\/www.remonen.fi\/WP\/blogi\/bremer-vanhempi\/#respond\"]}]},{\"@type\":\"WebPage\",\"@id\":\"https:\/\/www.remonen.fi\/WP\/blogi\/bremer-vanhempi\/\",\"url\":\"https:\/\/www.remonen.fi\/WP\/blogi\/bremer-vanhempi\/\",\"name\":\"Bremer vanhempi &#187; remonen.fi\",\"isPartOf\":{\"@id\":\"https:\/\/www.remonen.fi\/WP\/#website\"},\"primaryImageOfPage\":{\"@id\":\"https:\/\/www.remonen.fi\/WP\/blogi\/bremer-vanhempi\/#primaryimage\"},\"image\":{\"@id\":\"https:\/\/www.remonen.fi\/WP\/blogi\/bremer-vanhempi\/#primaryimage\"},\"thumbnailUrl\":\"https:\/\/www.remonen.fi\/WP\/wp-content\/uploads\/2018\/01\/caj_bremer_2018-6.jpg\",\"datePublished\":\"2018-01-13T17:43:00+00:00\",\"description\":\"Sipoon Gumbostrandissa Caj Bremer: noin 100 kuvaa Suomesta - n\u00e4yttely\u00e4 katsomassa ja akateemikkoa jututtamassa.\",\"breadcrumb\":{\"@id\":\"https:\/\/www.remonen.fi\/WP\/blogi\/bremer-vanhempi\/#breadcrumb\"},\"inLanguage\":\"fi\",\"potentialAction\":[{\"@type\":\"ReadAction\",\"target\":[\"https:\/\/www.remonen.fi\/WP\/blogi\/bremer-vanhempi\/\"]}]},{\"@type\":\"ImageObject\",\"inLanguage\":\"fi\",\"@id\":\"https:\/\/www.remonen.fi\/WP\/blogi\/bremer-vanhempi\/#primaryimage\",\"url\":\"https:\/\/www.remonen.fi\/WP\/wp-content\/uploads\/2018\/01\/caj_bremer_2018-6.jpg\",\"contentUrl\":\"https:\/\/www.remonen.fi\/WP\/wp-content\/uploads\/2018\/01\/caj_bremer_2018-6.jpg\",\"width\":1280,\"height\":853,\"caption\":\"[exif id=\\\"8882\\\"]\"},{\"@type\":\"BreadcrumbList\",\"@id\":\"https:\/\/www.remonen.fi\/WP\/blogi\/bremer-vanhempi\/#breadcrumb\",\"itemListElement\":[{\"@type\":\"ListItem\",\"position\":1,\"name\":\"Etusivu\",\"item\":\"https:\/\/www.remonen.fi\/WP\/\"},{\"@type\":\"ListItem\",\"position\":2,\"name\":\"Bremer vanhempi\"}]},{\"@type\":\"WebSite\",\"@id\":\"https:\/\/www.remonen.fi\/WP\/#website\",\"url\":\"https:\/\/www.remonen.fi\/WP\/\",\"name\":\"remonen.fi\",\"description\":\"Valokuvia ja tarinaa laidasta laitaan\",\"publisher\":{\"@id\":\"https:\/\/www.remonen.fi\/WP\/#\/schema\/person\/1803c23d1d4f6722054eb2ac7f7a97cd\"},\"potentialAction\":[{\"@type\":\"SearchAction\",\"target\":{\"@type\":\"EntryPoint\",\"urlTemplate\":\"https:\/\/www.remonen.fi\/WP\/?s={search_term_string}\"},\"query-input\":{\"@type\":\"PropertyValueSpecification\",\"valueRequired\":true,\"valueName\":\"search_term_string\"}}],\"inLanguage\":\"fi\"},{\"@type\":[\"Person\",\"Organization\"],\"@id\":\"https:\/\/www.remonen.fi\/WP\/#\/schema\/person\/1803c23d1d4f6722054eb2ac7f7a97cd\",\"name\":\"Matti Remonen\",\"logo\":{\"@id\":\"https:\/\/www.remonen.fi\/WP\/#\/schema\/person\/image\/\"},\"url\":\"https:\/\/www.remonen.fi\/WP\/blogi\/author\/mre\/\"}]}<\/script>\n<!-- \/ Yoast SEO plugin. -->","yoast_head_json":{"title":"Bremer vanhempi &#187; remonen.fi","description":"Sipoon Gumbostrandissa Caj Bremer: noin 100 kuvaa Suomesta - n\u00e4yttely\u00e4 katsomassa ja akateemikkoa jututtamassa.","robots":{"index":"index","follow":"follow","max-snippet":"max-snippet:-1","max-image-preview":"max-image-preview:large","max-video-preview":"max-video-preview:-1"},"canonical":"https:\/\/www.remonen.fi\/WP\/blogi\/bremer-vanhempi\/","og_locale":"fi_FI","og_type":"article","og_title":"Bremer vanhempi &#187; remonen.fi","og_description":"Sipoon Gumbostrandissa Caj Bremer: noin 100 kuvaa Suomesta - n\u00e4yttely\u00e4 katsomassa ja akateemikkoa jututtamassa.","og_url":"https:\/\/www.remonen.fi\/WP\/blogi\/bremer-vanhempi\/","og_site_name":"remonen.fi","article_published_time":"2018-01-13T17:43:00+00:00","og_image":[{"width":1280,"height":853,"url":"https:\/\/www.remonen.fi\/WP\/wp-content\/uploads\/2018\/01\/caj_bremer_2018-6.jpg","type":"image\/jpeg"}],"author":"Matti Remonen","twitter_misc":{"Kirjoittanut":"Matti Remonen","Arvioitu lukuaika":"2 minuuttia"},"schema":{"@context":"https:\/\/schema.org","@graph":[{"@type":"Article","@id":"https:\/\/www.remonen.fi\/WP\/blogi\/bremer-vanhempi\/#article","isPartOf":{"@id":"https:\/\/www.remonen.fi\/WP\/blogi\/bremer-vanhempi\/"},"author":{"name":"Matti Remonen","@id":"https:\/\/www.remonen.fi\/WP\/#\/schema\/person\/1803c23d1d4f6722054eb2ac7f7a97cd"},"headline":"Bremer vanhempi","datePublished":"2018-01-13T17:43:00+00:00","mainEntityOfPage":{"@id":"https:\/\/www.remonen.fi\/WP\/blogi\/bremer-vanhempi\/"},"wordCount":376,"commentCount":0,"publisher":{"@id":"https:\/\/www.remonen.fi\/WP\/#\/schema\/person\/1803c23d1d4f6722054eb2ac7f7a97cd"},"image":{"@id":"https:\/\/www.remonen.fi\/WP\/blogi\/bremer-vanhempi\/#primaryimage"},"thumbnailUrl":"https:\/\/www.remonen.fi\/WP\/wp-content\/uploads\/2018\/01\/caj_bremer_2018-6.jpg","keywords":["Caj Bremer","Gumbostrand"],"articleSection":["Blog"],"inLanguage":"fi","potentialAction":[{"@type":"CommentAction","name":"Comment","target":["https:\/\/www.remonen.fi\/WP\/blogi\/bremer-vanhempi\/#respond"]}]},{"@type":"WebPage","@id":"https:\/\/www.remonen.fi\/WP\/blogi\/bremer-vanhempi\/","url":"https:\/\/www.remonen.fi\/WP\/blogi\/bremer-vanhempi\/","name":"Bremer vanhempi &#187; remonen.fi","isPartOf":{"@id":"https:\/\/www.remonen.fi\/WP\/#website"},"primaryImageOfPage":{"@id":"https:\/\/www.remonen.fi\/WP\/blogi\/bremer-vanhempi\/#primaryimage"},"image":{"@id":"https:\/\/www.remonen.fi\/WP\/blogi\/bremer-vanhempi\/#primaryimage"},"thumbnailUrl":"https:\/\/www.remonen.fi\/WP\/wp-content\/uploads\/2018\/01\/caj_bremer_2018-6.jpg","datePublished":"2018-01-13T17:43:00+00:00","description":"Sipoon Gumbostrandissa Caj Bremer: noin 100 kuvaa Suomesta - n\u00e4yttely\u00e4 katsomassa ja akateemikkoa jututtamassa.","breadcrumb":{"@id":"https:\/\/www.remonen.fi\/WP\/blogi\/bremer-vanhempi\/#breadcrumb"},"inLanguage":"fi","potentialAction":[{"@type":"ReadAction","target":["https:\/\/www.remonen.fi\/WP\/blogi\/bremer-vanhempi\/"]}]},{"@type":"ImageObject","inLanguage":"fi","@id":"https:\/\/www.remonen.fi\/WP\/blogi\/bremer-vanhempi\/#primaryimage","url":"https:\/\/www.remonen.fi\/WP\/wp-content\/uploads\/2018\/01\/caj_bremer_2018-6.jpg","contentUrl":"https:\/\/www.remonen.fi\/WP\/wp-content\/uploads\/2018\/01\/caj_bremer_2018-6.jpg","width":1280,"height":853,"caption":"[exif id=\"8882\"]"},{"@type":"BreadcrumbList","@id":"https:\/\/www.remonen.fi\/WP\/blogi\/bremer-vanhempi\/#breadcrumb","itemListElement":[{"@type":"ListItem","position":1,"name":"Etusivu","item":"https:\/\/www.remonen.fi\/WP\/"},{"@type":"ListItem","position":2,"name":"Bremer vanhempi"}]},{"@type":"WebSite","@id":"https:\/\/www.remonen.fi\/WP\/#website","url":"https:\/\/www.remonen.fi\/WP\/","name":"remonen.fi","description":"Valokuvia ja tarinaa laidasta laitaan","publisher":{"@id":"https:\/\/www.remonen.fi\/WP\/#\/schema\/person\/1803c23d1d4f6722054eb2ac7f7a97cd"},"potentialAction":[{"@type":"SearchAction","target":{"@type":"EntryPoint","urlTemplate":"https:\/\/www.remonen.fi\/WP\/?s={search_term_string}"},"query-input":{"@type":"PropertyValueSpecification","valueRequired":true,"valueName":"search_term_string"}}],"inLanguage":"fi"},{"@type":["Person","Organization"],"@id":"https:\/\/www.remonen.fi\/WP\/#\/schema\/person\/1803c23d1d4f6722054eb2ac7f7a97cd","name":"Matti Remonen","logo":{"@id":"https:\/\/www.remonen.fi\/WP\/#\/schema\/person\/image\/"},"url":"https:\/\/www.remonen.fi\/WP\/blogi\/author\/mre\/"}]}},"_links":{"self":[{"href":"https:\/\/www.remonen.fi\/WP\/wp-json\/wp\/v2\/posts\/8881"}],"collection":[{"href":"https:\/\/www.remonen.fi\/WP\/wp-json\/wp\/v2\/posts"}],"about":[{"href":"https:\/\/www.remonen.fi\/WP\/wp-json\/wp\/v2\/types\/post"}],"author":[{"embeddable":true,"href":"https:\/\/www.remonen.fi\/WP\/wp-json\/wp\/v2\/users\/2"}],"replies":[{"embeddable":true,"href":"https:\/\/www.remonen.fi\/WP\/wp-json\/wp\/v2\/comments?post=8881"}],"version-history":[{"count":5,"href":"https:\/\/www.remonen.fi\/WP\/wp-json\/wp\/v2\/posts\/8881\/revisions"}],"predecessor-version":[{"id":8892,"href":"https:\/\/www.remonen.fi\/WP\/wp-json\/wp\/v2\/posts\/8881\/revisions\/8892"}],"wp:featuredmedia":[{"embeddable":true,"href":"https:\/\/www.remonen.fi\/WP\/wp-json\/wp\/v2\/media\/8882"}],"wp:attachment":[{"href":"https:\/\/www.remonen.fi\/WP\/wp-json\/wp\/v2\/media?parent=8881"}],"wp:term":[{"taxonomy":"category","embeddable":true,"href":"https:\/\/www.remonen.fi\/WP\/wp-json\/wp\/v2\/categories?post=8881"},{"taxonomy":"post_tag","embeddable":true,"href":"https:\/\/www.remonen.fi\/WP\/wp-json\/wp\/v2\/tags?post=8881"}],"curies":[{"name":"wp","href":"https:\/\/api.w.org\/{rel}","templated":true}]}}