{"id":8895,"date":"2018-01-21T19:56:20","date_gmt":"2018-01-21T17:56:20","guid":{"rendered":"http:\/\/www.remonen.fi\/?p=8895"},"modified":"2018-01-21T19:56:20","modified_gmt":"2018-01-21T17:56:20","slug":"taidetta-kerrakseen-vol-1","status":"publish","type":"post","link":"https:\/\/www.remonen.fi\/WP\/blogi\/taidetta-kerrakseen-vol-1\/","title":{"rendered":"Taidetta kerrakseen, vol.1"},"content":{"rendered":"<p>Taas alkoi uusi vuosi ja uuden vuoden mukana uudet (ty\u00f6v\u00e4enopisto)kujeet. T\u00e4ll\u00e4 kertaa hain ja p\u00e4\u00e4sinkin Vantaan aikuisopiston j\u00e4rjest\u00e4m\u00e4lle Valokuvan\u00e4yttelykurssille, jota vet\u00e4\u00e4 valokuvaaja ja valokuvataiteilija <a href=\"http:\/\/www.lauranissinen.com\/\" target=\"_blank\" rel=\"noopener\">Laura Nissinen<\/a>. Kurssin aikana kierr\u00e4mme eri valokuvan\u00e4yttelyit\u00e4 gallerioissa ja museoissa ja perehdymme valokuvataiteeseen ja taiteilijoihin.<\/p>\n<p>Nyt ensimm\u00e4isell\u00e4 kerralla kiersimmekin Helsingin keskustassa nelj\u00e4 eri galleriaa ja itse asiassa viisi eri n\u00e4yttely\u00e4. Jos tuosta ei p\u00e4\u00e4 mene sekaisin, niin ei sitten mist\u00e4\u00e4n. Ensimm\u00e4iseksi kohteeksi oli valikoitunut jo etabloitunut, Valokuvataiteilijoiden liiton <a href=\"http:\/\/hippolyte.fi\/\" target=\"_blank\" rel=\"noopener\">Hippolyte<\/a>, jossa on viel\u00e4 28.1. asti <a href=\"http:\/\/www.kuvataiteilijamatrikkeli.fi\/fi\/taiteilijat\/2009\" target=\"_blank\" rel=\"noopener\">Kari Soinion<\/a> n\u00e4yttely <a href=\"http:\/\/hippolyte.fi\/nayttely\/5-28-1-2018-kari-soinio\/\" target=\"_blank\" rel=\"noopener\">&#8221;Sankari katsoo peiliin&#8221;<\/a>. Lis\u00e4ksi pikkutilassa on <a href=\"http:\/\/www.noorasandgren.com\/\" target=\"_blank\" rel=\"noopener\">Noora Sandgrenin<\/a> n\u00e4yttely <a href=\"http:\/\/hippolyte.fi\/nayttely\/5-28-1-2018-noora-sandgren\/\" target=\"_blank\" rel=\"noopener\">&#8221;Let&#8221;<\/a>. Niinik\u00e4\u00e4n 28.1.2018 asti.<\/p>\n<p>Kari Soinio tutkii omissa t\u00f6iss\u00e4\u00e4n omaa kehoaan l\u00e4hestyen sit\u00e4 kriittisesti. Mielenkiintoista kuvaa ja taitelijalle terapeuttista, mutta ei nyt kuitenkaan ehk\u00e4 meid\u00e4n olohuoneen sein\u00e4lle. Kun saman n\u00e4kee omastakin peilist\u00e4&#8230;<\/p>\n<p><div id=\"attachment_8897\" style=\"width: 596px\" class=\"wp-caption aligncenter\"><a href=\"https:\/\/www.remonen.fi\/WP\/wp-content\/uploads\/2018\/01\/taidetta_kerrakseen_vol_1-1.jpg\"><img loading=\"lazy\" decoding=\"async\" aria-describedby=\"caption-attachment-8897\" class=\"wp-image-8897\" title=\"Taken: 20 tammikuun, 2018 | Copyright: (c) Matti Remonen | \" src=\"https:\/\/www.remonen.fi\/WP\/wp-content\/uploads\/2018\/01\/taidetta_kerrakseen_vol_1-1.jpg\" alt=\"Kari Soinio - Galleria Anhava\" width=\"586\" height=\"880\" srcset=\"https:\/\/www.remonen.fi\/WP\/wp-content\/uploads\/2018\/01\/taidetta_kerrakseen_vol_1-1.jpg 853w, https:\/\/www.remonen.fi\/WP\/wp-content\/uploads\/2018\/01\/taidetta_kerrakseen_vol_1-1-200x300.jpg 200w, https:\/\/www.remonen.fi\/WP\/wp-content\/uploads\/2018\/01\/taidetta_kerrakseen_vol_1-1-453x680.jpg 453w, https:\/\/www.remonen.fi\/WP\/wp-content\/uploads\/2018\/01\/taidetta_kerrakseen_vol_1-1-768x1152.jpg 768w, https:\/\/www.remonen.fi\/WP\/wp-content\/uploads\/2018\/01\/taidetta_kerrakseen_vol_1-1-682x1024.jpg 682w, https:\/\/www.remonen.fi\/WP\/wp-content\/uploads\/2018\/01\/taidetta_kerrakseen_vol_1-1-440x660.jpg 440w, https:\/\/www.remonen.fi\/WP\/wp-content\/uploads\/2018\/01\/taidetta_kerrakseen_vol_1-1-300x450.jpg 300w\" sizes=\"(max-width: 586px) 100vw, 586px\" \/><\/a><p id=\"caption-attachment-8897\" class=\"wp-caption-text\">Kari Soinio<\/p><\/div>Noora Sandgren on taas ottanyt l\u00e4hestymistavakseen kosketuksen teeman. Kuvat ovat syntyneet valokuvapaperille ilman kameraa, vain kehon vuorovaikutuksen tuloksena. Kuvat ovat eritt\u00e4in abstrakteja mutta samalla my\u00f6s hyvin mielenkiintoisia. T\u00e4llaisen voisi jo sein\u00e4lleen laittaakin.<\/p>\n<p><div id=\"attachment_8900\" style=\"width: 596px\" class=\"wp-caption aligncenter\"><a href=\"https:\/\/www.remonen.fi\/WP\/wp-content\/uploads\/2018\/01\/taidetta_kerrakseen_vol_1-4.jpg\"><img loading=\"lazy\" decoding=\"async\" aria-describedby=\"caption-attachment-8900\" class=\"wp-image-8900\" title=\"Taken: 20 tammikuun, 2018 | Copyright: (c) Matti Remonen | \" src=\"https:\/\/www.remonen.fi\/WP\/wp-content\/uploads\/2018\/01\/taidetta_kerrakseen_vol_1-4.jpg\" alt=\"Noora Sandgren - Galleria Anhava\" width=\"586\" height=\"880\" srcset=\"https:\/\/www.remonen.fi\/WP\/wp-content\/uploads\/2018\/01\/taidetta_kerrakseen_vol_1-4.jpg 853w, https:\/\/www.remonen.fi\/WP\/wp-content\/uploads\/2018\/01\/taidetta_kerrakseen_vol_1-4-200x300.jpg 200w, https:\/\/www.remonen.fi\/WP\/wp-content\/uploads\/2018\/01\/taidetta_kerrakseen_vol_1-4-453x680.jpg 453w, https:\/\/www.remonen.fi\/WP\/wp-content\/uploads\/2018\/01\/taidetta_kerrakseen_vol_1-4-768x1152.jpg 768w, https:\/\/www.remonen.fi\/WP\/wp-content\/uploads\/2018\/01\/taidetta_kerrakseen_vol_1-4-682x1024.jpg 682w, https:\/\/www.remonen.fi\/WP\/wp-content\/uploads\/2018\/01\/taidetta_kerrakseen_vol_1-4-440x660.jpg 440w, https:\/\/www.remonen.fi\/WP\/wp-content\/uploads\/2018\/01\/taidetta_kerrakseen_vol_1-4-300x450.jpg 300w\" sizes=\"(max-width: 586px) 100vw, 586px\" \/><\/a><p id=\"caption-attachment-8900\" class=\"wp-caption-text\">Noora Sandgren<\/p><\/div>Hippolytesta siirryimme katsomaan <a href=\"http:\/\/www.elinabrotherus.com\/\" target=\"_blank\" rel=\"noopener\">Elina Brotheruksen<\/a> n\u00e4yttely\u00e4 <a href=\"http:\/\/www.galleriaheino.fi\/\" target=\"_blank\" rel=\"noopener\">Galleria Heinoon<\/a>. Elina Brotherushan on t\u00e4ll\u00e4 hetkell\u00e4 ehk\u00e4 kansainv\u00e4lisesti tunnetuin suomalainen valokuvataiteilija ja h\u00e4nen kuviaan on n\u00e4hty mm. Pariisin Pompidou-keskuksessa. Brotheruksen kuvissa esiintyy yleens\u00e4 h\u00e4n itse. Nyt n\u00e4ytteill\u00e4 olevissa <a href=\"http:\/\/www.galleriaheino.fi\/index.php?k=20065\" target=\"_blank\" rel=\"noopener\">&#8221;R\u00e8gle du jeu&#8221;<\/a>-sarjan kuvissa Elinan seurassa n\u00e4hd\u00e4\u00e4n tanssija Vera Nevanlinna. Olen n\u00e4it\u00e4 kuvia tutkinut jo aiemminkin, mutta vasta nyt kuvat aukesivat kunnolla, kun p\u00e4\u00e4si lukemaan kuvien yhteyteen kuuluvan selityksen. T\u00e4h\u00e4n asti n\u00e4m\u00e4 kuvat ovat olleet minulle hieman yhdentekevi\u00e4, mutta t\u00e4m\u00e4 galleriassa k\u00e4ynti muutti kyll\u00e4 k\u00e4sitykseni n\u00e4ist\u00e4 t\u00e4ysin. Suosittelen. N\u00e4yttely on avoinna 4.2.2018 asti.<\/p>\n<p><div id=\"attachment_8903\" style=\"width: 596px\" class=\"wp-caption aligncenter\"><a href=\"https:\/\/www.remonen.fi\/WP\/wp-content\/uploads\/2018\/01\/taidetta_kerrakseen_vol_1-7.jpg\"><img loading=\"lazy\" decoding=\"async\" aria-describedby=\"caption-attachment-8903\" class=\"wp-image-8903\" title=\"Taken: 20 tammikuun, 2018 | Copyright: (c) Matti Remonen | \" src=\"https:\/\/www.remonen.fi\/WP\/wp-content\/uploads\/2018\/01\/taidetta_kerrakseen_vol_1-7.jpg\" alt=\"Elina Brotherus - Galleria Heino\" width=\"586\" height=\"880\" srcset=\"https:\/\/www.remonen.fi\/WP\/wp-content\/uploads\/2018\/01\/taidetta_kerrakseen_vol_1-7.jpg 853w, https:\/\/www.remonen.fi\/WP\/wp-content\/uploads\/2018\/01\/taidetta_kerrakseen_vol_1-7-200x300.jpg 200w, https:\/\/www.remonen.fi\/WP\/wp-content\/uploads\/2018\/01\/taidetta_kerrakseen_vol_1-7-453x680.jpg 453w, https:\/\/www.remonen.fi\/WP\/wp-content\/uploads\/2018\/01\/taidetta_kerrakseen_vol_1-7-768x1152.jpg 768w, https:\/\/www.remonen.fi\/WP\/wp-content\/uploads\/2018\/01\/taidetta_kerrakseen_vol_1-7-682x1024.jpg 682w, https:\/\/www.remonen.fi\/WP\/wp-content\/uploads\/2018\/01\/taidetta_kerrakseen_vol_1-7-440x660.jpg 440w, https:\/\/www.remonen.fi\/WP\/wp-content\/uploads\/2018\/01\/taidetta_kerrakseen_vol_1-7-300x450.jpg 300w\" sizes=\"(max-width: 586px) 100vw, 586px\" \/><\/a><p id=\"caption-attachment-8903\" class=\"wp-caption-text\">Elina Brotherus<\/p><\/div>Kuka tekee ty\u00f6ns\u00e4 hyvin, se saa lis\u00e4\u00e4 hommia. N\u00e4inh\u00e4n k\u00e4vi meillekin. Koska olimme suoriutuneet kahdesta galleriak\u00e4ynnist\u00e4 enn\u00e4tysajassa, rangaistuksena saimme ylim\u00e4\u00e4r\u00e4isen kierroksen ja suuntasimme <a href=\"https:\/\/helsinkicontemporary.com\/\" target=\"_blank\" rel=\"noopener\">Helsinki Contemporary<\/a> -galleriaan katsomaan siell\u00e4 olevan <a href=\"http:\/\/www.villeandersson.com\/\" target=\"_blank\" rel=\"noopener\">Ville Anderssonin<\/a> niinik\u00e4\u00e4n 4.2.2018 asti avoinna olevan <a href=\"https:\/\/helsinkicontemporary.com\/exhibition\/i-cant-go-on-i-will-go-on\" target=\"_blank\" rel=\"noopener\">&#8221;I can&#8217;t go on &#8211; I will go on&#8221;<\/a> -n\u00e4yttelyn. T\u00e4m\u00e4 n\u00e4yttely teki minuun ehk\u00e4 suurimman vaikutuksen t\u00e4lt\u00e4 kierrokselta. Jotenkin Villen abstraktit high-key -kuvat toimivat minulla. Samoin galleriamilj\u00f6\u00f6 tuki kuvia loistavasti. Ehdottomasti k\u00e4ymisen arvoinen.<\/p>\n<p><div id=\"attachment_8904\" style=\"width: 890px\" class=\"wp-caption aligncenter\"><a href=\"https:\/\/www.remonen.fi\/WP\/wp-content\/uploads\/2018\/01\/taidetta_kerrakseen_vol_1-8.jpg\"><img loading=\"lazy\" decoding=\"async\" aria-describedby=\"caption-attachment-8904\" class=\"wp-image-8904\" title=\"Taken: 20 tammikuun, 2018 | Copyright: (c) Matti Remonen | \" src=\"https:\/\/www.remonen.fi\/WP\/wp-content\/uploads\/2018\/01\/taidetta_kerrakseen_vol_1-8.jpg\" alt=\"Ville Andersson - Helsinki Contemporary\" width=\"880\" height=\"586\" srcset=\"https:\/\/www.remonen.fi\/WP\/wp-content\/uploads\/2018\/01\/taidetta_kerrakseen_vol_1-8.jpg 1280w, https:\/\/www.remonen.fi\/WP\/wp-content\/uploads\/2018\/01\/taidetta_kerrakseen_vol_1-8-300x200.jpg 300w, https:\/\/www.remonen.fi\/WP\/wp-content\/uploads\/2018\/01\/taidetta_kerrakseen_vol_1-8-680x453.jpg 680w, https:\/\/www.remonen.fi\/WP\/wp-content\/uploads\/2018\/01\/taidetta_kerrakseen_vol_1-8-768x512.jpg 768w, https:\/\/www.remonen.fi\/WP\/wp-content\/uploads\/2018\/01\/taidetta_kerrakseen_vol_1-8-1024x682.jpg 1024w, https:\/\/www.remonen.fi\/WP\/wp-content\/uploads\/2018\/01\/taidetta_kerrakseen_vol_1-8-440x293.jpg 440w, https:\/\/www.remonen.fi\/WP\/wp-content\/uploads\/2018\/01\/taidetta_kerrakseen_vol_1-8-960x640.jpg 960w\" sizes=\"(max-width: 880px) 100vw, 880px\" \/><\/a><p id=\"caption-attachment-8904\" class=\"wp-caption-text\">Ville Andersson<\/p><\/div>Lopuksi sitten menimme viel\u00e4 <a href=\"http:\/\/www.anhava.com\/\" target=\"_blank\" rel=\"noopener\">Galleria Anhavaan<\/a> katsomaan <a href=\"http:\/\/helsinkischool.fi\/artists\/jorma-puranen\/statement\/36\" target=\"_blank\" rel=\"noopener\">Jorma Purasen<\/a> n\u00e4yttelyn <a href=\"http:\/\/www.anhava.com\/exhibition.php?id=328&amp;action=2&amp;exhib_type=0\" target=\"_blank\" rel=\"noopener\">&#8221;Memorandum of Loss&#8221;<\/a>, joka sekin on n\u00e4ytill\u00e4 4.2.2018 asti. Joten aikaa viel\u00e4 on. N\u00e4yttelyteoksissaan Jorma pohdiskelee kaiken katoamista. Kuvatkin katoavat aikanaan, tai jos eiv\u00e4t katoa, niiden merkitys saattaa kadota. Ehk\u00e4 eniten kosketti kuvat Fritdjof Nansenin retkikunnasta Etel\u00e4mantereelle. Valokuvien ottaminen ja niiden s\u00e4ilytt\u00e4minen oli aikanaan napatutkijoille niin t\u00e4rke\u00e4 asia, ett\u00e4 sen eteen riskeerattiin jopa oma henki. Mutta katsooko niit\u00e4 kuvia en\u00e4\u00e4 kukaan?<\/p>\n<p><div id=\"attachment_8896\" style=\"width: 890px\" class=\"wp-caption aligncenter\"><a href=\"https:\/\/www.remonen.fi\/WP\/wp-content\/uploads\/2018\/01\/taidetta_kerrakseen_vol_1-9.jpg\"><img loading=\"lazy\" decoding=\"async\" aria-describedby=\"caption-attachment-8896\" class=\"wp-image-8896\" title=\"Taken: 20 tammikuun, 2018 | Copyright: (c) Matti Remonen | \" src=\"https:\/\/www.remonen.fi\/WP\/wp-content\/uploads\/2018\/01\/taidetta_kerrakseen_vol_1-9.jpg\" alt=\"Jorma Puranen - Galleria Anhava\" width=\"880\" height=\"586\" srcset=\"https:\/\/www.remonen.fi\/WP\/wp-content\/uploads\/2018\/01\/taidetta_kerrakseen_vol_1-9.jpg 1280w, https:\/\/www.remonen.fi\/WP\/wp-content\/uploads\/2018\/01\/taidetta_kerrakseen_vol_1-9-300x200.jpg 300w, https:\/\/www.remonen.fi\/WP\/wp-content\/uploads\/2018\/01\/taidetta_kerrakseen_vol_1-9-680x453.jpg 680w, https:\/\/www.remonen.fi\/WP\/wp-content\/uploads\/2018\/01\/taidetta_kerrakseen_vol_1-9-768x512.jpg 768w, https:\/\/www.remonen.fi\/WP\/wp-content\/uploads\/2018\/01\/taidetta_kerrakseen_vol_1-9-1024x682.jpg 1024w, https:\/\/www.remonen.fi\/WP\/wp-content\/uploads\/2018\/01\/taidetta_kerrakseen_vol_1-9-440x293.jpg 440w, https:\/\/www.remonen.fi\/WP\/wp-content\/uploads\/2018\/01\/taidetta_kerrakseen_vol_1-9-960x640.jpg 960w\" sizes=\"(max-width: 880px) 100vw, 880px\" \/><\/a><p id=\"caption-attachment-8896\" class=\"wp-caption-text\">Jorma Puranen<\/p><\/div>T\u00e4st\u00e4 taidepl\u00e4j\u00e4yksest\u00e4 voipuneina hoipuimme sitten <a href=\"http:\/\/www.grandelicato.fi\/\" target=\"_blank\" rel=\"noopener\">Gran Delicatoon<\/a> kahville k\u00e4ym\u00e4\u00e4n l\u00e4pi mit\u00e4 olimme n\u00e4hneet ja kokeneet muutaman tunnin aikana. T\u00e4ytyy sanoa, ett\u00e4 t\u00e4m\u00e4 on kyll\u00e4 k\u00e4ymist\u00e4ni ty\u00f6v\u00e4enopiston kursseista TOP-3 -listalla. Jos ei jopa ihan k\u00e4rjess\u00e4.<\/p>\n<p>Gallerioita kiersi Sony a6000 + SEL24f18<\/p>\n","protected":false},"excerpt":{"rendered":"<p>Taas alkoi uusi vuosi ja uuden vuoden mukana uudet (ty\u00f6v\u00e4enopisto)kujeet. T\u00e4ll\u00e4 kertaa hain ja p\u00e4\u00e4sinkin Vantaan aikuisopiston j\u00e4rjest\u00e4m\u00e4lle Valokuvan\u00e4yttelykurssille, jota vet\u00e4\u00e4 valokuvaaja ja valokuvataiteilija Laura Nissinen. Kurssin aikana kierr\u00e4mme eri valokuvan\u00e4yttelyit\u00e4 gallerioissa ja museoissa ja perehdymme valokuvataiteeseen ja taiteilijoihin. Nyt ensimm\u00e4isell\u00e4 kerralla kiersimmekin Helsingin keskustassa nelj\u00e4 eri galleriaa ja itse asiassa viisi eri n\u00e4yttely\u00e4. Jos [&hellip;]<\/p>\n","protected":false},"author":2,"featured_media":8896,"comment_status":"open","ping_status":"closed","sticky":false,"template":"","format":"standard","meta":{"footnotes":""},"categories":[16],"tags":[336,210],"yoast_head":"<!-- This site is optimized with the Yoast SEO plugin v24.5 - https:\/\/yoast.com\/wordpress\/plugins\/seo\/ -->\n<title>Taidetta kerrakseen, vol.1 &#187; remonen.fi<\/title>\n<meta name=\"description\" content=\"Vantaan aikuisopiston Valokuvan\u00e4yttelykurssin ensimm\u00e4isell\u00e4 kerralla k\u00e4vimme kiert\u00e4m\u00e4ss\u00e4 viisi valokuvan\u00e4yttely\u00e4 nelj\u00e4ss\u00e4 galleriassa. Taidetta kerrakseen, vol 1...\" \/>\n<meta name=\"robots\" content=\"index, follow, max-snippet:-1, max-image-preview:large, max-video-preview:-1\" \/>\n<link rel=\"canonical\" href=\"https:\/\/www.remonen.fi\/WP\/blogi\/taidetta-kerrakseen-vol-1\/\" \/>\n<meta property=\"og:locale\" content=\"fi_FI\" \/>\n<meta property=\"og:type\" content=\"article\" \/>\n<meta property=\"og:title\" content=\"Taidetta kerrakseen, vol.1 &#187; remonen.fi\" \/>\n<meta property=\"og:description\" content=\"Vantaan aikuisopiston Valokuvan\u00e4yttelykurssin ensimm\u00e4isell\u00e4 kerralla k\u00e4vimme kiert\u00e4m\u00e4ss\u00e4 viisi valokuvan\u00e4yttely\u00e4 nelj\u00e4ss\u00e4 galleriassa. Taidetta kerrakseen, vol 1...\" \/>\n<meta property=\"og:url\" content=\"https:\/\/www.remonen.fi\/WP\/blogi\/taidetta-kerrakseen-vol-1\/\" \/>\n<meta property=\"og:site_name\" content=\"remonen.fi\" \/>\n<meta property=\"article:published_time\" content=\"2018-01-21T17:56:20+00:00\" \/>\n<meta property=\"og:image\" content=\"https:\/\/www.remonen.fi\/WP\/wp-content\/uploads\/2018\/01\/taidetta_kerrakseen_vol_1-9.jpg\" \/>\n\t<meta property=\"og:image:width\" content=\"1280\" \/>\n\t<meta property=\"og:image:height\" content=\"853\" \/>\n\t<meta property=\"og:image:type\" content=\"image\/jpeg\" \/>\n<meta name=\"author\" content=\"Matti Remonen\" \/>\n<meta name=\"twitter:label1\" content=\"Kirjoittanut\" \/>\n\t<meta name=\"twitter:data1\" content=\"Matti Remonen\" \/>\n\t<meta name=\"twitter:label2\" content=\"Arvioitu lukuaika\" \/>\n\t<meta name=\"twitter:data2\" content=\"3 minuuttia\" \/>\n<script type=\"application\/ld+json\" class=\"yoast-schema-graph\">{\"@context\":\"https:\/\/schema.org\",\"@graph\":[{\"@type\":\"Article\",\"@id\":\"https:\/\/www.remonen.fi\/WP\/blogi\/taidetta-kerrakseen-vol-1\/#article\",\"isPartOf\":{\"@id\":\"https:\/\/www.remonen.fi\/WP\/blogi\/taidetta-kerrakseen-vol-1\/\"},\"author\":{\"name\":\"Matti Remonen\",\"@id\":\"https:\/\/www.remonen.fi\/WP\/#\/schema\/person\/1803c23d1d4f6722054eb2ac7f7a97cd\"},\"headline\":\"Taidetta kerrakseen, vol.1\",\"datePublished\":\"2018-01-21T17:56:20+00:00\",\"mainEntityOfPage\":{\"@id\":\"https:\/\/www.remonen.fi\/WP\/blogi\/taidetta-kerrakseen-vol-1\/\"},\"wordCount\":555,\"commentCount\":0,\"publisher\":{\"@id\":\"https:\/\/www.remonen.fi\/WP\/#\/schema\/person\/1803c23d1d4f6722054eb2ac7f7a97cd\"},\"image\":{\"@id\":\"https:\/\/www.remonen.fi\/WP\/blogi\/taidetta-kerrakseen-vol-1\/#primaryimage\"},\"thumbnailUrl\":\"https:\/\/www.remonen.fi\/WP\/wp-content\/uploads\/2018\/01\/taidetta_kerrakseen_vol_1-9.jpg\",\"keywords\":[\"Galleria\",\"Ty\u00f6v\u00e4enopisto\"],\"articleSection\":[\"Blog\"],\"inLanguage\":\"fi\",\"potentialAction\":[{\"@type\":\"CommentAction\",\"name\":\"Comment\",\"target\":[\"https:\/\/www.remonen.fi\/WP\/blogi\/taidetta-kerrakseen-vol-1\/#respond\"]}]},{\"@type\":\"WebPage\",\"@id\":\"https:\/\/www.remonen.fi\/WP\/blogi\/taidetta-kerrakseen-vol-1\/\",\"url\":\"https:\/\/www.remonen.fi\/WP\/blogi\/taidetta-kerrakseen-vol-1\/\",\"name\":\"Taidetta kerrakseen, vol.1 &#187; remonen.fi\",\"isPartOf\":{\"@id\":\"https:\/\/www.remonen.fi\/WP\/#website\"},\"primaryImageOfPage\":{\"@id\":\"https:\/\/www.remonen.fi\/WP\/blogi\/taidetta-kerrakseen-vol-1\/#primaryimage\"},\"image\":{\"@id\":\"https:\/\/www.remonen.fi\/WP\/blogi\/taidetta-kerrakseen-vol-1\/#primaryimage\"},\"thumbnailUrl\":\"https:\/\/www.remonen.fi\/WP\/wp-content\/uploads\/2018\/01\/taidetta_kerrakseen_vol_1-9.jpg\",\"datePublished\":\"2018-01-21T17:56:20+00:00\",\"description\":\"Vantaan aikuisopiston Valokuvan\u00e4yttelykurssin ensimm\u00e4isell\u00e4 kerralla k\u00e4vimme kiert\u00e4m\u00e4ss\u00e4 viisi valokuvan\u00e4yttely\u00e4 nelj\u00e4ss\u00e4 galleriassa. Taidetta kerrakseen, vol 1...\",\"breadcrumb\":{\"@id\":\"https:\/\/www.remonen.fi\/WP\/blogi\/taidetta-kerrakseen-vol-1\/#breadcrumb\"},\"inLanguage\":\"fi\",\"potentialAction\":[{\"@type\":\"ReadAction\",\"target\":[\"https:\/\/www.remonen.fi\/WP\/blogi\/taidetta-kerrakseen-vol-1\/\"]}]},{\"@type\":\"ImageObject\",\"inLanguage\":\"fi\",\"@id\":\"https:\/\/www.remonen.fi\/WP\/blogi\/taidetta-kerrakseen-vol-1\/#primaryimage\",\"url\":\"https:\/\/www.remonen.fi\/WP\/wp-content\/uploads\/2018\/01\/taidetta_kerrakseen_vol_1-9.jpg\",\"contentUrl\":\"https:\/\/www.remonen.fi\/WP\/wp-content\/uploads\/2018\/01\/taidetta_kerrakseen_vol_1-9.jpg\",\"width\":1280,\"height\":853,\"caption\":\"[exif id=\\\"8896\\\"]\"},{\"@type\":\"BreadcrumbList\",\"@id\":\"https:\/\/www.remonen.fi\/WP\/blogi\/taidetta-kerrakseen-vol-1\/#breadcrumb\",\"itemListElement\":[{\"@type\":\"ListItem\",\"position\":1,\"name\":\"Etusivu\",\"item\":\"https:\/\/www.remonen.fi\/WP\/\"},{\"@type\":\"ListItem\",\"position\":2,\"name\":\"Taidetta kerrakseen, vol.1\"}]},{\"@type\":\"WebSite\",\"@id\":\"https:\/\/www.remonen.fi\/WP\/#website\",\"url\":\"https:\/\/www.remonen.fi\/WP\/\",\"name\":\"remonen.fi\",\"description\":\"Valokuvia ja tarinaa laidasta laitaan\",\"publisher\":{\"@id\":\"https:\/\/www.remonen.fi\/WP\/#\/schema\/person\/1803c23d1d4f6722054eb2ac7f7a97cd\"},\"potentialAction\":[{\"@type\":\"SearchAction\",\"target\":{\"@type\":\"EntryPoint\",\"urlTemplate\":\"https:\/\/www.remonen.fi\/WP\/?s={search_term_string}\"},\"query-input\":{\"@type\":\"PropertyValueSpecification\",\"valueRequired\":true,\"valueName\":\"search_term_string\"}}],\"inLanguage\":\"fi\"},{\"@type\":[\"Person\",\"Organization\"],\"@id\":\"https:\/\/www.remonen.fi\/WP\/#\/schema\/person\/1803c23d1d4f6722054eb2ac7f7a97cd\",\"name\":\"Matti Remonen\",\"logo\":{\"@id\":\"https:\/\/www.remonen.fi\/WP\/#\/schema\/person\/image\/\"},\"url\":\"https:\/\/www.remonen.fi\/WP\/blogi\/author\/mre\/\"}]}<\/script>\n<!-- \/ Yoast SEO plugin. -->","yoast_head_json":{"title":"Taidetta kerrakseen, vol.1 &#187; remonen.fi","description":"Vantaan aikuisopiston Valokuvan\u00e4yttelykurssin ensimm\u00e4isell\u00e4 kerralla k\u00e4vimme kiert\u00e4m\u00e4ss\u00e4 viisi valokuvan\u00e4yttely\u00e4 nelj\u00e4ss\u00e4 galleriassa. Taidetta kerrakseen, vol 1...","robots":{"index":"index","follow":"follow","max-snippet":"max-snippet:-1","max-image-preview":"max-image-preview:large","max-video-preview":"max-video-preview:-1"},"canonical":"https:\/\/www.remonen.fi\/WP\/blogi\/taidetta-kerrakseen-vol-1\/","og_locale":"fi_FI","og_type":"article","og_title":"Taidetta kerrakseen, vol.1 &#187; remonen.fi","og_description":"Vantaan aikuisopiston Valokuvan\u00e4yttelykurssin ensimm\u00e4isell\u00e4 kerralla k\u00e4vimme kiert\u00e4m\u00e4ss\u00e4 viisi valokuvan\u00e4yttely\u00e4 nelj\u00e4ss\u00e4 galleriassa. Taidetta kerrakseen, vol 1...","og_url":"https:\/\/www.remonen.fi\/WP\/blogi\/taidetta-kerrakseen-vol-1\/","og_site_name":"remonen.fi","article_published_time":"2018-01-21T17:56:20+00:00","og_image":[{"width":1280,"height":853,"url":"https:\/\/www.remonen.fi\/WP\/wp-content\/uploads\/2018\/01\/taidetta_kerrakseen_vol_1-9.jpg","type":"image\/jpeg"}],"author":"Matti Remonen","twitter_misc":{"Kirjoittanut":"Matti Remonen","Arvioitu lukuaika":"3 minuuttia"},"schema":{"@context":"https:\/\/schema.org","@graph":[{"@type":"Article","@id":"https:\/\/www.remonen.fi\/WP\/blogi\/taidetta-kerrakseen-vol-1\/#article","isPartOf":{"@id":"https:\/\/www.remonen.fi\/WP\/blogi\/taidetta-kerrakseen-vol-1\/"},"author":{"name":"Matti Remonen","@id":"https:\/\/www.remonen.fi\/WP\/#\/schema\/person\/1803c23d1d4f6722054eb2ac7f7a97cd"},"headline":"Taidetta kerrakseen, vol.1","datePublished":"2018-01-21T17:56:20+00:00","mainEntityOfPage":{"@id":"https:\/\/www.remonen.fi\/WP\/blogi\/taidetta-kerrakseen-vol-1\/"},"wordCount":555,"commentCount":0,"publisher":{"@id":"https:\/\/www.remonen.fi\/WP\/#\/schema\/person\/1803c23d1d4f6722054eb2ac7f7a97cd"},"image":{"@id":"https:\/\/www.remonen.fi\/WP\/blogi\/taidetta-kerrakseen-vol-1\/#primaryimage"},"thumbnailUrl":"https:\/\/www.remonen.fi\/WP\/wp-content\/uploads\/2018\/01\/taidetta_kerrakseen_vol_1-9.jpg","keywords":["Galleria","Ty\u00f6v\u00e4enopisto"],"articleSection":["Blog"],"inLanguage":"fi","potentialAction":[{"@type":"CommentAction","name":"Comment","target":["https:\/\/www.remonen.fi\/WP\/blogi\/taidetta-kerrakseen-vol-1\/#respond"]}]},{"@type":"WebPage","@id":"https:\/\/www.remonen.fi\/WP\/blogi\/taidetta-kerrakseen-vol-1\/","url":"https:\/\/www.remonen.fi\/WP\/blogi\/taidetta-kerrakseen-vol-1\/","name":"Taidetta kerrakseen, vol.1 &#187; remonen.fi","isPartOf":{"@id":"https:\/\/www.remonen.fi\/WP\/#website"},"primaryImageOfPage":{"@id":"https:\/\/www.remonen.fi\/WP\/blogi\/taidetta-kerrakseen-vol-1\/#primaryimage"},"image":{"@id":"https:\/\/www.remonen.fi\/WP\/blogi\/taidetta-kerrakseen-vol-1\/#primaryimage"},"thumbnailUrl":"https:\/\/www.remonen.fi\/WP\/wp-content\/uploads\/2018\/01\/taidetta_kerrakseen_vol_1-9.jpg","datePublished":"2018-01-21T17:56:20+00:00","description":"Vantaan aikuisopiston Valokuvan\u00e4yttelykurssin ensimm\u00e4isell\u00e4 kerralla k\u00e4vimme kiert\u00e4m\u00e4ss\u00e4 viisi valokuvan\u00e4yttely\u00e4 nelj\u00e4ss\u00e4 galleriassa. Taidetta kerrakseen, vol 1...","breadcrumb":{"@id":"https:\/\/www.remonen.fi\/WP\/blogi\/taidetta-kerrakseen-vol-1\/#breadcrumb"},"inLanguage":"fi","potentialAction":[{"@type":"ReadAction","target":["https:\/\/www.remonen.fi\/WP\/blogi\/taidetta-kerrakseen-vol-1\/"]}]},{"@type":"ImageObject","inLanguage":"fi","@id":"https:\/\/www.remonen.fi\/WP\/blogi\/taidetta-kerrakseen-vol-1\/#primaryimage","url":"https:\/\/www.remonen.fi\/WP\/wp-content\/uploads\/2018\/01\/taidetta_kerrakseen_vol_1-9.jpg","contentUrl":"https:\/\/www.remonen.fi\/WP\/wp-content\/uploads\/2018\/01\/taidetta_kerrakseen_vol_1-9.jpg","width":1280,"height":853,"caption":"[exif id=\"8896\"]"},{"@type":"BreadcrumbList","@id":"https:\/\/www.remonen.fi\/WP\/blogi\/taidetta-kerrakseen-vol-1\/#breadcrumb","itemListElement":[{"@type":"ListItem","position":1,"name":"Etusivu","item":"https:\/\/www.remonen.fi\/WP\/"},{"@type":"ListItem","position":2,"name":"Taidetta kerrakseen, vol.1"}]},{"@type":"WebSite","@id":"https:\/\/www.remonen.fi\/WP\/#website","url":"https:\/\/www.remonen.fi\/WP\/","name":"remonen.fi","description":"Valokuvia ja tarinaa laidasta laitaan","publisher":{"@id":"https:\/\/www.remonen.fi\/WP\/#\/schema\/person\/1803c23d1d4f6722054eb2ac7f7a97cd"},"potentialAction":[{"@type":"SearchAction","target":{"@type":"EntryPoint","urlTemplate":"https:\/\/www.remonen.fi\/WP\/?s={search_term_string}"},"query-input":{"@type":"PropertyValueSpecification","valueRequired":true,"valueName":"search_term_string"}}],"inLanguage":"fi"},{"@type":["Person","Organization"],"@id":"https:\/\/www.remonen.fi\/WP\/#\/schema\/person\/1803c23d1d4f6722054eb2ac7f7a97cd","name":"Matti Remonen","logo":{"@id":"https:\/\/www.remonen.fi\/WP\/#\/schema\/person\/image\/"},"url":"https:\/\/www.remonen.fi\/WP\/blogi\/author\/mre\/"}]}},"_links":{"self":[{"href":"https:\/\/www.remonen.fi\/WP\/wp-json\/wp\/v2\/posts\/8895"}],"collection":[{"href":"https:\/\/www.remonen.fi\/WP\/wp-json\/wp\/v2\/posts"}],"about":[{"href":"https:\/\/www.remonen.fi\/WP\/wp-json\/wp\/v2\/types\/post"}],"author":[{"embeddable":true,"href":"https:\/\/www.remonen.fi\/WP\/wp-json\/wp\/v2\/users\/2"}],"replies":[{"embeddable":true,"href":"https:\/\/www.remonen.fi\/WP\/wp-json\/wp\/v2\/comments?post=8895"}],"version-history":[{"count":6,"href":"https:\/\/www.remonen.fi\/WP\/wp-json\/wp\/v2\/posts\/8895\/revisions"}],"predecessor-version":[{"id":8910,"href":"https:\/\/www.remonen.fi\/WP\/wp-json\/wp\/v2\/posts\/8895\/revisions\/8910"}],"wp:featuredmedia":[{"embeddable":true,"href":"https:\/\/www.remonen.fi\/WP\/wp-json\/wp\/v2\/media\/8896"}],"wp:attachment":[{"href":"https:\/\/www.remonen.fi\/WP\/wp-json\/wp\/v2\/media?parent=8895"}],"wp:term":[{"taxonomy":"category","embeddable":true,"href":"https:\/\/www.remonen.fi\/WP\/wp-json\/wp\/v2\/categories?post=8895"},{"taxonomy":"post_tag","embeddable":true,"href":"https:\/\/www.remonen.fi\/WP\/wp-json\/wp\/v2\/tags?post=8895"}],"curies":[{"name":"wp","href":"https:\/\/api.w.org\/{rel}","templated":true}]}}